{"id":312102,"date":"2026-07-29T09:35:11","date_gmt":"2026-07-29T09:35:11","guid":{"rendered":"https:\/\/www.europesays.com\/fi\/312102\/"},"modified":"2026-07-29T09:35:11","modified_gmt":"2026-07-29T09:35:11","slug":"merikontista-on-moneksi-tampereella-ne-taipuvat-taiteen-alustaksi-ravintoloiksi-ja-saunan-pukuhuoneiksi-kotimaa","status":"publish","type":"post","link":"https:\/\/www.europesays.com\/fi\/312102\/","title":{"rendered":"Merikontista on moneksi \u2013 Tampereella ne taipuvat taiteen alustaksi, ravintoloiksi ja saunan pukuhuoneiksi | Kotimaa"},"content":{"rendered":"<p class=\"aw__sc-1qwuw0s-0 aw__sc-1vg2sqm-0 epAWpq ecELkD yle__article__paragraph\">Merikontti mullisti kansainv\u00e4lisen merirahdin 1900-luvun puoliv\u00e4liss\u00e4. Viime vuosina mullistuksen ovat kokeneet puolestaan merikontit, etenkin niiden uusiok\u00e4ytt\u00f6.<\/p>\n<p>Hiedanrannan Kehityksen tekninen is\u00e4nn\u00f6itsij\u00e4 Mikko Ketola esittelee videolla Hiedanrannan konttien kunnallistekniikkaa.<\/p>\n<ul class=\"aw__sc-1yb43iq-0 gFXHv yle__article__list yle__article__list--ul\">\n<li class=\"aw__sc-1yb43iq-1 gVAzbt\">Merikonttien uusiok\u00e4ytt\u00f6 yleistyy Suomessa. Muunneltuja kontteja n\u00e4kyy kaupunkien kaduilla, puistoissa ja festivaaleilla.<\/li>\n<li class=\"aw__sc-1yb43iq-1 gVAzbt\">Tampereen Hiedanrannassa on noin 20 merikonttia. Niist\u00e4 on tehty ravintoloita, katutaidepuisto ja pukuhuoneita.<\/li>\n<li class=\"aw__sc-1yb43iq-1 gVAzbt\">Kontit sopivat kaupunkiymp\u00e4rist\u00f6\u00f6n, koska ne ovat liikuteltavia ja helposti muokattavia eri tarkoituksiin.<\/li>\n<\/ul>\n<p class=\"aw__sc-1qwuw0s-0 aw__sc-ngllmo-0 epAWpq fzYpjk yle__article__paragraph\">Merikonttien uusiok\u00e4ytt\u00f6 on yh\u00e4 moninaisempaa ja yleisemp\u00e4\u00e4, kertovat suomalaiset konttifirmat. Merikontteja p\u00e4\u00e4tyy Suomeen monista syist\u00e4.<\/p>\n<p class=\"aw__sc-1qwuw0s-0 aw__sc-ngllmo-0 epAWpq fzYpjk yle__article__paragraph\">Varustamoiden k\u00e4yt\u00f6st\u00e4 poistuu s\u00e4\u00e4nn\u00f6llisesti jonkin verran merikontteja, mutta my\u00f6s uudempia ja hyv\u00e4kuntoisia merikontteja on uusiok\u00e4yt\u00f6ss\u00e4.<\/p>\n<p class=\"aw__sc-1qwuw0s-0 aw__sc-ngllmo-0 epAWpq fzYpjk yle__article__paragraph\">Muunneltuja merikontteja n\u00e4keekin yh\u00e4 enemm\u00e4n esimerkiksi kaupunkien keskustojen kaduilla, puistoissa ja uimarannoilla. Konteista on tullut yleinen n\u00e4ky my\u00f6s kes\u00e4n festivaaleilla.<\/p>\n<p class=\"aw__sc-1qwuw0s-0 aw__sc-ngllmo-0 epAWpq fzYpjk yle__article__paragraph\">Merikontti voi t\u00e4n\u00e4 p\u00e4iv\u00e4n\u00e4 tehd\u00e4 vain yhden merimatkan maailmalta Suomeen, jossa kontin alun perin ostanut yritys myy sen eteenp\u00e4in.<\/p>\n<p class=\"aw__sc-1qwuw0s-0 aw__sc-ngllmo-0 epAWpq fzYpjk yle__article__paragraph\">Lis\u00e4ksi konttitarjontaan vaikuttaa kansainv\u00e4lisen viennin ja tuonnin v\u00e4linen suhde.<\/p>\n<p><img decoding=\"async\" alt=\"Kaksi ihmist\u00e4 huomioliiveiss\u00e4 ja kyp\u00e4riss\u00e4 s\u00e4hk\u00f6akkuvaraston vieress\u00e4. Kuvassa n\u00e4kyy s\u00e4hk\u00f6akkuvarasto mets\u00e4n reunassa.\" src=\"https:\/\/www.europesays.com\/fi\/wp-content\/uploads\/2026\/07\/1724232974.jpeg\" class=\"aw__sc-dklauk-0 LPzKX\"\/><\/p>\n<p class=\"aw__sc-1qwuw0s-0 aw__sc-ngllmo-0 epAWpq fzYpjk yle__article__paragraph\">Tampereen Hiedanrannan kes\u00e4terassilla merikontit ovat asettuneet vanhan sellutehtaan pihapiiriin. Kokonaisuus on rouhea sekoitus punatiilt\u00e4, pelti\u00e4 ja asvalttia. Vanhoja merikontteja on Hiedanrannassa noin kaksikymment\u00e4.<\/p>\n<p class=\"aw__sc-1qwuw0s-0 aw__sc-ngllmo-0 epAWpq fzYpjk yle__article__paragraph\">Tarkoituksena on selvitt\u00e4\u00e4, millaista tekniikkaa Hiedanrannassa sijaitsevissa konteissa on ja millaisia uusiok\u00e4ytt\u00f6tarkoituksia niill\u00e4 on.<\/p>\n<p><img decoding=\"async\" alt=\"Kuvassa kaksi taidemaalattua merikonttia. \" src=\"https:\/\/www.europesays.com\/fi\/wp-content\/uploads\/2026\/07\/1785134260.jpeg\" loading=\"lazy\" class=\"aw__sc-dklauk-0 LPzKX\"\/><\/p>\n<p>Avaa kuvien katselu<\/p>\n<p>Hiedanrannan katutaidepuistossa merikontit ovat muun muassa taiteen alustana. Kuva: Lenni Lehtonen \/ YleTaidetta, ravintoloita, pukuhuoneita<\/p>\n<p class=\"aw__sc-1qwuw0s-0 aw__sc-ngllmo-0 epAWpq fzYpjk yle__article__paragraph\">Hiedanrannan Kehitys Oy on Tampereen kaupungin omistama kehitysyhti\u00f6, joka kehitt\u00e4\u00e4 Hiedanrannan vanhan sellutehtaan aluetta ja infraa. Markkinointip\u00e4\u00e4llikk\u00f6 <strong class=\"aw__sc-ngllmo-2 gdRrun yle__article__strong\">Laura Niittym\u00e4ki<\/strong> taustoittaa, ett\u00e4 merikontit ovat kuuluneet Hiedanrannan milj\u00f6\u00f6seen ja kes\u00e4terassiin jo useamman vuoden ajan.<\/p>\n<p class=\"aw__sc-1qwuw0s-0 aw__sc-ngllmo-0 epAWpq fzYpjk yle__article__paragraph\">\u2013 Merikontit sopivat hyvin Hiedanrannan urbaaniin milj\u00f6\u00f6seen esimerkiksi liikkuvuutensa takia. Katutaidepuiston kontit on pinnoitettu tasaisilla levyill\u00e4, mik\u00e4 puolestaan sopii maalaamisen alustaksi. Kontteja on helppo muovata eri tarkoituksiin.<\/p>\n<p class=\"aw__sc-1qwuw0s-0 aw__sc-ngllmo-0 epAWpq fzYpjk yle__article__paragraph\">Niittym\u00e4en mukaan merikontit ovat valikoituneet katutaidepuistoon my\u00f6s alan harrastajien ja puiston kiinnostavuuden takia.<\/p>\n<p><img decoding=\"async\" alt=\"Kuvassa merikontti, johon on maalattu punainen ruusua muistuttava kuva. \" src=\"https:\/\/www.europesays.com\/fi\/wp-content\/uploads\/2026\/07\/1785317710_173_1785134260.jpeg\" loading=\"lazy\" class=\"aw__sc-dklauk-0 LPzKX\"\/><\/p>\n<p>Avaa kuvien katselu<\/p>\n<p>Merikonttien yleisemm\u00e4t koot ovat noin 2,4 metrin leveys ja joko 6 tai 12 metrin pituus. Niiden nostopisteet auttavat logistiikassa. Kuva: Lenni Lehtonen \/ Yle<\/p>\n<p class=\"aw__sc-1qwuw0s-0 aw__sc-ngllmo-0 epAWpq fzYpjk yle__article__paragraph\">Merikonttien rakenne on standardikokoinen, itsekantava ja suurimmilta osin s\u00e4\u00e4nkest\u00e4v\u00e4\u00e4 ter\u00e4st\u00e4. Hiedanrannassa merikonteista on tehty my\u00f6s Tehdasaukion saunan pukuhuoneet. Tekniikaltaan katutaide- ja pukuhuonekontit eiv\u00e4t vaadi kuin turvallisen ja vaakatasoisen alustan.<\/p>\n<p class=\"aw__sc-1qwuw0s-0 aw__sc-ngllmo-0 epAWpq fzYpjk yle__article__paragraph\"><strong class=\"aw__sc-ngllmo-2 gdRrun yle__article__strong\">Videolla Laura Niittym\u00e4ki kertoo, miksi merikontteja on haluttu tuoda Hiedanrannan kes\u00e4terassin milj\u00f6\u00f6seen ja miten ne sinne sopivat.<\/strong><\/p>\n<p class=\"aw__sc-1qwuw0s-0 aw__sc-ngllmo-0 epAWpq fzYpjk yle__article__paragraph\">Ravintolakontit vaativat tekniikalta jo enemm\u00e4n. Teknisi\u00e4 vaatimuksia on esimerkiksi s\u00e4hk\u00f6n ja veden osalta. Hiedanrannan Kehityksen tekninen is\u00e4nn\u00f6itsij\u00e4 <strong class=\"aw__sc-ngllmo-2 gdRrun yle__article__strong\">Mikko Ketola<\/strong> kertoo, ett\u00e4 ravintola- ja baarikonttien kohdalla Hiedanrannassa toimitaan jo olemassa olevan kunnallistekniikan varassa.<\/p>\n<p class=\"aw__sc-1qwuw0s-0 aw__sc-ngllmo-0 epAWpq fzYpjk yle__article__paragraph\">\u2013 S\u00e4hk\u00f6t, vedet ja j\u00e4tevedet voidaan kytke\u00e4 kontteihin. Kes\u00e4terassilla on yksi uusi tapahtumas\u00e4hk\u00f6keskus, ja j\u00e4tevedet johdetaan kunnalliseen viem\u00e4rij\u00e4rjestelm\u00e4\u00e4n. Vesi- ja j\u00e4tevesiputket on tehty terassilla niin, ett\u00e4 ne voidaan kes\u00e4n p\u00e4\u00e4tteeksi purkaa pois talven tielt\u00e4.<\/p>\n<p class=\"aw__sc-1qwuw0s-0 aw__sc-ngllmo-0 epAWpq fzYpjk yle__article__paragraph\"><strong class=\"aw__sc-ngllmo-2 gdRrun yle__article__strong\">Videolla Mikko Ketola kertoo Hiedanrannan kes\u00e4terassin kunnallistekniikasta. Videon kuvituskuva on Ramona-ravintolakontin sis\u00e4puolen teknisist\u00e4 ratkaisuista.<\/strong><\/p>\n<p class=\"aw__sc-1qwuw0s-0 aw__sc-ngllmo-0 epAWpq fzYpjk yle__article__paragraph\">S\u00e4hk\u00f6jen ja vesien lis\u00e4ksi merikonttien uusiok\u00e4yt\u00f6ss\u00e4 kiinnitet\u00e4\u00e4n usein huomioita niiden ilmastointiin. Peltirakenteisissa merikonteissa veden kondensaation v\u00e4hent\u00e4minen on t\u00e4rke\u00e4\u00e4.<\/p>\n<p><img decoding=\"async\" alt=\"Hiedanrannan kes\u00e4terassin siirrett\u00e4v\u00e4\u00e4 kunnallistekniikkaa eli harmaa ja ontto j\u00e4tevesiputki.\" src=\"https:\/\/www.europesays.com\/fi\/wp-content\/uploads\/2026\/07\/1785136445.jpeg\" loading=\"lazy\" class=\"aw__sc-dklauk-0 LPzKX\"\/><\/p>\n<p>Avaa kuvien katselu<\/p>\n<p>Hiedanrannassa ravintolakonttien toiminta nojaa alueella jo olevaan kunnallistekniikkaan. Vesi- ja j\u00e4tevesiputket puretaan syksyisin. Kuva: Lenni Lehtonen \/ Yle<\/p>\n<p class=\"aw__sc-1qwuw0s-0 aw__sc-ngllmo-0 epAWpq fzYpjk yle__article__paragraph\">Uusiok\u00e4yt\u00f6ss\u00e4 olevan merikontin ilmanvaihtoon ja kondensaation v\u00e4hent\u00e4miseen voi vaikuttaa esimerkiksi ilmal\u00e4mp\u00f6pumpulla sek\u00e4 erilaisin venttiilein ja pintamateriaalein.<\/p>\n<p><img decoding=\"async\" alt=\"Kuvassa turkoosin ja vihre\u00e4n s\u00e4vyill\u00e4 maalattua merikontti, jossa kaksi maalattua violettia perhosta. Kontin edustalla puinen penkki.\" src=\"https:\/\/www.europesays.com\/fi\/wp-content\/uploads\/2026\/07\/1785134270.jpeg\" class=\"aw__sc-dklauk-0 LPzKX\"\/><\/p>\n<p>Avaa kuvien katselu<\/p>\n<p><img decoding=\"async\" alt=\"Kuvassa etualalla s\u00e4hk\u00f6p\u00e4\u00e4keskus, josta menee s\u00e4hk\u00f6johtoja kuvassa n\u00e4kyv\u00e4\u00e4n ravintolakonttiin. Kontin ja s\u00e4hk\u00f6p\u00e4\u00e4keskuksen v\u00e4liss\u00e4 terassip\u00f6yti\u00e4..\" src=\"https:\/\/www.europesays.com\/fi\/wp-content\/uploads\/2026\/07\/1785134277.jpeg\" class=\"aw__sc-dklauk-0 LPzKX\"\/><\/p>\n<p>Avaa kuvien katselu<\/p>\n<p><img decoding=\"async\" alt=\"Kuvassa vaaleanturkoosi merikontti, jonka sivusein\u00e4\u00e4n on tehty ikkunat ja jonka toisessa p\u00e4\u00e4dyss\u00e4 on sis\u00e4\u00e4nk\u00e4ynti konttiin. \" src=\"https:\/\/www.europesays.com\/fi\/wp-content\/uploads\/2026\/07\/1785317711_412_1785134270.jpeg\" class=\"aw__sc-dklauk-0 LPzKX\"\/><\/p>\n<p>Avaa kuvien katselu<\/p>\n<p><img decoding=\"async\" alt=\"Kuvassa vaaleanoranssi ravintolakontti, ja terassip\u00f6yti\u00e4. Taustalla N\u00e4sij\u00e4rven j\u00e4rvimaisemaa ja Tampereen N\u00e4sineula.\" src=\"https:\/\/www.europesays.com\/fi\/wp-content\/uploads\/2026\/07\/1785134284.jpeg\" class=\"aw__sc-dklauk-0 LPzKX\"\/><\/p>\n<p>Avaa kuvien katselu<\/p>\n","protected":false},"excerpt":{"rendered":"Merikontti mullisti kansainv\u00e4lisen merirahdin 1900-luvun puoliv\u00e4liss\u00e4. Viime vuosina mullistuksen ovat kokeneet puolestaan merikontit, etenkin niiden uusiok\u00e4ytt\u00f6. Hiedanrannan Kehityksen&hellip;\n","protected":false},"author":2,"featured_media":312103,"comment_status":"","ping_status":"","sticky":false,"template":"","format":"standard","meta":{"footnotes":"","_share_on_mastodon":"0"},"categories":[135],"tags":[389,387,388,390,137,33,31,30,8087,71,40152,553,1003,40154,32,394,393,391,392,40153,109],"class_list":["post-312102","post","type-post","status-publish","format-standard","has-post-thumbnail","category-taiteet-ja-suunnittelu","tag-arts","tag-arts-and-design","tag-artsanddesign","tag-design","tag-entertainment","tag-fi","tag-finland","tag-finnish","tag-kierratys","tag-kotimaa","tag-merikontit","tag-pirkanmaa","tag-rakentaminen","tag-ravintolaterassit","tag-suomi","tag-suunnittelu","tag-taiteet","tag-taiteet-ja-suunnittelu","tag-taiteetsuunnittelu","tag-uusiokaytto","tag-viihde"],"share_on_mastodon":{"url":"https:\/\/pubeurope.com\/@fi\/117002588938567759","error":""},"_links":{"self":[{"href":"https:\/\/www.europesays.com\/fi\/wp-json\/wp\/v2\/posts\/312102","targetHints":{"allow":["GET"]}}],"collection":[{"href":"https:\/\/www.europesays.com\/fi\/wp-json\/wp\/v2\/posts"}],"about":[{"href":"https:\/\/www.europesays.com\/fi\/wp-json\/wp\/v2\/types\/post"}],"author":[{"embeddable":true,"href":"https:\/\/www.europesays.com\/fi\/wp-json\/wp\/v2\/users\/2"}],"replies":[{"embeddable":true,"href":"https:\/\/www.europesays.com\/fi\/wp-json\/wp\/v2\/comments?post=312102"}],"version-history":[{"count":0,"href":"https:\/\/www.europesays.com\/fi\/wp-json\/wp\/v2\/posts\/312102\/revisions"}],"wp:featuredmedia":[{"embeddable":true,"href":"https:\/\/www.europesays.com\/fi\/wp-json\/wp\/v2\/media\/312103"}],"wp:attachment":[{"href":"https:\/\/www.europesays.com\/fi\/wp-json\/wp\/v2\/media?parent=312102"}],"wp:term":[{"taxonomy":"category","embeddable":true,"href":"https:\/\/www.europesays.com\/fi\/wp-json\/wp\/v2\/categories?post=312102"},{"taxonomy":"post_tag","embeddable":true,"href":"https:\/\/www.europesays.com\/fi\/wp-json\/wp\/v2\/tags?post=312102"}],"curies":[{"name":"wp","href":"https:\/\/api.w.org\/{rel}","templated":true}]}}