{"id":312180,"date":"2026-07-29T11:20:12","date_gmt":"2026-07-29T11:20:12","guid":{"rendered":"https:\/\/www.europesays.com\/fi\/312180\/"},"modified":"2026-07-29T11:20:12","modified_gmt":"2026-07-29T11:20:12","slug":"varien-ilottelua-ja-tulkinnan-vapautta-popper-galleriassa-elokuussa-keski-suomi-keskisuomalainen","status":"publish","type":"post","link":"https:\/\/www.europesays.com\/fi\/312180\/","title":{"rendered":"V\u00e4rien ilottelua ja tulkinnan vapautta Popper Galleriassa elokuussa | Keski-Suomi &#8211; Keskisuomalainen"},"content":{"rendered":"<ol>\n<li><a href=\"https:\/\/news.google.com\/rss\/articles\/CBMiUEFVX3lxTE1Jd0dBWlVCRDBDX2RuX2VlRlZaaWNMN29iMmFDS0R1NEY1UlJ3UURBb3RSekNMV1JzU2l6UFh0cjFpSmFUWHYwM3FyWi12Ymdx?oc=5\" target=\"_blank\" rel=\"nofollow noopener\">V\u00e4rien ilottelua ja tulkinnan vapautta Popper Galleriassa elokuussa | Keski-Suomi<\/a>&nbsp;&nbsp;Keskisuomalainen<\/li>\n<li><a href=\"https:\/\/news.google.com\/rss\/articles\/CBMiW0FVX3lxTE9VdVFaR3A3cnZIWUJQdmlIaWl0T0pCdkJEZ3lFSHk5Q053SmRpVHluT0hnVDRrbWlKWjBtUHh1Vmp5cnhaWnB5SFVQVEQ2NEV6Qm1IM1RSX2JpbEU?oc=5\" target=\"_blank\" rel=\"nofollow noopener\">Markkinatunnelman her\u00e4ttely\u00e4 Vaskiviikolle<\/a>&nbsp;&nbsp;Lieksan Lehti<\/li>\n<li><a href=\"https:\/\/news.google.com\/rss\/articles\/CBMiaEFVX3lxTE1GcVVVc2dFaktDSnBOMFMzUlZ6VmFaeFp5U3ZBMkNGZFJKc1MyeEpIYlZGNDgwdktycWlvTWE3eXJ0Xzl0WUYxS0VsQ0FiY21HSXQ3bWxOSVp6ckJrc1RmQklKZEdIZU8w?oc=5\" target=\"_blank\" rel=\"nofollow noopener\">Lukijan kirjoitus | Sveitsil\u00e4iset yst\u00e4v\u00e4mmekin ihmetteliv\u00e4t Joensuun ja Nurmeksen v\u00e4lisen kiskobussiliikenteen ongelmaa<\/a>&nbsp;&nbsp;Karjalainen<\/li>\n<li><a href=\"https:\/\/news.google.com\/rss\/articles\/CBMiVkFVX3lxTFBVM3hxZFJmbmluMVNDY1NpUVZVV28wbDlJTHBRcFREa1J5X3ByVmhNNVJvZFItYlpoeEtwVllfTXA4QkFRekItUEdhSjVoZlNjMmJRMWxB?oc=5\" target=\"_blank\" rel=\"nofollow noopener\">Kari Haaviston uutisanalyysi | T\u00e4m\u00e4 askel KuPSin on seuraavaksi otettava kustannuksia pelk\u00e4\u00e4m\u00e4tt\u00e4<\/a>&nbsp;&nbsp;Savon Sanomat<\/li>\n<li><a href=\"https:\/\/news.google.com\/rss\/articles\/CBMiX0FVX3lxTE1mdDMyRll5c3pHT2ZpcVphVHB0VWZmM1RJM2NEbl9QeXpydEpmZzhRMGVqQnpnUjN2SEx1RjhObl9vNGdlajlwTERPekQ5TmVLQ3RBUElyMDBiSkY1Mjlv?oc=5\" target=\"_blank\" rel=\"nofollow noopener\">Lue t\u00e4st\u00e4, kuinka ahkerasti Kouvolan Onnellisuuslavaa on vuokrattu | Paikalliset<\/a>&nbsp;&nbsp;Kouvolan Sanomat<\/li>\n<\/ol>\n","protected":false},"excerpt":{"rendered":"V\u00e4rien ilottelua ja tulkinnan vapautta Popper Galleriassa elokuussa | Keski-Suomi&nbsp;&nbsp;Keskisuomalainen Markkinatunnelman her\u00e4ttely\u00e4 Vaskiviikolle&nbsp;&nbsp;Lieksan Lehti Lukijan kirjoitus | Sveitsil\u00e4iset&hellip;\n","protected":false},"author":2,"featured_media":312181,"comment_status":"","ping_status":"","sticky":false,"template":"","format":"standard","meta":{"footnotes":"","_share_on_mastodon":"0"},"categories":[135],"tags":[389,387,388,390,137,33,31,30,425,108,32,394,393,391,392,2590,939,2107,109],"class_list":["post-312180","post","type-post","status-publish","format-standard","has-post-thumbnail","category-taiteet-ja-suunnittelu","tag-arts","tag-arts-and-design","tag-artsanddesign","tag-design","tag-entertainment","tag-fi","tag-finland","tag-finnish","tag-jyvaskyla","tag-kulttuuri","tag-suomi","tag-suunnittelu","tag-taiteet","tag-taiteet-ja-suunnittelu","tag-taiteetsuunnittelu","tag-tanaan","tag-tyo","tag-vapaa-aika","tag-viihde"],"share_on_mastodon":{"url":"https:\/\/pubeurope.com\/@fi\/117003001680104250","error":""},"_links":{"self":[{"href":"https:\/\/www.europesays.com\/fi\/wp-json\/wp\/v2\/posts\/312180","targetHints":{"allow":["GET"]}}],"collection":[{"href":"https:\/\/www.europesays.com\/fi\/wp-json\/wp\/v2\/posts"}],"about":[{"href":"https:\/\/www.europesays.com\/fi\/wp-json\/wp\/v2\/types\/post"}],"author":[{"embeddable":true,"href":"https:\/\/www.europesays.com\/fi\/wp-json\/wp\/v2\/users\/2"}],"replies":[{"embeddable":true,"href":"https:\/\/www.europesays.com\/fi\/wp-json\/wp\/v2\/comments?post=312180"}],"version-history":[{"count":0,"href":"https:\/\/www.europesays.com\/fi\/wp-json\/wp\/v2\/posts\/312180\/revisions"}],"wp:featuredmedia":[{"embeddable":true,"href":"https:\/\/www.europesays.com\/fi\/wp-json\/wp\/v2\/media\/312181"}],"wp:attachment":[{"href":"https:\/\/www.europesays.com\/fi\/wp-json\/wp\/v2\/media?parent=312180"}],"wp:term":[{"taxonomy":"category","embeddable":true,"href":"https:\/\/www.europesays.com\/fi\/wp-json\/wp\/v2\/categories?post=312180"},{"taxonomy":"post_tag","embeddable":true,"href":"https:\/\/www.europesays.com\/fi\/wp-json\/wp\/v2\/tags?post=312180"}],"curies":[{"name":"wp","href":"https:\/\/api.w.org\/{rel}","templated":true}]}}