{"id":31224,"date":"2025-09-10T19:37:07","date_gmt":"2025-09-10T19:37:07","guid":{"rendered":"https:\/\/www.europesays.com\/fi\/31224\/"},"modified":"2025-09-10T19:37:07","modified_gmt":"2025-09-10T19:37:07","slug":"jenni-haukion-huoli-ja-murhe-kirjoitti-puhuttelevan-viestin","status":"publish","type":"post","link":"https:\/\/www.europesays.com\/fi\/31224\/","title":{"rendered":"Jenni Haukion huoli ja murhe &#8211; kirjoitti puhuttelevan viestin"},"content":{"rendered":"<p>Kirjailija, runoilija ja WSOY-kustantamon yhteiskuntasuhteiden johtaja Jenni Haukio kertoo somep\u00e4ivityksess\u00e4\u00e4n olevansa huolissaan.<\/p>\n<p>Suomi on saanut aiempina aikoina kansainv\u00e4lisiss\u00e4 Pisa-vertailuissa hyvi\u00e4 arvosanoja. Pisalla mitataan opiskelijoiden lukutaitoa ja monta muuta asiaa.<\/p>\n<p>Nyt Suomi on tippunut k\u00e4rkikahinoista.<\/p>\n<p>Jenni kirjoittaa huolensa julki:<\/p>\n<p>-Suomessa useampi kuin joka viides yhdeks\u00e4sluokkalainen lukee niin heikosti, ettei saavuta edes yhteiskunnan arkisissa tilanteissa p\u00e4rj\u00e4\u00e4miseen tarvittavaa lukutaidon tasoa. <\/p>\n<p>Jenni kantaa asiasta huolta paitsi kirjallisuuden ammattilaisena my\u00f6s entisen\u00e4 maan \u00e4itin\u00e4.<\/p>\n<p>-Lukutaitoty\u00f6h\u00f6n tarvitaan koko yhteiskuntaa \u2013 julkisen sektorin lis\u00e4ksi my\u00f6s kolmatta ja yksityist\u00e4 sektoria, yksil\u00f6j\u00e4 ja yhteis\u00f6j\u00e4, yrityksi\u00e4 ja yhdistyksi\u00e4, h\u00e4n per\u00e4\u00e4nkuuluttaa.<\/p>\n<p>Lue my\u00f6s: <a href=\"https:\/\/www.como.fi\/uutiset\/jenni-haukio-kertoi-uutisia-paljon-onnea-rouva-haukio\/\" title=\"Jenni Haukio kertoi uutisia \u2013 paljon onnea rouva Haukio!\" class=\"underline-custom !font-montserrat !font-bold !underline-offset-4 !decoration-4 !decoration-red-600 !text-md\" rel=\"nofollow noopener\" target=\"_blank\">Jenni Haukio kertoi uutisia \u2013 paljon onnea rouva Haukio!<\/a><\/p>\n<p>Lue my\u00f6s: <a href=\"https:\/\/www.como.fi\/uutiset\/jenni-haukio-paljasti-tama-on-lompakkoni-rakkain-asia\/\" title=\"Jenni Haukio paljasti: \u201dT\u00e4m\u00e4 on lompakkoni rakkain asia\u201d\" class=\"underline-custom !font-montserrat !font-bold !underline-offset-4 !decoration-4 !decoration-red-600 !text-md\" rel=\"nofollow noopener\" target=\"_blank\">Jenni Haukio paljasti: \u201dT\u00e4m\u00e4 on lompakkoni rakkain asia\u201d<\/a><\/p>\n<p>Lue my\u00f6s: <a href=\"https:\/\/www.como.fi\/tilaa-comon-uutiskirje\/\" title=\"Tilaa Comon uutiskirje ja tied\u00e4t mist\u00e4 kahvitauolla puhutaan! Nappaa kotimaan tv-vinkit ja puheenaiheet suoraan s\u00e4hk\u00f6postiin t\u00e4st\u00e4.\" class=\"underline-custom !font-montserrat !font-bold !underline-offset-4 !decoration-4 !decoration-red-600 !text-md\" rel=\"nofollow noopener\" target=\"_blank\">Tilaa Comon uutiskirje ja tied\u00e4t mist\u00e4 kahvitauolla puhutaan! Nappaa kotimaan tv-vinkit ja puheenaiheet suoraan s\u00e4hk\u00f6postiin t\u00e4st\u00e4.<\/a><\/p>\n","protected":false},"excerpt":{"rendered":"Kirjailija, runoilija ja WSOY-kustantamon yhteiskuntasuhteiden johtaja Jenni Haukio kertoo somep\u00e4ivityksess\u00e4\u00e4n olevansa huolissaan. Suomi on saanut aiempina aikoina kansainv\u00e4lisiss\u00e4&hellip;\n","protected":false},"author":2,"featured_media":31225,"comment_status":"","ping_status":"","sticky":false,"template":"","format":"standard","meta":{"footnotes":""},"categories":[130],"tags":[137,33,31,30,7168,32,109],"class_list":{"0":"post-31224","1":"post","2":"type-post","3":"status-publish","4":"format-standard","5":"has-post-thumbnail","7":"category-viihde","8":"tag-entertainment","9":"tag-fi","10":"tag-finland","11":"tag-finnish","12":"tag-jenni-haukio","13":"tag-suomi","14":"tag-viihde"},"share_on_mastodon":{"url":"","error":""},"_links":{"self":[{"href":"https:\/\/www.europesays.com\/fi\/wp-json\/wp\/v2\/posts\/31224","targetHints":{"allow":["GET"]}}],"collection":[{"href":"https:\/\/www.europesays.com\/fi\/wp-json\/wp\/v2\/posts"}],"about":[{"href":"https:\/\/www.europesays.com\/fi\/wp-json\/wp\/v2\/types\/post"}],"author":[{"embeddable":true,"href":"https:\/\/www.europesays.com\/fi\/wp-json\/wp\/v2\/users\/2"}],"replies":[{"embeddable":true,"href":"https:\/\/www.europesays.com\/fi\/wp-json\/wp\/v2\/comments?post=31224"}],"version-history":[{"count":0,"href":"https:\/\/www.europesays.com\/fi\/wp-json\/wp\/v2\/posts\/31224\/revisions"}],"wp:featuredmedia":[{"embeddable":true,"href":"https:\/\/www.europesays.com\/fi\/wp-json\/wp\/v2\/media\/31225"}],"wp:attachment":[{"href":"https:\/\/www.europesays.com\/fi\/wp-json\/wp\/v2\/media?parent=31224"}],"wp:term":[{"taxonomy":"category","embeddable":true,"href":"https:\/\/www.europesays.com\/fi\/wp-json\/wp\/v2\/categories?post=31224"},{"taxonomy":"post_tag","embeddable":true,"href":"https:\/\/www.europesays.com\/fi\/wp-json\/wp\/v2\/tags?post=31224"}],"curies":[{"name":"wp","href":"https:\/\/api.w.org\/{rel}","templated":true}]}}