{"id":312398,"date":"2026-07-29T17:16:10","date_gmt":"2026-07-29T17:16:10","guid":{"rendered":"https:\/\/www.europesays.com\/fi\/312398\/"},"modified":"2026-07-29T17:16:10","modified_gmt":"2026-07-29T17:16:10","slug":"nepal-nelinkertaisti-luonnossa-elavat-villitiikerinsa-luonnon-kantokyky-nousee-kysymykseksi-uutissuomalainen","status":"publish","type":"post","link":"https:\/\/www.europesays.com\/fi\/312398\/","title":{"rendered":"Nepal nelinkertaisti luonnossa el\u00e4v\u00e4t villitiikerins\u00e4 \u2013 luonnon kantokyky nousee kysymykseksi | Uutissuomalainen"},"content":{"rendered":"<p>Himalajan vuoristossa ja sen juurella sijaitsevassa Nepalissa el\u00e4vien luonnonvaraisten tiikereiden arvioidaan miltei nelinkertaistuneen 16 viime vuoden sis\u00e4ll\u00e4. Maan hallitus ilmoitti asiasta keskiviikkona vietettyn\u00e4 kansainv\u00e4lisen\u00e4 tiikerip\u00e4iv\u00e4n\u00e4, kertoo <a href=\"https:\/\/thehimalayantimes.com\/nepal\/nepals-tiger-population-climbs-to-429-nearly-quadrupling-since-2010\" rel=\"nofollow noopener\" target=\"_blank\">Himalayan Times<\/a><a href=\"https:\/\/thehimalayantimes.com\/nepal\/nepals-tiger-population-climbs-to-429-nearly-quadrupling-since-2010\" rel=\"nofollow noopener\" target=\"_blank\"> &#8211;<\/a><a href=\"https:\/\/thehimalayantimes.com\/nepal\/nepals-tiger-population-climbs-to-429-nearly-quadrupling-since-2010\" rel=\"nofollow noopener\" target=\"_blank\">lehti.<\/a><\/p>\n<p>Siin\u00e4 miss\u00e4 vuonna 2010 Nepalissa arvioitiin asustavan 121 tiikeri\u00e4, maan mets\u00e4- ja ymp\u00e4rist\u00f6ministeri\u00f6 arvioi nyt niiden m\u00e4\u00e4r\u00e4ksi 429.<\/p>\n<p>Nepalin luonnonsuojeluj\u00e4rjest\u00f6t kartoittivat luonnonsuojelualueilla el\u00e4vien tiikereiden populaatioita viime joulukuusta l\u00e4htien hein\u00e4kuuhun saakka. Suurin populaatio havaittiin Etel\u00e4-Nepalissa sijaitsevassa Chitwanin kansallispuistossa, josta tiikereit\u00e4 l\u00f6ytyi 145 yksil\u00f6n verran. Toiseksi eniten niit\u00e4 l\u00f6ytyi l\u00e4ntisest\u00e4 Bariyan piirikunnasta (112) ja kolmanneksi eniten Parsan piirikunnasta maan keskiosassa (71).<\/p>\n<p>Ihmisi\u00e4 Nepalissa el\u00e4\u00e4 l\u00e4hes 30 miljoonaa.<\/p>\n","protected":false},"excerpt":{"rendered":"Himalajan vuoristossa ja sen juurella sijaitsevassa Nepalissa el\u00e4vien luonnonvaraisten tiikereiden arvioidaan miltei nelinkertaistuneen 16 viime vuoden sis\u00e4ll\u00e4. Maan&hellip;\n","protected":false},"author":2,"featured_media":312399,"comment_status":"","ping_status":"","sticky":false,"template":"","format":"standard","meta":{"footnotes":"","_share_on_mastodon":"0"},"categories":[117],"tags":[404,33,31,30,4588,2167,683,72,476,118,32,119,56,547,477],"class_list":["post-312398","post","type-post","status-publish","format-standard","has-post-thumbnail","category-luonto","tag-elaimet","tag-fi","tag-finland","tag-finnish","tag-ghana","tag-intia","tag-kuolema","tag-luonto","tag-nature","tag-science","tag-suomi","tag-tiede","tag-ulkomaat","tag-venaja","tag-wildlife"],"share_on_mastodon":{"url":"","error":""},"_links":{"self":[{"href":"https:\/\/www.europesays.com\/fi\/wp-json\/wp\/v2\/posts\/312398","targetHints":{"allow":["GET"]}}],"collection":[{"href":"https:\/\/www.europesays.com\/fi\/wp-json\/wp\/v2\/posts"}],"about":[{"href":"https:\/\/www.europesays.com\/fi\/wp-json\/wp\/v2\/types\/post"}],"author":[{"embeddable":true,"href":"https:\/\/www.europesays.com\/fi\/wp-json\/wp\/v2\/users\/2"}],"replies":[{"embeddable":true,"href":"https:\/\/www.europesays.com\/fi\/wp-json\/wp\/v2\/comments?post=312398"}],"version-history":[{"count":0,"href":"https:\/\/www.europesays.com\/fi\/wp-json\/wp\/v2\/posts\/312398\/revisions"}],"wp:featuredmedia":[{"embeddable":true,"href":"https:\/\/www.europesays.com\/fi\/wp-json\/wp\/v2\/media\/312399"}],"wp:attachment":[{"href":"https:\/\/www.europesays.com\/fi\/wp-json\/wp\/v2\/media?parent=312398"}],"wp:term":[{"taxonomy":"category","embeddable":true,"href":"https:\/\/www.europesays.com\/fi\/wp-json\/wp\/v2\/categories?post=312398"},{"taxonomy":"post_tag","embeddable":true,"href":"https:\/\/www.europesays.com\/fi\/wp-json\/wp\/v2\/tags?post=312398"}],"curies":[{"name":"wp","href":"https:\/\/api.w.org\/{rel}","templated":true}]}}