{"id":31251,"date":"2025-09-10T20:22:08","date_gmt":"2025-09-10T20:22:08","guid":{"rendered":"https:\/\/www.europesays.com\/fi\/31251\/"},"modified":"2025-09-10T20:22:08","modified_gmt":"2025-09-10T20:22:08","slug":"brittitaiteilija-tekee-sen-taas-7-metrinen-mars-kohoaa-helsingin-paraatipaikalle-paikalliset","status":"publish","type":"post","link":"https:\/\/www.europesays.com\/fi\/31251\/","title":{"rendered":"Brittitaiteilija tekee sen taas! 7-metrinen Mars kohoaa Helsingin paraatipaikalle | Paikalliset"},"content":{"rendered":"<p>Lokakuussa Helsingin Tuomiokirkossa nousee kirjaimellisesti esiin koko maailmaa koskettava kysymys. Kirkon kattoon ripustetaan brittitaiteilija Luke Jerramin vaikuttava, seitsem\u00e4nmetrinen Mars-planeetta. Se k\u00e4ynnist\u00e4\u00e4 Mars: sota ja rauha -teemakuukauden 4. lokakuuta.<\/p>\n<p><strong>Mars-veistos<\/strong> perustuu Nasan kartoittamiin, tarkan mittakaavan kuviin punaisen planeetan pinnasta. Valaistun, sis\u00e4lt\u00e4p\u00e4in hehkuvan teoksen jokainen senttimetri vastaa kymment\u00e4 kilometri\u00e4 Marsin maastosta. Teokseen sis\u00e4ltyy s\u00e4velt\u00e4j\u00e4 <strong>Dan Jonesin<\/strong> luoma \u00e4\u00e4nimaisema, jossa yhdistyv\u00e4t avaruuden hiljaisuus ja sodan \u00e4\u00e4net.<\/p>\n<p>Planeetan varjossa syvennyt\u00e4\u00e4n sunnuntaisin sodan ja rauhan teemoihin. Mukana keskustelemassa ovat muun muassa presidentti <strong>Tarja Halonen<\/strong>, kansanedustaja <strong>Pekka Haavisto<\/strong> ja palkittu ulkomaantoimittaja <strong>Antti Kuronen<\/strong>. Paneelikeskustelut k\u00e4sittelev\u00e4t teemoja kuten demokratian tila, tieteen rooli polarisoituneessa ajassa sek\u00e4 kulttuurin ja uskonnon suhde globaaleihin konflikteihin. Tapahtumien sarja jatkuu 26. lokakuuta asti.<\/p>\n<p>\t\t<a class=\"diks-gallery__link\" href=\"https:\/\/i.media.fi\/incoming\/u8stz0\/11034953.jpg\/alternates\/FREE_1440\/11034953.jpg\" data-thumbnail=\"\" data-sub-html=\"Brittil\u00e4inen taiteilija Luke Jerram teoksensa edess\u00e4.\" aria-label=\"Katso isompi kuva\" rel=\"nofollow noopener\" target=\"_blank\"><br \/>\n\t\t\t\t<img class=\"diks-figure__image\" src=\"https:\/\/www.europesays.com\/fi\/wp-content\/uploads\/2025\/09\/11034953.jpg\" loading=\"lazy\" decoding=\"sync\" alt=\"\"\/><br \/>\n\t\t\t<\/a><br \/>\n\t\t\t\t\tBrittil\u00e4inen taiteilija Luke Jerram teoksensa edess\u00e4.<\/p>\n<p>Tuomiokirkossa j\u00e4rjestett\u00e4vien sunnuntaimessujen sek\u00e4 nuorten aikuisten iltamessujen kantavana teemana on rauha. Lauantain iltamessut syntyv\u00e4t yhteisty\u00f6ss\u00e4 Teologian ylioppilaiden tiedekuntayhdistyksen kanssa.<\/p>\n<p>Lis\u00e4ksi teemakuukauden yhteydess\u00e4 kuullaan viisi rauhan teemaan keskittyv\u00e4\u00e4 konserttia Suomenlinnan kirkossa. Konsertit ovat hyv\u00e4ntekev\u00e4isyystapahtumia, joiden tuotto ohjataan rauhanty\u00f6h\u00f6n, muun muassa Ukrainalaisten Suomessa -yhdistykselle. Helsingin tuomiokirkkoseurakunnan tavoitteena on vakiinnuttaa teemakuukaudesta vuosittainen perinne, joka nostaa esiin ajankohtaisia ja vaikeita yhteiskunnallisia aiheita.<\/p>\n<p><strong>Jerramin teoksia<\/strong> on ollut esill\u00e4 800 n\u00e4yttelyss\u00e4 yli 50 maassa ja niit\u00e4 on n\u00e4hty my\u00f6s Suomessa. Vuonna 2024 Tuomiokirkon keskikruunu sai tilap\u00e4isesti v\u00e4isty\u00e4, kun Jerramin teos Gaia oli lokakuun ajan esill\u00e4 sen paikalla. Kyseess\u00e4 oli seitsem\u00e4nmetrinen j\u00e4ljenn\u00f6s planeetta Maasta. Sit\u00e4 k\u00e4vi katsomassa kuukaudessa 27\u2009000 vierailijaa.<\/p>\n<p>\n\t\t\thttps:\/\/www.instagram.com\/p\/DOOY6kwD-2P\/<\/p>\n<p>\t\t\t\t\t\t\t\t<script async src=\"\/\/www.instagram.com\/embed.js\"><\/script><\/p>\n","protected":false},"excerpt":{"rendered":"Lokakuussa Helsingin Tuomiokirkossa nousee kirjaimellisesti esiin koko maailmaa koskettava kysymys. Kirkon kattoon ripustetaan brittitaiteilija Luke Jerramin vaikuttava, seitsem\u00e4nmetrinen&hellip;\n","protected":false},"author":2,"featured_media":31252,"comment_status":"","ping_status":"","sticky":false,"template":"","format":"standard","meta":{"footnotes":""},"categories":[135],"tags":[389,387,388,138,390,137,33,31,30,9110,104,47,637,32,394,484,393,391,392,549,109],"class_list":{"0":"post-31251","1":"post","2":"type-post","3":"status-publish","4":"format-standard","5":"has-post-thumbnail","7":"category-taiteet-ja-suunnittelu","8":"tag-arts","9":"tag-arts-and-design","10":"tag-artsanddesign","11":"tag-audio","12":"tag-design","13":"tag-entertainment","14":"tag-fi","15":"tag-finland","16":"tag-finnish","17":"tag-helsingin-tuomiokirkko","18":"tag-helsinki","19":"tag-musiikki","20":"tag-politiikka","21":"tag-suomi","22":"tag-suunnittelu","23":"tag-taiteellinen-ilmaisu-ja-mediat","24":"tag-taiteet","25":"tag-taiteet-ja-suunnittelu","26":"tag-taiteetsuunnittelu","27":"tag-ukrainan-sota","28":"tag-viihde"},"share_on_mastodon":{"url":"","error":""},"_links":{"self":[{"href":"https:\/\/www.europesays.com\/fi\/wp-json\/wp\/v2\/posts\/31251","targetHints":{"allow":["GET"]}}],"collection":[{"href":"https:\/\/www.europesays.com\/fi\/wp-json\/wp\/v2\/posts"}],"about":[{"href":"https:\/\/www.europesays.com\/fi\/wp-json\/wp\/v2\/types\/post"}],"author":[{"embeddable":true,"href":"https:\/\/www.europesays.com\/fi\/wp-json\/wp\/v2\/users\/2"}],"replies":[{"embeddable":true,"href":"https:\/\/www.europesays.com\/fi\/wp-json\/wp\/v2\/comments?post=31251"}],"version-history":[{"count":0,"href":"https:\/\/www.europesays.com\/fi\/wp-json\/wp\/v2\/posts\/31251\/revisions"}],"wp:featuredmedia":[{"embeddable":true,"href":"https:\/\/www.europesays.com\/fi\/wp-json\/wp\/v2\/media\/31252"}],"wp:attachment":[{"href":"https:\/\/www.europesays.com\/fi\/wp-json\/wp\/v2\/media?parent=31251"}],"wp:term":[{"taxonomy":"category","embeddable":true,"href":"https:\/\/www.europesays.com\/fi\/wp-json\/wp\/v2\/categories?post=31251"},{"taxonomy":"post_tag","embeddable":true,"href":"https:\/\/www.europesays.com\/fi\/wp-json\/wp\/v2\/tags?post=31251"}],"curies":[{"name":"wp","href":"https:\/\/api.w.org\/{rel}","templated":true}]}}