{"id":31259,"date":"2025-09-10T20:29:09","date_gmt":"2025-09-10T20:29:09","guid":{"rendered":"https:\/\/www.europesays.com\/fi\/31259\/"},"modified":"2025-09-10T20:29:09","modified_gmt":"2025-09-10T20:29:09","slug":"nain-monta-kenkaparia-suomalaiset-omistavat-kuulutko-heihin","status":"publish","type":"post","link":"https:\/\/www.europesays.com\/fi\/31259\/","title":{"rendered":"N\u00e4in monta kenk\u00e4paria suomalaiset omistavat \u2013 Kuulutko heihin?"},"content":{"rendered":"<p>Kuinka monet keng\u00e4t suomalainen tyypillisesti omistaa? Ja kuulutko sin\u00e4 t\u00e4h\u00e4n joukkoon?<\/p>\n<p><img decoding=\"async\" class=\"image image-show image-preview\" src=\"https:\/\/www.europesays.com\/fi\/wp-content\/uploads\/2025\/09\/83a889f2650fdec1ab81aeca43e2410dd765816792f718d11ccf009a88342074.jpg\" alt=\"\"\/><img decoding=\"async\" class=\"image image-show\" src=\"https:\/\/www.europesays.com\/fi\/wp-content\/uploads\/2025\/09\/1757536149_758_83a889f2650fdec1ab81aeca43e2410dd765816792f718d11ccf009a88342074.jpg\" alt=\"\"\/><\/p>\n<p>Suomalaiset ovat harkitsevia kenk\u00e4ostoksilla eik\u00e4 her\u00e4teostoksia juuri tehd\u00e4. Kuvassa Kendall Jenner.  All Over Press<\/p>\n<p class=\"paragraph\">Sokos teki kes\u00e4kuussa tutkimuksen suomalaisten kenk\u00e4ostamisesta sek\u00e4 kenkien hoidosta ja haasteista. Tutkimukseen vastasi 1170 suomalaista.<\/p>\n<p>Suurin osa suomalaisista ostaa uusia kenki\u00e4 vain harvoin. All Over Press<\/p>\n<p class=\"paragraph\">Suomalainen omistaa yleisimmin kuudesta kymmeneen paria kenki\u00e4.<\/p>\n<p class=\"paragraph\">Noin nelj\u00e4kymment\u00e4 prosenttia ihmisist\u00e4 omistaa kuudesta kymmeneen paria. Keskivertoa selke\u00e4sti enemm\u00e4n kenki\u00e4 omistavia eli yli kaksikymment\u00e4 paria omistavia kenki\u00e4 on noin kymmenen prosenttia vastaajista. Alle viidesosalla on vain yhdest\u00e4 viiteen pariin kenki\u00e4.<\/p>\n<p>Suurin osa suomalainen omistaa yleisimmin kuudesta kymmeneen paria kenki\u00e4. Kuvassa Leonie Hanne.  All Over Press<\/p>\n<p class=\"paragraph\">Kuinka usein niit\u00e4 kenki\u00e4 sitten ostetaan? Yli puolet hankkii uusia kenki\u00e4 vain yhdest\u00e4 kahteen kertaan vuodessa. Nelj\u00e4sosa vastaajista viel\u00e4 harvemmin eli, eli noin kerran vuodessa.<\/p>\n<p class=\"paragraph\">Kenki\u00e4 ostetaan harvoin her\u00e4teostoksena.<\/p>\n<p class=\"paragraph\">\u2013 T\u00e4m\u00e4 tarkoittaa sit\u00e4, ett\u00e4 ollaan sitten tositoimissa, kun uusia kenki\u00e4 ostetaan, sanoo <strong>Mari Viri<\/strong>, Sokoksen Naisten muodin ryhm\u00e4p\u00e4\u00e4llikk\u00f6.<\/p>\n<p class=\"paragraph\">\u2013 Kun miettii n\u00e4it\u00e4 Suomen s\u00e4\u00e4olosuhteita viel\u00e4, niin yleens\u00e4 ostetaan kaikkinensa siis yhdet kes\u00e4- ja toiset talvikeng\u00e4t.<\/p>\n<p>Suomessa on otettava huomioon rajustikin vuoden ymp\u00e4ri vaihtuvat s\u00e4\u00e4olosuhteet my\u00f6s kenk\u00e4ostoksilla. All Over Press<\/p>\n<p class=\"paragraph\">Mitk\u00e4 asiat ovat t\u00e4rkeimm\u00e4t kriteerit, kun kenki\u00e4 sitten l\u00e4hdet\u00e4\u00e4n hankkimaan? Suomalaiset arvostavat mukavuutta ja k\u00e4yt\u00e4nn\u00f6llisyytt\u00e4. Kolmantena t\u00e4rke\u00e4\u00e4 on kenkien ulkon\u00e4k\u00f6. Lis\u00e4ksi yli puolet arvostaa laadukkaita materiaaleja kenk\u00e4hankintoja tehdess\u00e4\u00e4n.<\/p>\n<p class=\"paragraph\">\u2013 Tietenkin kun ostetaan harvoin, niin niiden kenkien pit\u00e4\u00e4 sitten sopia monenlaiseen k\u00e4ytt\u00f6\u00f6n.<\/p>\n<p>Suomalaiset arvostavat kenki\u00e4 hankkiessa: mukavuutta, k\u00e4yt\u00e4nn\u00f6llisyytt\u00e4, jalkineiden ulkon\u00e4k\u00f6\u00e4 ja laatua. All Over Press<\/p>\n<p class=\"paragraph\">\u2013 T\u00e4m\u00e4 on hyv\u00e4 asia, sill\u00e4 seh\u00e4n tarkoittaa, ett\u00e4 kun mukavuus ja k\u00e4yt\u00e4nn\u00f6llisyys nousevat noin t\u00e4rkeiksi, niin ostetaan oikeesti sellaisia kenki\u00e4, jotka ovat hyvi\u00e4 jalassa. N\u00e4in tulee v\u00e4hemm\u00e4n erilaisia ongelmia.<\/p>\n<p class=\"paragraph\">No mist\u00e4 ne keng\u00e4t sitten halutaan ostaa? Jopa seitsem\u00e4nkymment\u00e4 prosenttia ostaa ne kivijalasta, kun taas alle viidesosa suosii kenk\u00e4ostoksissa verkkokauppoja, ja kenki\u00e4 ostetaan mieluiten nimenomaan uusina.<\/p>\n<p class=\"paragraph\">\u2013 Jopa 93 prosenttia vastaajista sanoi, ett\u00e4 haluaa ostaa keng\u00e4t uusina.<\/p>\n<p class=\"paragraph\">Uusista kengist\u00e4 ollaan valmiita maksamaan keksim\u00e4\u00e4rin noin 76\u2013150 euroa.<\/p>\n<p>Valtaosa suomalaisista suosii uusien kenkien ostamista kivijalkamyym\u00e4l\u00f6ist\u00e4 paikan p\u00e4\u00e4lt\u00e4. Kuvassa Gemma Ward. All Over Press<\/p>\n<p class=\"paragraph\">Uusien kenkien ostamisessa haastavimmaksi koetaan oikean koon valinta. Halutaan l\u00f6yt\u00e4\u00e4 k\u00e4yt\u00e4nn\u00f6llisi\u00e4 kenki\u00e4, jotka sopivat nimenomaan Suomen oloihin.<\/p>\n<p class=\"paragraph\">\u2013 Hankalaksi koetaan sek\u00e4 oikean koon ett\u00e4 istuvuudeltaan sopivan keng\u00e4n l\u00f6ytyminen ja t\u00e4ss\u00e4 kohtaa ostamisessa toivotaan eniten apua myyjilt\u00e4. Myyj\u00e4 osaa avustaa l\u00f6yt\u00e4m\u00e4\u00e4n henkil\u00f6n tarpeeseen sopivia vaihtoehtoja, auttamaan koonvalinnassa ja kertoa esimerkiksi kenkien pohjamateriaaleista, jotka sopivat t\u00e4nne meid\u00e4n keleihin.<\/p>\n<p class=\"paragraph\">Jopa yli puolet vastaajista tunnusti k\u00e4ytt\u00e4neens\u00e4 joskus liian pieni\u00e4 kenki\u00e4. Konkreettisina ongelmina kengist\u00e4 on aiheutunut eniten rakkoja tai hiertymi\u00e4 78 prosentille. Muita yleisimpi\u00e4 haittoja olivat kovettumat tai k\u00e4ns\u00e4t l\u00e4hes kolmanneksella sek\u00e4 reilulla kymmenell\u00e4 prosentista vaivaisenluu- tai vasaravarvasvaivat.<\/p>\n<p>Monet my\u00f6nt\u00e4v\u00e4t k\u00e4ytt\u00e4neens\u00e4 liian pieni\u00e4 kenki\u00e4. T\u00e4st\u00e4 voi kuitenkin seurata kiusallisia jalkavaivoja. All Over Press<\/p>\n<p class=\"paragraph\">Ilahduttavan monesti myyjilt\u00e4 kysell\u00e4\u00e4n my\u00f6s paljon huolto-ohjeita kenk\u00e4ostoksilla.<\/p>\n<p class=\"paragraph\">\u2013 Seh\u00e4n on tosi iloinen asia. Yli puolet huoltaa ne keng\u00e4t ennen k\u00e4ytt\u00f6\u00f6nottoa v\u00e4hint\u00e4\u00e4n suojasuihkeella. T\u00e4m\u00e4 on siis selke\u00e4sti nyt t\u00e4\u00e4ll\u00e4 Suomessa opittu.<\/p>\n","protected":false},"excerpt":{"rendered":"Kuinka monet keng\u00e4t suomalainen tyypillisesti omistaa? Ja kuulutko sin\u00e4 t\u00e4h\u00e4n joukkoon? Suomalaiset ovat harkitsevia kenk\u00e4ostoksilla eik\u00e4 her\u00e4teostoksia juuri&hellip;\n","protected":false},"author":2,"featured_media":31260,"comment_status":"","ping_status":"","sticky":false,"template":"","format":"standard","meta":{"footnotes":""},"categories":[130],"tags":[8673,137,33,31,30,9265,8674,2351,9266,898,3187,1390,9267,9268,9269,32,2350,3038,2200,109],"class_list":{"0":"post-31259","1":"post","2":"type-post","3":"status-publish","4":"format-standard","5":"has-post-thumbnail","7":"category-viihde","8":"tag-asusteet","9":"tag-entertainment","10":"tag-fi","11":"tag-finland","12":"tag-finnish","13":"tag-juhlakengat","14":"tag-kengat","15":"tag-kengat-ja-asusteet","16":"tag-korkokengat","17":"tag-kulutustavarat","18":"tag-kulutustavarat-ja-palvelut-sektori","19":"tag-kuukausi","20":"tag-lenkkarit","21":"tag-maiharit","22":"tag-saappaat","23":"tag-suomi","24":"tag-vaatekappaleet","25":"tag-vahittaiskauppa-erikoistumattomissa-myymaloissa","26":"tag-vahittaiskauppa-pl-moottoriajoneuvot-kotitaloustavaroiden-korjaus","27":"tag-viihde"},"share_on_mastodon":{"url":"","error":""},"_links":{"self":[{"href":"https:\/\/www.europesays.com\/fi\/wp-json\/wp\/v2\/posts\/31259","targetHints":{"allow":["GET"]}}],"collection":[{"href":"https:\/\/www.europesays.com\/fi\/wp-json\/wp\/v2\/posts"}],"about":[{"href":"https:\/\/www.europesays.com\/fi\/wp-json\/wp\/v2\/types\/post"}],"author":[{"embeddable":true,"href":"https:\/\/www.europesays.com\/fi\/wp-json\/wp\/v2\/users\/2"}],"replies":[{"embeddable":true,"href":"https:\/\/www.europesays.com\/fi\/wp-json\/wp\/v2\/comments?post=31259"}],"version-history":[{"count":0,"href":"https:\/\/www.europesays.com\/fi\/wp-json\/wp\/v2\/posts\/31259\/revisions"}],"wp:featuredmedia":[{"embeddable":true,"href":"https:\/\/www.europesays.com\/fi\/wp-json\/wp\/v2\/media\/31260"}],"wp:attachment":[{"href":"https:\/\/www.europesays.com\/fi\/wp-json\/wp\/v2\/media?parent=31259"}],"wp:term":[{"taxonomy":"category","embeddable":true,"href":"https:\/\/www.europesays.com\/fi\/wp-json\/wp\/v2\/categories?post=31259"},{"taxonomy":"post_tag","embeddable":true,"href":"https:\/\/www.europesays.com\/fi\/wp-json\/wp\/v2\/tags?post=31259"}],"curies":[{"name":"wp","href":"https:\/\/api.w.org\/{rel}","templated":true}]}}