{"id":312592,"date":"2026-07-29T23:23:18","date_gmt":"2026-07-29T23:23:18","guid":{"rendered":"https:\/\/www.europesays.com\/fi\/312592\/"},"modified":"2026-07-29T23:23:18","modified_gmt":"2026-07-29T23:23:18","slug":"uudet-maailmanperintokohteet-ovat-taynna-yksityiskohtia-joita-kaikki-eivat-huomaa-tassa-erikoisimmat-kotimaa","status":"publish","type":"post","link":"https:\/\/www.europesays.com\/fi\/312592\/","title":{"rendered":"Uudet maailmanperint\u00f6\u00adkohteet ovat t\u00e4ynn\u00e4 yksityiskohtia, joita kaikki eiv\u00e4t huomaa \u2013 t\u00e4ss\u00e4 erikoisimmat | Kotimaa"},"content":{"rendered":"<ul class=\"aw__sc-1yb43iq-0 gFXHv yle__article__list yle__article__list--ul\">\n<li class=\"aw__sc-1yb43iq-1 gVAzbt\">Alvar Aallon rakennuksissa on erikoisia yksityiskohtia, joita h\u00e4n versioi rakennuksesta toiseen.<\/li>\n<li class=\"aw__sc-1yb43iq-1 gVAzbt\">Yle ker\u00e4si esimerkkej\u00e4 Unescon maailmanperint\u00f6kohde Aalto Worksin 13 rakennuksesta.<\/li>\n<li class=\"aw__sc-1yb43iq-1 gVAzbt\">Sein\u00e4joen kirkossa lattia on kalteva. Paimion parantolaan Aalto suunnitteli hiljaisen pesualtaan.<\/li>\n<li class=\"aw__sc-1yb43iq-1 gVAzbt\">Museoviraston yliarkkitehti Jonas Malmberg kehottaa katsomaan Aallon lamppuja ja tilank\u00e4ytt\u00f6\u00e4.<\/li>\n<\/ul>\n<p class=\"aw__sc-1qwuw0s-0 aw__sc-ngllmo-0 epAWpq fzYpjk yle__article__paragraph\"><strong class=\"aw__sc-ngllmo-2 gdRrun yle__article__strong\">Alvar Aallon<\/strong> arkkitehtitoimiston suunnittelemissa rakennuksissa on yksityiskohtia, joita voi l\u00f6yt\u00e4\u00e4 monesta eri kohteesta. Aalto ja h\u00e4nen toimistonsa arkkitehdit versioivat ideoitaan rakennuksesta toiseen.<\/p>\n<p class=\"aw__sc-1qwuw0s-0 aw__sc-ngllmo-0 epAWpq fzYpjk yle__article__paragraph\">Yle ker\u00e4si yksityiskohtia <a class=\"aw__sc-ngllmo-1 bTDnwX yle__article__link\" href=\"https:\/\/yle.fi\/a\/74-20237691\" role=\"link\" rel=\"nofollow noopener\" target=\"_blank\">Unescon maailmanperint\u00f6\u00adkohteeksi valitun<\/a> Aalto Worksin 13 kohteen joukosta.<\/p>\n<p class=\"aw__sc-1qwuw0s-0 aw__sc-ngllmo-0 epAWpq fzYpjk yle__article__paragraph\">My\u00f6s Museoviraston yliarkkitehti <strong class=\"aw__sc-ngllmo-2 gdRrun yle__article__strong\">Jonas Malmberg<\/strong> nostaa esiin kiinnostavia piirteit\u00e4 Aallon rakennuksissa.<\/p>\n<p class=\"aw__sc-1qwuw0s-0 aw__sc-ngllmo-0 epAWpq fzYpjk yle__article__paragraph\">T\u00e4llaisia erikoisuuksia rakennuksista l\u00f6ytyi.<\/p>\n<p>Sein\u00e4joen Lakeuden ristin kirkko: kalteva lattiaLakeuden ristin kaltevalla lattialla py\u00f6rii pallo hyvin. Video: Pasi Takkunen \/ Yle<\/p>\n<p class=\"aw__sc-1qwuw0s-0 aw__sc-ngllmo-0 epAWpq fzYpjk yle__article__paragraph\">Sein\u00e4joen Aalto-keskuksessa Lakeuden ristin kirkon n\u00e4enn\u00e4isen yksinkertainen muoto ymp\u00e4rist\u00f6ineen on t\u00e4ynn\u00e4 harkittuja yksityiskohtia.<\/p>\n<p class=\"aw__sc-1qwuw0s-0 aw__sc-ngllmo-0 epAWpq fzYpjk yle__article__paragraph\">Niist\u00e4 kenties yll\u00e4tt\u00e4vin on kirkon lattia.<\/p>\n<p class=\"aw__sc-1qwuw0s-0 aw__sc-ngllmo-0 epAWpq fzYpjk yle__article__paragraph\">Kirkon eteisest\u00e4 alttarille johtavalla k\u00e4yt\u00e4v\u00e4ll\u00e4 on mittaa 47 metri\u00e4. Lattia on kalteva siten, ett\u00e4 alttari on 60 sentti\u00e4 alempana kuin eteisen suuaukko.<\/p>\n<p class=\"aw__sc-1qwuw0s-0 aw__sc-ngllmo-0 epAWpq fzYpjk yle__article__paragraph\">Kaltevuuden yhten\u00e4 perusteena Aallolla oli piha-alueen huomioiminen.<\/p>\n<p><img decoding=\"async\" alt=\"Tiilist\u00e4 tehty kirkonlattia.\" src=\"https:\/\/www.europesays.com\/fi\/wp-content\/uploads\/2026\/07\/1785238510.jpeg\" class=\"aw__sc-dklauk-0 LPzKX\"\/><\/p>\n<p>Avaa kuvien katselu<\/p>\n<p><img decoding=\"async\" alt=\"lakeuden risti Sein\u00e4joella. \" src=\"https:\/\/www.europesays.com\/fi\/wp-content\/uploads\/2026\/07\/1785235833.jpeg\" class=\"aw__sc-dklauk-0 LPzKX\"\/><\/p>\n<p>Avaa kuvien katselu<\/p>\n<p class=\"aw__sc-1qwuw0s-0 aw__sc-ngllmo-0 epAWpq fzYpjk yle__article__paragraph\">Kirkon p\u00e4\u00e4dyss\u00e4 olevat p\u00e4\u00e4ovet piti suunnitelmissa saada avattua kokonaan sivuille. N\u00e4in kirkon 1\u00a0400 paikkaa olisivat saaneet niin ik\u00e4\u00e4n kaltevaksi pengerretylt\u00e4 pihalta 2\u00a0000 lis\u00e4paikkaa.<\/p>\n<p class=\"aw__sc-1qwuw0s-0 aw__sc-ngllmo-0 epAWpq fzYpjk yle__article__paragraph\">Kaltevuuden ansiosta kaikki my\u00f6s n\u00e4kisiv\u00e4t alttarille asti.<\/p>\n<p class=\"aw__sc-1qwuw0s-0 aw__sc-ngllmo-0 epAWpq fzYpjk yle__article__paragraph\">Lakeuden ristin kirkko vihittiin k\u00e4ytt\u00f6\u00f6n vuonna 1960.<\/p>\n<p>Paimion parantola: hiljainen allasAalto valitsi samanlaiset pesualtaat my\u00f6s Helsingin kotiinsa. Video: Minna Rosvall \/ Yle<\/p>\n<p class=\"aw__sc-1qwuw0s-0 aw__sc-ngllmo-0 epAWpq fzYpjk yle__article__paragraph\">Alvar Aalto suunnitteli hiljaisen pesualtaan Paimion parantolaa varten. Parantola valmistui vuonna 1933. Siell\u00e4 hoidettiin keuhkotautipotilaita 1960-luvulle asti. Sen j\u00e4lkeen rakennus toimi yleissairaalana 2010-luvun puoliv\u00e4liin saakka.<\/p>\n<p class=\"aw__sc-1qwuw0s-0 aw__sc-ngllmo-0 epAWpq fzYpjk yle__article__paragraph\">Aalto kertoi hiljaisen pesualtaan synnyst\u00e4 esitelm\u00e4ss\u00e4\u00e4n Wienin arkkitehtiliitolle vuonna 1955.<\/p>\n<p class=\"aw__sc-1qwuw0s-0 aw__sc-ngllmo-0 epAWpq fzYpjk yle__article__paragraph\">\u2013 Kun otin vastaan [Paimion parantolan] suunnitteluteht\u00e4v\u00e4n olin itse sairaana ja sen t\u00e4hden minulla oli mahdollisuuksia tehd\u00e4 muutamia kokeita ja tutkia millaista oli olla todella sairas, kertoi Aalto.<\/p>\n<p><img decoding=\"async\" alt=\"Paimion parantolan markkinointip\u00e4\u00e4llikk\u00f6 Milla Paulam\u00e4ki n\u00e4ytt\u00e4\u00e4, miten vesi laskeutuu hiljaisesta pesualtaasta.\" src=\"https:\/\/www.europesays.com\/fi\/wp-content\/uploads\/2026\/07\/1785209572.jpeg\" class=\"aw__sc-dklauk-0 LPzKX\"\/><\/p>\n<p>Avaa kuvien katselu<\/p>\n<p><img decoding=\"async\" alt=\"Kuva julisteesta, jossa kerrotaan Paimion parantolan  hiljaisesta k\u00e4sienpesualtaasta.\" src=\"https:\/\/www.europesays.com\/fi\/wp-content\/uploads\/2026\/07\/1785209481.jpeg\" class=\"aw__sc-dklauk-0 LPzKX\"\/><\/p>\n<p>Avaa kuvien katselu<\/p>\n<p class=\"aw__sc-1qwuw0s-0 aw__sc-ngllmo-0 epAWpq fzYpjk yle__article__paragraph\">H\u00e4n yritti suunnitella heikoille potilaille huoneita, jotka tarjoaisivat rauhallisen ilmapiirin. Vesi laskeutuu posliinille 45 asteen kulmassa.<\/p>\n<p class=\"aw__sc-1qwuw0s-0 aw__sc-ngllmo-0 epAWpq fzYpjk yle__article__paragraph\">\u2013 Yritin suunnitella altaan, jossa vesi ei aiheuta melua, koska se ei kohtaa posliinia ter\u00e4v\u00e4ss\u00e4 kulmassa eik\u00e4 siten juostessaan haittaa naapuripotilasta.<\/p>\n<p class=\"aw__sc-1qwuw0s-0 aw__sc-ngllmo-0 epAWpq fzYpjk yle__article__paragraph\">Alvar Aalto valitsi samanlaiset altaat my\u00f6s Helsingin Riihitien kotitaloonsa, kun se valmistui vuonna 1936.<\/p>\n<p>Villa Mairea: uima-allas<img decoding=\"async\" alt=\"Villa Mairean puutarhassa kaareva uima-allas.\" src=\"https:\/\/www.europesays.com\/fi\/wp-content\/uploads\/2026\/07\/1785234649.jpeg\" loading=\"lazy\" class=\"aw__sc-dklauk-0 LPzKX\"\/><\/p>\n<p>Avaa kuvien katselu<\/p>\n<p>Urbaanilegendan mukaan Alvar Aallon yst\u00e4v\u00e4 Thomas Church suunnitteli USA:han 1940-luvun lopulla hyvin samankaltaisen uima-altaan. Skeittaajat k\u00e4yttiv\u00e4t sit\u00e4 ramppien esikuvana. Kuva: Kati M. Rantala \/ Yle<\/p>\n<p class=\"aw__sc-1qwuw0s-0 aw__sc-ngllmo-0 epAWpq fzYpjk yle__article__paragraph\">Alvar ja Aino Aalto suunnittelivat vuonna 1939 Noormarkkuun valmistuneen Villa Mairean yst\u00e4v\u00e4pariskunnalleen <strong class=\"aw__sc-ngllmo-2 gdRrun yle__article__strong\">Maire<\/strong> ja <strong class=\"aw__sc-ngllmo-2 gdRrun yle__article__strong\">Harry Gullichsenille<\/strong> kodiksi ja edustustilaksi.<\/p>\n<p class=\"aw__sc-1qwuw0s-0 aw__sc-ngllmo-0 epAWpq fzYpjk yle__article__paragraph\">Arkkitehdit saivat mahdollisuuden kokeilla uudenlaisia ratkaisuja syd\u00e4mens\u00e4 kyllyydest\u00e4. Yksi innovaatioista on puutarhassa sijaitseva uima-allas yksityiskohtineen.<\/p>\n<p class=\"aw__sc-1qwuw0s-0 aw__sc-ngllmo-0 epAWpq fzYpjk yle__article__paragraph\">Munuaisenmuotoinen allas heijastaa tyyneen pintaansa kuvan p\u00e4\u00e4talosta. Allas-alueen kulmassa jykev\u00e4 liuskekivitakka toimii samalla ulkoportaina yl\u00e4kertaan.<\/p>\n<p>Kotkan Sunilan asuinalue: puus\u00e4leik\u00f6t<img decoding=\"async\" alt=\"Kerrostalon sis\u00e4\u00e4nk\u00e4yntikatoksia tukevat puuriukus\u00e4leik\u00f6t.\" src=\"https:\/\/www.europesays.com\/fi\/wp-content\/uploads\/2026\/07\/1785223981.jpeg\" class=\"aw__sc-dklauk-0 LPzKX\"\/><img decoding=\"async\" alt=\"Alvar Aallon suunnittelema Kuuselan kerrostalo Kotkan Sunilassa.\" src=\"https:\/\/www.europesays.com\/fi\/wp-content\/uploads\/2026\/07\/1785229703.jpeg\" class=\"aw__sc-dklauk-0 LPzKX\"\/>Sunila oli Suomen ensimm\u00e4inen mets\u00e4l\u00e4hi\u00f6, ja alueen m\u00e4ntymets\u00e4 jatkuu s\u00e4leik\u00f6iss\u00e4. Kuvat: Tiina Jutila \/ Yle (vasen), Antro Valo \/ Yle (oikea)<\/p>\n<p class=\"aw__sc-1qwuw0s-0 aw__sc-ngllmo-0 epAWpq fzYpjk yle__article__paragraph\">Kuusela-kerrostalon sis\u00e4\u00e4nk\u00e4yntikatoksia tukevat puuriukus\u00e4leik\u00f6t ovat er\u00e4s versio mets\u00e4metaforasta, jota l\u00f6ytyy muualtakin Aallon tuotannosta.<\/p>\n<p class=\"aw__sc-1qwuw0s-0 aw__sc-ngllmo-0 epAWpq fzYpjk yle__article__paragraph\">Kuuselan puus\u00e4leik\u00f6t toistuvat jollain tavalla muissakin Sunilan rakennuksissa, kertoo arkkitehti <strong class=\"aw__sc-ngllmo-2 gdRrun yle__article__strong\">Tapani Mustonen<\/strong>. Muun muassa Sunilan Kantolan talon sis\u00e4pihan k\u00f6ynn\u00f6skehikoissa on samantyyppinen rakenne.<\/p>\n<p class=\"aw__sc-1qwuw0s-0 aw__sc-ngllmo-0 epAWpq fzYpjk yle__article__paragraph\">\u2013 Kaikissa on ollut sama pehment\u00e4v\u00e4 vaikutus valkoiseksi maalattuihin tai rapattuihin rakennuksiin, Mustonen sanoo.<\/p>\n<p class=\"aw__sc-1qwuw0s-0 aw__sc-ngllmo-0 epAWpq fzYpjk yle__article__paragraph\">Aalto k\u00e4ytti riukus\u00e4leikk\u00f6j\u00e4 my\u00f6s omassa kotitalossaan Helsingin Munkkiniemess\u00e4 ja Villa Maireassa Porissa.<\/p>\n<p><img decoding=\"async\" alt=\"Alvar Aallon suunnittelema Kuuselan kerrostalo Kotkan Sunilassa.\" src=\"https:\/\/www.europesays.com\/fi\/wp-content\/uploads\/2026\/07\/1785367396_369_1785229703.jpeg\" loading=\"lazy\" class=\"aw__sc-dklauk-0 LPzKX\"\/><\/p>\n<p>Avaa kuvien katselu<\/p>\n<p>Sunilan asuntojen julkisivuissa on arkkitehti Tapani Mustosen mukaan hienoja yksityiskohtia, kuten ikkunalistat ja k\u00f6ynn\u00f6skehikot. Kuva: Antro Valo \/ YleS\u00e4yn\u00e4tsalon kunnantalo: nahkainen kahvaS\u00e4yn\u00e4tsalon kunnantalon ovenkahva on edelleen n\u00e4ht\u00e4vyys. Video: Jaana Polamo \/ Yle<\/p>\n<p class=\"aw__sc-1qwuw0s-0 aw__sc-ngllmo-0 epAWpq fzYpjk yle__article__paragraph\">S\u00e4yn\u00e4tsalon kunnantalon ovenkahvat on p\u00e4\u00e4llystetty kest\u00e4v\u00e4ksi k\u00e4sitellyll\u00e4 nahalla.<\/p>\n<p class=\"aw__sc-1qwuw0s-0 aw__sc-ngllmo-0 epAWpq fzYpjk yle__article__paragraph\">Nahka edusti helpommin l\u00e4hestytt\u00e4v\u00e4\u00e4 otetta rakennukseen kuin useimmiten hallintorakennusten ovenkahvoissa k\u00e4ytetty metalli.<\/p>\n<p class=\"aw__sc-1qwuw0s-0 aw__sc-ngllmo-0 epAWpq fzYpjk yle__article__paragraph\">Uniikit ovenkahvat olivat niin kiinnostavia, ett\u00e4 sihteereit\u00e4 pyydettiin avaamaan ty\u00f6huoneiden ovet varovaisesti, jottei ovi osuisi niit\u00e4 valokuvaaviin kameroihin.<\/p>\n<p><img decoding=\"async\" alt=\"S\u00e4yn\u00e4tsalon kunnantalon tiilisein\u00e4ss\u00e4 on kyltti, jossa lukee &quot;Kunnantoimisto&quot;.\" src=\"https:\/\/www.europesays.com\/fi\/wp-content\/uploads\/2026\/07\/1785244487.jpeg\" loading=\"lazy\" class=\"aw__sc-dklauk-0 LPzKX\"\/><\/p>\n<p>Avaa kuvien katselu<\/p>\n<p>Alvar Aalto k\u00e4ytti kunnantalon p\u00e4\u00e4materiaalina punatiilt\u00e4. Sit\u00e4 on niin seiniss\u00e4, lattioissa kuin patterit peitt\u00e4viss\u00e4 tiilipenkeiss\u00e4. Kuva: Jaana Polamo \/ Yle<\/p>\n<p class=\"aw__sc-1qwuw0s-0 aw__sc-ngllmo-0 epAWpq fzYpjk yle__article__paragraph\">Aallolle oli t\u00e4rke\u00e4\u00e4, ettei tiilisein\u00e4 n\u00e4ytt\u00e4nyt tasaiselta. H\u00e4n halusi pintaan rosoa ja el\u00e4vyytt\u00e4. Niit\u00e4 haettiin k\u00e4ytt\u00e4m\u00e4ll\u00e4 ep\u00e4tasaisia ja eriv\u00e4risi\u00e4 tiili\u00e4.<\/p>\n<p class=\"aw__sc-1qwuw0s-0 aw__sc-ngllmo-0 epAWpq fzYpjk yle__article__paragraph\">My\u00f6s tiilten ladonnassa ja limityksess\u00e4 k\u00e4ytettiin tavallisen juoksuladonnan lis\u00e4ksi erilaisia tapoja.<\/p>\n<p>S\u00e4yn\u00e4tsalon kunnantalon julkisivun tiililadonta poikkeaa perinteisest\u00e4. Kuvaus ja leikkaus: Jaana Polamo <\/p>\n<p class=\"aw__sc-1qwuw0s-0 aw__sc-ngllmo-0 epAWpq fzYpjk yle__article__paragraph\">S\u00e4yn\u00e4tsalon kunnantalo valmistui vuonna 1952. Rakennuksessa on kokoussalien ja toimistotilojen lis\u00e4ksi asuintiloja ja kirjasto. 1993 S\u00e4yn\u00e4tsalosta tuli osa Jyv\u00e4skyl\u00e4\u00e4.<\/p>\n<p>Munkkiniemen ateljee: sis\u00e4pihan amfiteatteri<img decoding=\"async\" alt=\"Amfiteatteri n\u00e4kyy ateljeen sis\u00e4puolelta.\" src=\"https:\/\/www.europesays.com\/fi\/wp-content\/uploads\/2026\/07\/1785245928.jpeg\" loading=\"lazy\" class=\"aw__sc-dklauk-0 LPzKX\"\/><\/p>\n<p>Avaa kuvien katselu<\/p>\n<p>Aallon Ateljeen erikoisuus on sis\u00e4pihan amfiteatteri. Suuret ikkunat madaltavat ulko- ja sis\u00e4tilan rajaa. Kuva: Selma Rita \/ Yle<\/p>\n<p class=\"aw__sc-1qwuw0s-0 aw__sc-ngllmo-0 epAWpq fzYpjk yle__article__paragraph\"><strong class=\"aw__sc-ngllmo-2 gdRrun yle__article__strong\">Alvar<\/strong> ja <strong class=\"aw__sc-ngllmo-2 gdRrun yle__article__strong\">Elissa Aalto<\/strong> suunnittelivat Aalto Ateljeen arkkitehtitoimiston k\u00e4ytt\u00f6\u00f6n.<\/p>\n<p class=\"aw__sc-1qwuw0s-0 aw__sc-ngllmo-0 epAWpq fzYpjk yle__article__paragraph\">Vuonna 1955 valmistuneen rakennuksen toimistotilat koostuvat piirustushuoneesta, Alvar Aallon ty\u00f6huoneesta ja neuvotteluhuoneesta.<\/p>\n<p class=\"aw__sc-1qwuw0s-0 aw__sc-ngllmo-0 epAWpq fzYpjk yle__article__paragraph\">Sis\u00e4pihan amfiteatteria vastap\u00e4\u00e4t\u00e4 on valkoinen sein\u00e4, johon arvellaan Aaltojen heijastaneen elokuvia.<\/p>\n<p><img decoding=\"async\" alt=\"Valkoiseen sein\u00e4\u00e4n voi heijastaa elokuvia.\" src=\"https:\/\/www.europesays.com\/fi\/wp-content\/uploads\/2026\/07\/1785245949.jpeg\" loading=\"lazy\" class=\"aw__sc-dklauk-0 LPzKX\"\/><\/p>\n<p>Avaa kuvien katselu<\/p>\n<p>Alvar Aalto oli yksi Suomen ensimm\u00e4isen elokuvakerhon perustajista. Ei ole varmuutta, onko Alvar Aalto itse heijastanut elokuvia amfiteatterin sein\u00e4lle, mutta nyky\u00e4\u00e4n sein\u00e4\u00e4 k\u00e4ytet\u00e4\u00e4n elokuvien n\u00e4ytt\u00e4miseen. Kuva: Selma Rita \/ YleAsiantuntija: katso lamppuja ja laattoja<\/p>\n<p class=\"aw__sc-1qwuw0s-0 aw__sc-ngllmo-0 epAWpq fzYpjk yle__article__paragraph\">Aallon valintojen taustalla on mielenkiintoisia tarinoita. Museoviraston yliarkkitehti Jonas Malmberg tuntee Aallon ty\u00f6t l\u00e4pikotaisin, mutta h\u00e4nk\u00e4\u00e4n ei osaa varmasti sanoa, miksi jokin yksityiskohta on sellainen kuin on.<\/p>\n<p class=\"aw__sc-1qwuw0s-0 aw__sc-ngllmo-0 epAWpq fzYpjk yle__article__paragraph\">H\u00e4nen mukaansa Alvar Aalto harvoin kertoi valintojensa taustoja.<\/p>\n<p class=\"aw__sc-1qwuw0s-0 aw__sc-ngllmo-0 epAWpq fzYpjk yle__article__paragraph\">Malmbergin mukaan Aallon kohteissa vierailevan kannattaa tutkia etenkin sis\u00e4tilan ja ulkotilan yhteytt\u00e4.<\/p>\n<p class=\"aw__sc-1qwuw0s-0 aw__sc-ngllmo-0 epAWpq fzYpjk yle__article__paragraph\">Esimerkiksi Villa Maireassa Aalto suunnitteli ulos m\u00e4ntymets\u00e4n keskelle rakennusten rajaaman ulkotilan uima-altaineen. Ulkotila jatkuu sis\u00e4lle, kun suuret lasiset liukuovet avataan.<\/p>\n<p><img decoding=\"async\" alt=\"Sein\u00e4joen Aalto-kirjaston messinkiset ovenkahvat. Ylempi aikuisille, alempi lapsille. \" src=\"https:\/\/www.europesays.com\/fi\/wp-content\/uploads\/2026\/07\/1670224713.jpeg\" loading=\"lazy\" class=\"aw__sc-dklauk-0 LPzKX\"\/><\/p>\n<p>Avaa kuvien katselu<\/p>\n<p>Aaltokahva l\u00f6ytyy muun muassa Sein\u00e4joen kaupunginkirjastossa. \u201dNiit\u00e4 on aikoinaan my\u00f6s myyty rautakaupassa\u201d, kertoo Jonas Malmberg Museovirastosta. Kuva: Pasi Takkunen \/ Yle<\/p>\n<p class=\"aw__sc-1qwuw0s-0 aw__sc-ngllmo-0 epAWpq fzYpjk yle__article__paragraph\">Aallolla oli tapana versioida ideoitaan.<\/p>\n<p class=\"aw__sc-1qwuw0s-0 aw__sc-ngllmo-0 epAWpq fzYpjk yle__article__paragraph\">Esimerkki Aallon versioista ovat ovenkahvat, jotka suunniteltiin alun perin Rautatalolle Helsinkiin. Kahvan versioita l\u00f6ytyy niin Sein\u00e4joen kaupungintalolta kuin Helsingin Akateemisen kirjakaupan ovista.<\/p>\n<p class=\"aw__sc-1qwuw0s-0 aw__sc-ngllmo-0 epAWpq fzYpjk yle__article__paragraph\">Valaisimista Malmberg nostaa esiin Sein\u00e4joen kirjaston lukusalin p\u00f6yt\u00e4lamput. <a class=\"aw__sc-ngllmo-1 bTDnwX yle__article__link\" href=\"https:\/\/yle.fi\/a\/3-8023601\" role=\"link\" rel=\"nofollow noopener\" target=\"_blank\">Ne p\u00e4\u00e4siv\u00e4t takaisin<\/a> kunnostettuihin p\u00f6ytiin pitk\u00e4n varastokauden j\u00e4lkeen, kun Aallon kirjaston peruskorjaus valmistui.<\/p>\n<p><img decoding=\"async\" alt=\"Aalto-kirjaston restauroinnin yhteydess\u00e4 kaikki mustikka- tai naurislamput kunnostettiin. Sit\u00e4 ennen niit\u00e4 s\u00e4ilytettiin varastossa 30 vuotta.\" src=\"https:\/\/www.europesays.com\/fi\/wp-content\/uploads\/2026\/07\/1670225567.jpeg\" loading=\"lazy\" class=\"aw__sc-dklauk-0 LPzKX\"\/><\/p>\n<p>Avaa kuvien katselu<\/p>\n<p>Aallon mustikkalamput olivat kellarissa 30 vuotta. Kuva: Pasi Takkunen \/ Yle<\/p>\n<p class=\"aw__sc-1qwuw0s-0 aw__sc-ngllmo-0 epAWpq fzYpjk yle__article__paragraph\">Kodikkuus on leimallista Aallon toimiston t\u00f6ille.<\/p>\n<p class=\"aw__sc-1qwuw0s-0 aw__sc-ngllmo-0 epAWpq fzYpjk yle__article__paragraph\">\u2013 Kannattaa huomioida, miten taitavasti Aalto k\u00e4ytt\u00e4\u00e4 monia eri materiaaleja, eik\u00e4 kokonaisuus silti ole sillisalaattia, sanoo Malmberg.<\/p>\n<p class=\"aw__sc-1qwuw0s-0 aw__sc-ngllmo-0 epAWpq fzYpjk yle__article__paragraph\">Siniset kouruklinkkerit ovat tyypillinen yksityiskohta, joita l\u00f6ytyy Aallon rakennuksista niin sis\u00e4lt\u00e4 kuin ulkoa. V\u00e4ritykset vaihtelevat, ja lavein kirjo l\u00f6ytyy Kansanel\u00e4kelaitokselta Helsingist\u00e4.<\/p>\n","protected":false},"excerpt":{"rendered":"Alvar Aallon rakennuksissa on erikoisia yksityiskohtia, joita h\u00e4n versioi rakennuksesta toiseen. Yle ker\u00e4si esimerkkej\u00e4 Unescon maailmanperint\u00f6kohde Aalto Worksin&hellip;\n","protected":false},"author":2,"featured_media":312593,"comment_status":"","ping_status":"","sticky":false,"template":"","format":"standard","meta":{"footnotes":"","_share_on_mastodon":"0"},"categories":[5],"tags":[4484,22,23,1377,26,27,33,31,30,17,104,425,474,71,465,108,464,24,25,26511,28,29,15,12011,18,21,10018,2787,3639,968,680,32,19,20,4481,4482,1168,16,663],"class_list":["post-312592","post","type-post","status-publish","format-standard","has-post-thumbnail","category-otsikot","tag-alvar-aalto","tag-breaking-news","tag-breakingnews","tag-etela-pohjanmaa","tag-featured-news","tag-featurednews","tag-fi","tag-finland","tag-finnish","tag-headlines","tag-helsinki","tag-jyvaskyla","tag-keski-suomi","tag-kotimaa","tag-kotka","tag-kulttuuri","tag-kymenlaakso","tag-latest-news","tag-latestnews","tag-maailmanperintokohteet","tag-main-news","tag-mainnews","tag-news","tag-noormarkku","tag-otsikot","tag-paauutiset","tag-paimio","tag-pori","tag-rakennukset","tag-satakunta","tag-seinajoki","tag-suomi","tag-top-stories","tag-topstories","tag-unescon-maailmanperintoluettelo","tag-unescon-maailmanperintoluettelokohde","tag-uusimaa","tag-uutiset","tag-varsinais-suomi"],"share_on_mastodon":{"url":"","error":"Validation failed: Text character limit of 500 exceeded"},"_links":{"self":[{"href":"https:\/\/www.europesays.com\/fi\/wp-json\/wp\/v2\/posts\/312592","targetHints":{"allow":["GET"]}}],"collection":[{"href":"https:\/\/www.europesays.com\/fi\/wp-json\/wp\/v2\/posts"}],"about":[{"href":"https:\/\/www.europesays.com\/fi\/wp-json\/wp\/v2\/types\/post"}],"author":[{"embeddable":true,"href":"https:\/\/www.europesays.com\/fi\/wp-json\/wp\/v2\/users\/2"}],"replies":[{"embeddable":true,"href":"https:\/\/www.europesays.com\/fi\/wp-json\/wp\/v2\/comments?post=312592"}],"version-history":[{"count":0,"href":"https:\/\/www.europesays.com\/fi\/wp-json\/wp\/v2\/posts\/312592\/revisions"}],"wp:featuredmedia":[{"embeddable":true,"href":"https:\/\/www.europesays.com\/fi\/wp-json\/wp\/v2\/media\/312593"}],"wp:attachment":[{"href":"https:\/\/www.europesays.com\/fi\/wp-json\/wp\/v2\/media?parent=312592"}],"wp:term":[{"taxonomy":"category","embeddable":true,"href":"https:\/\/www.europesays.com\/fi\/wp-json\/wp\/v2\/categories?post=312592"},{"taxonomy":"post_tag","embeddable":true,"href":"https:\/\/www.europesays.com\/fi\/wp-json\/wp\/v2\/tags?post=312592"}],"curies":[{"name":"wp","href":"https:\/\/api.w.org\/{rel}","templated":true}]}}