{"id":312640,"date":"2026-07-30T01:07:11","date_gmt":"2026-07-30T01:07:11","guid":{"rendered":"https:\/\/www.europesays.com\/fi\/312640\/"},"modified":"2026-07-30T01:07:11","modified_gmt":"2026-07-30T01:07:11","slug":"tassa-on-ruuhimaen-testierikoiskokeen-lahtolista-urheilu","status":"publish","type":"post","link":"https:\/\/www.europesays.com\/fi\/312640\/","title":{"rendered":"T\u00e4ss\u00e4 on Ruuhim\u00e4en testierikoiskokeen l\u00e4ht\u00f6lista | Urheilu"},"content":{"rendered":"<p>Ruuhim\u00e4en testierikoiskokeen l\u00e4ht\u00f6lista<\/p>\n<p>\u200e1. Elfyn Evans, Toyota, luokka Rally1, auton numero 33<\/p>\n<p>\u200e2. Takamoto Katsuta, Toyota, Rally1, 18<\/p>\n<p>\u200e3. Sami Pajari, Toyota, Rally1, 5<\/p>\n<p>\u200e4. S\u00e9bastien Ogier, Toyota, Rally1, 1<\/p>\n<p>\u200e5. Oliver Solberg, Toyota, Rally1, 99<\/p>\n<p>\u200e6. Thierry Neuville, Hyundai, Rally1, 11<\/p>\n<p>\u200e7. Adrien Fourmaux, Hyundai, Rally1, 16<\/p>\n<p>\u200e8. Esapekka Lappi, Hyundai, Rally1, 4<\/p>\n<p>\u200e9. Jon Armstrong, Ford, Rally1, 95<\/p>\n<p>\u200e10. Joshua McErlean, Ford, Rally1, 55<\/p>\n<p>\u200e11. M\u0101rti\u0146\u0161 Sesks, Ford, Rally1, 22<\/p>\n<p>\u200e12. Roope Korhonen, Toyota, Rally2, 20<\/p>\n<p>\u200e13. Robert Virves, Skoda, Rally2, 25<\/p>\n<p>\u200e14. Teemu Suninen, Toyota, Rally2, 26<\/p>\n<p>\u200e15. Nikolay Gryazin, Lancia, Rally2, 23<\/p>\n<p>\u200e16. L\u00e9o Rossel, Lancia, Rally2, 21<\/p>\n","protected":false},"excerpt":{"rendered":"Ruuhim\u00e4en testierikoiskokeen l\u00e4ht\u00f6lista \u200e1. Elfyn Evans, Toyota, luokka Rally1, auton numero 33 \u200e2. Takamoto Katsuta, Toyota, Rally1, 18&hellip;\n","protected":false},"author":2,"featured_media":312641,"comment_status":"","ping_status":"","sticky":false,"template":"","format":"standard","meta":{"footnotes":"","_share_on_mastodon":"0"},"categories":[5],"tags":[648,22,23,6556,26,27,33,31,30,17,425,6625,24,25,121,28,29,15,18,21,4917,32,128,19,20,16],"class_list":["post-312640","post","type-post","status-publish","format-standard","has-post-thumbnail","category-otsikot","tag-autot","tag-breaking-news","tag-breakingnews","tag-elfyn-evans","tag-featured-news","tag-featurednews","tag-fi","tag-finland","tag-finnish","tag-headlines","tag-jyvaskyla","tag-jyvaskylan-mm-ralli","tag-latest-news","tag-latestnews","tag-liikenne-ja-kuljetus","tag-main-news","tag-mainnews","tag-news","tag-otsikot","tag-paauutiset","tag-sebastien-ogier","tag-suomi","tag-tieliikenne","tag-top-stories","tag-topstories","tag-uutiset"],"share_on_mastodon":{"url":"https:\/\/pubeurope.com\/@fi\/117006253790719803","error":""},"_links":{"self":[{"href":"https:\/\/www.europesays.com\/fi\/wp-json\/wp\/v2\/posts\/312640","targetHints":{"allow":["GET"]}}],"collection":[{"href":"https:\/\/www.europesays.com\/fi\/wp-json\/wp\/v2\/posts"}],"about":[{"href":"https:\/\/www.europesays.com\/fi\/wp-json\/wp\/v2\/types\/post"}],"author":[{"embeddable":true,"href":"https:\/\/www.europesays.com\/fi\/wp-json\/wp\/v2\/users\/2"}],"replies":[{"embeddable":true,"href":"https:\/\/www.europesays.com\/fi\/wp-json\/wp\/v2\/comments?post=312640"}],"version-history":[{"count":0,"href":"https:\/\/www.europesays.com\/fi\/wp-json\/wp\/v2\/posts\/312640\/revisions"}],"wp:featuredmedia":[{"embeddable":true,"href":"https:\/\/www.europesays.com\/fi\/wp-json\/wp\/v2\/media\/312641"}],"wp:attachment":[{"href":"https:\/\/www.europesays.com\/fi\/wp-json\/wp\/v2\/media?parent=312640"}],"wp:term":[{"taxonomy":"category","embeddable":true,"href":"https:\/\/www.europesays.com\/fi\/wp-json\/wp\/v2\/categories?post=312640"},{"taxonomy":"post_tag","embeddable":true,"href":"https:\/\/www.europesays.com\/fi\/wp-json\/wp\/v2\/tags?post=312640"}],"curies":[{"name":"wp","href":"https:\/\/api.w.org\/{rel}","templated":true}]}}