{"id":312654,"date":"2026-07-30T01:38:17","date_gmt":"2026-07-30T01:38:17","guid":{"rendered":"https:\/\/www.europesays.com\/fi\/312654\/"},"modified":"2026-07-30T01:38:17","modified_gmt":"2026-07-30T01:38:17","slug":"luodaan-ymparisto-jossa-ca-maun-naisista-tulee-yha-nykyaikaisempia-itsevarmempia-luovempia-ja-teknologiaosaavampia","status":"publish","type":"post","link":"https:\/\/www.europesays.com\/fi\/312654\/","title":{"rendered":"Luodaan ymp\u00e4rist\u00f6, jossa Ca Maun naisista tulee yh\u00e4 nykyaikaisempia, itsevarmempia, luovempia ja teknologiaosaavampia."},"content":{"rendered":"<ul class=\"PlaygroundEditorTheme__ul\">\n<li value=\"1\" class=\"PlaygroundEditorTheme__listItem\"><a class=\"data-link\" data-org-href=\"https:\/\/www.vietnam.vn\/fi\/destination\/ca-mau\" href=\"https:\/\/www.vietnam.vn\/fi\/destination\/ca-mau\" title=\"Ca Mau\" target=\"_blank\" rel=\"nofollow noopener\">Ca Maun<\/a> naiset levitt\u00e4v\u00e4t vihre\u00e4\u00e4 el\u00e4m\u00e4ntapaa.<\/li>\n<li value=\"2\" class=\"PlaygroundEditorTheme__listItem\"> Ca Maun naiset luovat vihre\u00e4\u00e4 <a class=\"data-link\" data-org-href=\"https:\/\/www.vietnam.vn\/fi\/category\/kinh-te\" href=\"https:\/\/www.vietnam.vn\/fi\/category\/kinh-te\" title=\"talous\" target=\"_blank\" rel=\"nofollow noopener\">taloutta<\/a> .<\/li>\n<li value=\"3\" class=\"PlaygroundEditorTheme__listItem\"> Naisyritt\u00e4jien valmiuksien parantaminen ja osuuskuntien kehitt\u00e4minen.<\/li>\n<\/ul>\n<p class=\"PlaygroundEditorTheme__paragraph\" dir=\"ltr\"> Konferenssin puheenjohtajina toimivat toverit: Lu Quang Ngoi, maakunnan puoluekomitean varasihteeri ja maakunnan kansankomitean puheenjohtaja; Phan Hoang Vu, maakunnan kansanneuvoston varapuheenjohtaja; Nguyen Van Khoi, Ca Maun maakunnan Vietnamin is\u00e4nmaan rintaman komitean varapuheenjohtaja ja maakunnan Punaisen Ristin puheenjohtaja; ja Le Thi Ngoc Linh, Ca Maun maakunnan Vietnamin is\u00e4nmaan rintaman komitean varapuheenjohtaja ja maakunnan naisliiton puheenjohtaja.<\/p>\n<p class=\"PlaygroundEditorTheme__paragraph\" dir=\"ltr\"> Konferenssiin osallistui my\u00f6s eri osastojen, virastojen ja paikkakuntien johtajia sek\u00e4 yli 250 edustajaa, jotka edustivat naisia \u200b\u200bmaakunnan kaikilta el\u00e4m\u00e4naloilta. <\/p>\n<p class=\"PlaygroundEditorTheme__paragraph\" dir=\"ltr\" style=\"text-align: center;\"><img decoding=\"async\" style=\"cursor:pointer\" src=\"https:\/\/www.europesays.com\/fi\/wp-content\/uploads\/2026\/07\/1785327270202_pn-1.jpeg\" alt=\"\" width=\"inherit\" height=\"inherit\"\/> Ca Maun maakunnan johtajat johtavat vuoden 2026 naisten kanssa j\u00e4rjestett\u00e4v\u00e4\u00e4 vuoropuhelukonferenssia.<\/p>\n<p class=\"PlaygroundEditorTheme__paragraph\" dir=\"ltr\"> Konferenssissa naispuoliset edustajat jakoivat kokemuksiaan, esittiv\u00e4t kysymyksi\u00e4 ja esittiv\u00e4t lukuisia k\u00e4yt\u00e4nn\u00f6n ehdotuksia. Sis\u00e4lt\u00f6 keskittyi keskeisiin kysymyksiin, kuten: mekanismeihin ja politiikkoihin naisten osallistumisen tukemiseksi digitaaliseen muutokseen; investointeihin digitaaliseen infrastruktuuriin; startup-yritysten ja verkkokaupan kehitt\u00e4misen tukemiseen; naisten ja lasten turvallisuuden varmistamiseen verkkoymp\u00e4rist\u00f6ss\u00e4; sek\u00e4 naisten ja lasten digitaalisten taitojen ja terveydenhuollon parantamiseen. <\/p>\n<p class=\"PlaygroundEditorTheme__paragraph\" dir=\"ltr\" style=\"text-align: center;\"><img decoding=\"async\" style=\"cursor:pointer\" src=\"https:\/\/www.europesays.com\/fi\/wp-content\/uploads\/2026\/07\/1785327270366_pn-3.jpeg\" alt=\"\" width=\"inherit\" height=\"inherit\"\/> Gia Rain alueen naisliiton varapuheenjohtaja Bui Thuy An toivoo ratkaisuja, jotka tukevat khmeril\u00e4isten naisten, ik\u00e4\u00e4ntyneiden naisten ja maaseudun naisten digitaalisten taitojen parantamista ja digitaalisten alustojen, digitaalisten maksujen ja verkkopalveluiden tehokasta k\u00e4ytt\u00f6\u00e4. <\/p>\n<p class=\"PlaygroundEditorTheme__paragraph\" dir=\"ltr\" style=\"text-align: center;\"><img decoding=\"async\" style=\"cursor:pointer\" src=\"https:\/\/www.europesays.com\/fi\/wp-content\/uploads\/2026\/07\/1785327270558_pn-4.jpeg\" alt=\"\" width=\"inherit\" height=\"inherit\"\/> An Xuyenin vaalipiirin naisliiton puheenjohtaja Pham Thi Thu Huong nosti esiin lasten ja nuorten kulttuuritilojen ja leikkikenttien parantamisen sek\u00e4 olosuhteiden luomisen organisaatioille kes\u00e4toiminnan j\u00e4rjest\u00e4miseksi verkkoymp\u00e4rist\u00f6n kielteisten vaikutusten rajoittamiseksi lapsiin. <\/p>\n<p class=\"PlaygroundEditorTheme__paragraph\" dir=\"ltr\" style=\"text-align: center;\"><img decoding=\"async\" style=\"cursor:pointer\" src=\"https:\/\/www.europesays.com\/fi\/wp-content\/uploads\/2026\/07\/1785327270746_pn-5.jpeg\" alt=\"\" width=\"inherit\" height=\"inherit\"\/> Tan Locin kunnan naisliiton puheenjohtaja, rouva Lu To Quyen, on kiinnostunut ohjelmista, joilla parannetaan maaseudun naisten <a class=\"data-link\" data-org-href=\"https:\/\/www.vietnam.vn\/fi\/tag\/phap-luat\" href=\"https:\/\/www.vietnam.vn\/fi\/tag\/phap-luat\" title=\"laki\" target=\"_blank\" rel=\"nofollow noopener\">oikeudellista<\/a> tiet\u00e4myst\u00e4 ja sukupuolten tasa-arvoa.<\/p>\n<p class=\"PlaygroundEditorTheme__paragraph\" dir=\"ltr\"> Demokraattisella ja avoimella tavalla asiaankuuluvien osastojen ja virastojen johtajat keskustelivat ja selvensiv\u00e4t suoraan monia edustajien esiin nostamia kysymyksi\u00e4 ja ehdottivat samalla k\u00e4yt\u00e4nn\u00f6n ratkaisuja tulevaa tukea varten. <\/p>\n<p class=\"PlaygroundEditorTheme__paragraph\" dir=\"ltr\" style=\"text-align: center;\"><img decoding=\"async\" style=\"cursor:pointer\" src=\"https:\/\/www.europesays.com\/fi\/wp-content\/uploads\/2026\/07\/1785327270919_pn-6.jpeg\" alt=\"\" width=\"inherit\" height=\"inherit\"\/> Maakunnan kulttuuri-, <a class=\"data-link\" data-org-href=\"https:\/\/www.vietnam.vn\/fi\/category\/the-thao\" href=\"https:\/\/www.vietnam.vn\/fi\/category\/the-thao\" title=\"Urheilu\" target=\"_blank\" rel=\"nofollow noopener\">urheilu-<\/a> ja matkailuosaston varajohtaja Nguyen Van Den vastasi lasten ja nuorten kulttuuritilojen ja leikkikenttien investointeihin ja kunnostukseen liittyviin kysymyksiin. <\/p>\n<p class=\"PlaygroundEditorTheme__paragraph\" dir=\"ltr\" style=\"text-align: center;\"><img decoding=\"async\" style=\"cursor:pointer\" src=\"https:\/\/www.europesays.com\/fi\/wp-content\/uploads\/2026\/07\/1785327271331_pn-7.jpeg\" alt=\"\" width=\"inherit\" height=\"inherit\"\/> Maakunnan osuuskuntaliiton puheenjohtaja Nguy\u1ec5n Van Vu antoi tietoa kollektiivisen talouden ja osuuskuntien kehityst\u00e4 tukevista toimintalinjoista. <\/p>\n<p class=\"PlaygroundEditorTheme__paragraph\" dir=\"ltr\" style=\"text-align: center;\"><img decoding=\"async\" style=\"cursor:pointer\" src=\"https:\/\/www.europesays.com\/fi\/wp-content\/uploads\/2026\/07\/1785327271593_pn-8.jpeg\" alt=\"\" width=\"inherit\" height=\"inherit\"\/> Teollisuus- ja kauppaministeri\u00f6n varajohtaja Duong Vu Nam jakoi ratkaisuja k\u00e4teismaksujen edist\u00e4miseksi ja digitaalisen talouden kehitt\u00e4miseksi.<\/p>\n<p class=\"PlaygroundEditorTheme__paragraph\" dir=\"ltr\"> Konferenssin p\u00e4\u00e4tteeksi maakunnan kansankomitean puheenjohtaja Lu Quang Ngoi vahvisti: &#8221;Maakunnan johto kiinnitt\u00e4\u00e4 aina huomiota, tukee ja luo suotuisat olosuhteet naisille kykyjens\u00e4, \u00e4lykkyytens\u00e4 ja pyrkimyksiens\u00e4 kehitt\u00e4miseksi. Maakunta jatkaa kuuntelemista, vaikeuksiin nopeaa puuttumista ja ymp\u00e4rist\u00f6n luomista Ca Maun naisille, jotta heist\u00e4 voi tulla yh\u00e4 nykyaikaisempia, itsevarmempia, luovempia ja teknologisesti taitavampia sek\u00e4 ett\u00e4 he voivat tulevaisuudessa osallistua enemm\u00e4n maakunnan nopeaan ja kest\u00e4v\u00e4\u00e4n kehitykseen.&#8221;<\/p>\n<p class=\"PlaygroundEditorTheme__paragraph\" dir=\"ltr\"> N\u00e4in ollen maakunnan kansankomitean puheenjohtaja antoi osastoille, virastoille ja paikallisille viranomaisille teht\u00e4vi\u00e4 jatkaa naisten osallistumista digitaaliseen muutokseen tukevien politiikkojen tarkastelua ja parantamista; edist\u00e4\u00e4 digitaalisten taitojen koulutusta ja luoda naisille edellytykset <a class=\"data-link\" data-org-href=\"https:\/\/www.vietnam.vn\/fi\/category\/khoa-hoc\" href=\"https:\/\/www.vietnam.vn\/fi\/category\/khoa-hoc\" title=\"tiede\" target=\"_blank\" rel=\"nofollow noopener\">tieteen<\/a> ja teknologian k\u00e4ytt\u00f6\u00f6n, kehitt\u00e4\u00e4 digitaalitaloutta, perustaa yrityksi\u00e4 ja laajentaa tuotemarkkinoita digitaalisilla alustoilla. <\/p>\n<p class=\"PlaygroundEditorTheme__paragraph\" dir=\"ltr\" style=\"text-align: center;\"><img decoding=\"async\" style=\"cursor:pointer\" src=\"https:\/\/www.europesays.com\/fi\/wp-content\/uploads\/2026\/07\/1785327271985_pn-9.jpeg\" alt=\"\" width=\"inherit\" height=\"inherit\"\/> Ca Maun maakunnan puoluekomitean varasihteeri ja kansankomitean puheenjohtaja Lu Quang Ngoi vahvisti, ett\u00e4 konferenssissa esitetyt lausunnot ja suositukset ovat t\u00e4rke\u00e4 perusta maakunnalle politiikan parantamisen jatkamiseksi ja naisten roolin edist\u00e4miseksi digitaalisen muutoksen ja sosioekonomisen kehityksen tavoitteiden tehokkaassa toteuttamisessa.<\/p>\n<p class=\"PlaygroundEditorTheme__paragraph\" dir=\"ltr\"> Korostaen, ett\u00e4 naiset eiv\u00e4t ole ainoastaan \u200b\u200bedunsaajia, vaan my\u00f6s aktiivisia osallistujia kehitysprosessissa, maakunnan kansankomitean puheenjohtaja Lu Quang Ngoi pyysi, ett\u00e4 kaikki naisliiton tasot maakunnassa jatkaisivat toimintansa sis\u00e4ll\u00f6n ja menetelmien innovointia sek\u00e4 edist\u00e4isiv\u00e4t tehokkaasti rooliaan siltana j\u00e4senten, puolueen komiteoiden ja hallituksen v\u00e4lill\u00e4 ja my\u00f6t\u00e4vaikuttaisivat maakunnan sosioekonomisten kehitystavoitteiden tehokkaaseen toteuttamiseen.<\/p>\n<p class=\"PlaygroundEditorTheme__paragraph\" dir=\"ltr\" style=\"text-align: right;\"> <b><strong class=\"PlaygroundEditorTheme__textBold\" style=\"white-space: pre-wrap;\">Thien Diep &#8211; Hoang Nam<\/strong><\/b><\/p>\n<p class=\"PlaygroundEditorTheme__paragraph\" dir=\"ltr\"> L\u00e4hde: https:\/\/baocamau.vn\/tao-moi-truong-de-phu-nu-ca-mau-ngay-cang-hien-dai-tu-tin-sang-tao-lam-chu-cong-nghe-a131110.html<\/p>\n","protected":false},"excerpt":{"rendered":"Ca Maun naiset levitt\u00e4v\u00e4t vihre\u00e4\u00e4 el\u00e4m\u00e4ntapaa. Ca Maun naiset luovat vihre\u00e4\u00e4 taloutta . Naisyritt\u00e4jien valmiuksien parantaminen ja osuuskuntien&hellip;\n","protected":false},"author":2,"featured_media":312655,"comment_status":"","ping_status":"","sticky":false,"template":"","format":"standard","meta":{"footnotes":"","_share_on_mastodon":"0"},"categories":[113],"tags":[40187,40188,40185,446,33,31,30,118,32,119,40186,447],"class_list":["post-312654","post","type-post","status-publish","format-standard","has-post-thumbnail","category-ymparisto","tag-ca-mau","tag-ca-mau-sanomalehti","tag-ca-mau-uutiset","tag-environment","tag-fi","tag-finland","tag-finnish","tag-science","tag-suomi","tag-tiede","tag-viimeisimmat-uutiset-ca-mausta","tag-ymparisto"],"share_on_mastodon":{"url":"https:\/\/pubeurope.com\/@fi\/117006376322378665","error":""},"_links":{"self":[{"href":"https:\/\/www.europesays.com\/fi\/wp-json\/wp\/v2\/posts\/312654","targetHints":{"allow":["GET"]}}],"collection":[{"href":"https:\/\/www.europesays.com\/fi\/wp-json\/wp\/v2\/posts"}],"about":[{"href":"https:\/\/www.europesays.com\/fi\/wp-json\/wp\/v2\/types\/post"}],"author":[{"embeddable":true,"href":"https:\/\/www.europesays.com\/fi\/wp-json\/wp\/v2\/users\/2"}],"replies":[{"embeddable":true,"href":"https:\/\/www.europesays.com\/fi\/wp-json\/wp\/v2\/comments?post=312654"}],"version-history":[{"count":0,"href":"https:\/\/www.europesays.com\/fi\/wp-json\/wp\/v2\/posts\/312654\/revisions"}],"wp:featuredmedia":[{"embeddable":true,"href":"https:\/\/www.europesays.com\/fi\/wp-json\/wp\/v2\/media\/312655"}],"wp:attachment":[{"href":"https:\/\/www.europesays.com\/fi\/wp-json\/wp\/v2\/media?parent=312654"}],"wp:term":[{"taxonomy":"category","embeddable":true,"href":"https:\/\/www.europesays.com\/fi\/wp-json\/wp\/v2\/categories?post=312654"},{"taxonomy":"post_tag","embeddable":true,"href":"https:\/\/www.europesays.com\/fi\/wp-json\/wp\/v2\/tags?post=312654"}],"curies":[{"name":"wp","href":"https:\/\/api.w.org\/{rel}","templated":true}]}}