{"id":312822,"date":"2026-07-30T06:19:13","date_gmt":"2026-07-30T06:19:13","guid":{"rendered":"https:\/\/www.europesays.com\/fi\/312822\/"},"modified":"2026-07-30T06:19:13","modified_gmt":"2026-07-30T06:19:13","slug":"venajan-yolliset-iskut-surmasivat-ainakin-kahdeksan-ihmista-ukrainassa-uutissuomalainen","status":"publish","type":"post","link":"https:\/\/www.europesays.com\/fi\/312822\/","title":{"rendered":"Ven\u00e4j\u00e4n y\u00f6lliset iskut surmasivat ainakin kahdeksan ihmist\u00e4 Ukrainassa | Uutissuomalainen"},"content":{"rendered":"<p>Ven\u00e4j\u00e4 iski taas hy\u00f6kk\u00e4yssodassaan Ukrainaan. Ainakin kahdeksan ihmist\u00e4 on kuollut Ven\u00e4j\u00e4n y\u00f6llisiss\u00e4 iskuissa.<\/p>\n<p>Ven\u00e4j\u00e4n ohjusisku on surmannut ainakin kuusi ihmist\u00e4 Ukrainan keskiosassa, kertoo Kryvyi Rihin kaupungin sotilashallinto.<\/p>\n<p>Sotilashallinnon johtajan mukaan Ven\u00e4j\u00e4 iski ballistisella ohjuksella kaupungin laitamilla sijaitsevaan kyl\u00e4\u00e4n. Suurperheen kotiin osunut isku surmasi kaksi lasta ja nelj\u00e4 aikuista. H\u00e4n sanoi lis\u00e4ksi, ett\u00e4 kahdeksan ihmist\u00e4 on haavoittunut ja kuolonuhrien m\u00e4\u00e4r\u00e4 voi viel\u00e4 nousta.<\/p>\n<p>Viranomaisten mukaan it\u00e4isell\u00e4 Poltavan alueella kuoli ainakin yksi ihminen ven\u00e4l\u00e4isen lennokin osuttua varastorakennukseen.<\/p>\n<p>\t\t\t\tKiovassa ainakin yksi kuoli<\/p>\n<p>Ven\u00e4j\u00e4 iski y\u00f6n aikana lis\u00e4ksi ainakin Ukrainan p\u00e4\u00e4kaupunkiin Kiovaan, jossa on kuollut ainakin yksi ihminen. Asiasta kertoo p\u00e4\u00e4kaupungin sotilashallinto.<\/p>\n<p>Kiovan pormestarin Vitali Klitshkon mukaan Ven\u00e4j\u00e4 on k\u00e4ytt\u00e4nyt torstain vastaisen y\u00f6n iskuissaan ballistisia aseita. Klitshko sanoo, ett\u00e4 usealla alueella on syttynyt tulipaloja.<\/p>\n<p>P\u00e4\u00e4kaupungissa on ollut ilmah\u00e4lytyksi\u00e4 ja alueella on kuultu useita r\u00e4j\u00e4hdyksi\u00e4. Monia on aamulla kehotettu pysym\u00e4\u00e4n yh\u00e4 suojassa.<\/p>\n<p>\t\t\t\tVaroitus k\u00e4vi toteen<\/p>\n<p>Ukrainan presidentti Volodymyr Zelenskyi <a href=\"https:\/\/x.com\/ZelenskyyUa\/status\/2082543570481987762\" rel=\"nofollow\">sanoi<\/a> my\u00f6h\u00e4\u00e4n keskiviikkona, ett\u00e4 Ven\u00e4j\u00e4 saattaa suurella todenn\u00e4k\u00f6isyydell\u00e4 toteuttaa suuren hy\u00f6kk\u00e4yksen Ukrainaan torstain vastaisena y\u00f6n\u00e4.<\/p>\n<p>Zelenskyi kertoi saaneensa tilanneraportin maan ilmavoimien komentajalta. Presidentin mukaan ven\u00e4l\u00e4iset ovat valmistelleet suurta hy\u00f6kk\u00e4yst\u00e4.<\/p>\n<p>Zelenskyi tapasi Yhdysvaltain presidentti Donald Trumpin tiistaina republikaanisenaattori Lindsey Grahamin hautajaisten yhteydess\u00e4 ja toisti toiveensa Ukrainan ilmatorjunnan vahvistamisesta. Yhdysvallat on viestinyt antavansa Ukrainalle luvan rakentaa Yhdysvalloissa suunniteltuja ilmatorjuntaj\u00e4rjestelmi\u00e4.<\/p>\n","protected":false},"excerpt":{"rendered":"Ven\u00e4j\u00e4 iski taas hy\u00f6kk\u00e4yssodassaan Ukrainaan. Ainakin kahdeksan ihmist\u00e4 on kuollut Ven\u00e4j\u00e4n y\u00f6llisiss\u00e4 iskuissa. Ven\u00e4j\u00e4n ohjusisku on surmannut ainakin&hellip;\n","protected":false},"author":2,"featured_media":312823,"comment_status":"","ping_status":"","sticky":false,"template":"","format":"standard","meta":{"footnotes":"","_share_on_mastodon":"0"},"categories":[14],"tags":[804,820,22,23,26,27,33,31,30,17,3488,24,25,803,28,29,15,18,21,54,637,32,19,20,21377,56,16,59,60,61],"class_list":["post-312822","post","type-post","status-publish","format-standard","has-post-thumbnail","category-ulkomaat","tag-aseelliset-konfliktit","tag-aseet","tag-breaking-news","tag-breakingnews","tag-featured-news","tag-featurednews","tag-fi","tag-finland","tag-finnish","tag-headlines","tag-kiova","tag-latest-news","tag-latestnews","tag-levottomuudet-ja-sodat","tag-main-news","tag-mainnews","tag-news","tag-otsikot","tag-paauutiset","tag-pelastuspalvelut","tag-politiikka","tag-suomi","tag-top-stories","tag-topstories","tag-ukrainan-kriisi","tag-ulkomaat","tag-uutiset","tag-world","tag-world-news","tag-worldnews"],"share_on_mastodon":{"url":"https:\/\/pubeurope.com\/@fi\/117007480653699618","error":""},"_links":{"self":[{"href":"https:\/\/www.europesays.com\/fi\/wp-json\/wp\/v2\/posts\/312822","targetHints":{"allow":["GET"]}}],"collection":[{"href":"https:\/\/www.europesays.com\/fi\/wp-json\/wp\/v2\/posts"}],"about":[{"href":"https:\/\/www.europesays.com\/fi\/wp-json\/wp\/v2\/types\/post"}],"author":[{"embeddable":true,"href":"https:\/\/www.europesays.com\/fi\/wp-json\/wp\/v2\/users\/2"}],"replies":[{"embeddable":true,"href":"https:\/\/www.europesays.com\/fi\/wp-json\/wp\/v2\/comments?post=312822"}],"version-history":[{"count":0,"href":"https:\/\/www.europesays.com\/fi\/wp-json\/wp\/v2\/posts\/312822\/revisions"}],"wp:featuredmedia":[{"embeddable":true,"href":"https:\/\/www.europesays.com\/fi\/wp-json\/wp\/v2\/media\/312823"}],"wp:attachment":[{"href":"https:\/\/www.europesays.com\/fi\/wp-json\/wp\/v2\/media?parent=312822"}],"wp:term":[{"taxonomy":"category","embeddable":true,"href":"https:\/\/www.europesays.com\/fi\/wp-json\/wp\/v2\/categories?post=312822"},{"taxonomy":"post_tag","embeddable":true,"href":"https:\/\/www.europesays.com\/fi\/wp-json\/wp\/v2\/tags?post=312822"}],"curies":[{"name":"wp","href":"https:\/\/api.w.org\/{rel}","templated":true}]}}