{"id":312880,"date":"2026-07-30T07:59:14","date_gmt":"2026-07-30T07:59:14","guid":{"rendered":"https:\/\/www.europesays.com\/fi\/312880\/"},"modified":"2026-07-30T07:59:14","modified_gmt":"2026-07-30T07:59:14","slug":"sami-pajari-heti-iskussa-testipatkalla-esapekka-lappi-savaytti","status":"publish","type":"post","link":"https:\/\/www.europesays.com\/fi\/312880\/","title":{"rendered":"Sami Pajari heti iskussa testip\u00e4tk\u00e4ll\u00e4 \u2013 Esapekka Lappi s\u00e4v\u00e4ytti"},"content":{"rendered":"<p class=\"wp-block-paragraph\">Ensimm\u00e4isen\u00e4 shakedownille ampaisi MM-sarjan k\u00e4rkimies <strong>Elfyn Evans<\/strong>. Toyota-kuski ei osannut sanoa, mit\u00e4 viikonloppu tuo tullessaan.<\/p>\n<p class=\"wp-block-paragraph\">\u2013 En tied\u00e4, mutta totta kai olemme t\u00e4\u00e4ll\u00e4 taistelemassa parhaamme mukaan. Katsotaan.<\/p>\n<p class=\"wp-block-paragraph\">Kolmantena oli edellisen Viron MM-rallin voittanut <strong>Sami Pajari<\/strong>, joka kellotti 1,2 sekuntia nopeamman ajan kuin Evans.<\/p>\n<p class=\"wp-block-paragraph\">\u2013 T\u00e4m\u00e4 on taas t\u00e4ysin uusi haaste. Ei yht\u00e4\u00e4n helpompaa kuin Virossa, vaikka siell\u00e4 menikin hyvin. T\u00e4m\u00e4 on totta kai spesiaalikisa. Toivottavasti nautimme t\u00e4st\u00e4 ja ajatkin olisivat hyvi\u00e4, Pajari totesi.<\/p>\n<p class=\"wp-block-paragraph\"><strong>Sebastien Ogierin<\/strong> valmistautuminen Suomen MM-ralliin sai ison muutoksen, kun kartanlukija vaihtui aivan viime metreill\u00e4. Testierikoiskokeella hallitseva maailmanmestari j\u00e4i Pajarista 0,3 sekuntia.<\/p>\n<p class=\"wp-block-paragraph\">\u2013 Olen varma, ett\u00e4 Julien tekee kaikkensa, joten minun t\u00e4ytyy my\u00f6s tehd\u00e4 parhaani.<\/p>\n<p class=\"wp-block-paragraph\"><strong>Oliver Solberg<\/strong> oli nelj\u00e4nneksi nopein Toyota. Eroa Pajariin tuli 1,5 sekuntia. Ruotsalaiskuski oli Virossa toinen ja odottaakin Suomea innolla.<\/p>\n<p class=\"wp-block-paragraph\">\u2013 On iso haaste olla ensimm\u00e4ist\u00e4 kertaa t\u00e4ll\u00e4 autolla t\u00e4\u00e4ll\u00e4, mutta se helpottaa, ett\u00e4 iso osa p\u00e4tkist\u00e4 on uusia. \u00a0<\/p>\n<p class=\"wp-block-paragraph\">Hyundai-kuskeista ensimm\u00e4isen\u00e4 tuli <strong>Thierry Neuville<\/strong>, joka j\u00e4i Toyota-kuskien taakse. Eroa Pajariin tuli 1,9 sekuntia. Belgialainen kellotti saman ajan kuin Toyotan <strong>Takamoto Katsuta<\/strong>.<\/p>\n<p class=\"wp-block-paragraph\">\u2013 Fiilis autossa on hyv\u00e4. T\u00e4m\u00e4 on viimeinen ralli ennen kes\u00e4taukoa, joten nautitaan. T\u00e4m\u00e4 on hieno kisa, kun kaikki autossa toimii. Hyvi\u00e4 pisteit\u00e4 tarjolla, joten taistellaan niist\u00e4.<\/p>\n<p class=\"wp-block-paragraph\">0,1 sekuntia tiimikaverinsa ajan alle ajoi <strong>Adrien Fourmaux<\/strong>, joka oli Virossa kolmas.<\/p>\n<p class=\"wp-block-paragraph\">Kolmatta Hyundaita Suomessa ajaa <strong>Esapekka Lappi<\/strong>, Suomen MM-rallin voittaja vuodelta 2017. Autona oli silloin Toyota.<\/p>\n<p class=\"wp-block-paragraph\">Avaus oli hyv\u00e4, sill\u00e4 Lappi oli nopein Hyundai-kuskeista.<\/p>\n<p class=\"wp-block-paragraph\">\u2013 En ole koskaan katsonut niin paljon videoita kuin Viron j\u00e4lkeen. Halusin ymm\u00e4rt\u00e4\u00e4, miss\u00e4 h\u00e4vi\u00e4n aikaa ja samalla oppia uudet erikoiskokeet mahdollisimman hyvin. P\u00e4\u00e4ni on aika tyhj\u00e4, mutta viel\u00e4 on onneksi energiaa j\u00e4ljell\u00e4 viikonloppua varten.<\/p>\n<p class=\"wp-block-paragraph\">Ford-kuskien mittel\u00f6n vei Martins Sesks, joka j\u00e4i Pajarista 2,1 sekuntia. Seuraavat sijat meniv\u00e4t Josh McErleanille ja Jon Armstrongille.<\/p>\n<p class=\"wp-block-paragraph\"><strong>Suomen MM-rallin testierikoiskoe, tilanne 1. ajokierroksen j\u00e4lkeen:<\/strong><\/p>\n<tr>SijaKuljettajaAutoAika<\/tr>\n<tr>\n<td class=\"has-text-align-left\" data-align=\"left\">1.<\/td>\n<td class=\"has-text-align-left\" data-align=\"left\">Sami Pajari<\/td>\n<td class=\"has-text-align-left\" data-align=\"left\">Toyota<\/td>\n<td class=\"has-text-align-left\" data-align=\"left\">2.14,4<\/td>\n<\/tr>\n<tr>\n<td class=\"has-text-align-left\" data-align=\"left\">2.<\/td>\n<td class=\"has-text-align-left\" data-align=\"left\">Sebastien Ogier<\/td>\n<td class=\"has-text-align-left\" data-align=\"left\">Toyota<\/td>\n<td class=\"has-text-align-left\" data-align=\"left\">2.14,7<\/td>\n<\/tr>\n<tr>\n<td class=\"has-text-align-left\" data-align=\"left\">3.<\/td>\n<td class=\"has-text-align-left\" data-align=\"left\">Elfyn Evans<\/td>\n<td class=\"has-text-align-left\" data-align=\"left\">Toyota<\/td>\n<td class=\"has-text-align-left\" data-align=\"left\">2.15,6<\/td>\n<\/tr>\n<tr>\n<td class=\"has-text-align-left\" data-align=\"left\">4.<\/td>\n<td class=\"has-text-align-left\" data-align=\"left\">Oliver Solberg<\/td>\n<td class=\"has-text-align-left\" data-align=\"left\">Toyota<\/td>\n<td class=\"has-text-align-left\" data-align=\"left\">2.15,9<\/td>\n<\/tr>\n<tr>\n<td class=\"has-text-align-left\" data-align=\"left\">5.<\/td>\n<td class=\"has-text-align-left\" data-align=\"left\">Esapekka Lappi<\/td>\n<td class=\"has-text-align-left\" data-align=\"left\">Hyundai<\/td>\n<td class=\"has-text-align-left\" data-align=\"left\">2.16,0<\/td>\n<\/tr>\n<tr>\n<td class=\"has-text-align-left\" data-align=\"left\">6.<\/td>\n<td class=\"has-text-align-left\" data-align=\"left\">Adrien Fourmaux<\/td>\n<td class=\"has-text-align-left\" data-align=\"left\">Hyundai<\/td>\n<td class=\"has-text-align-left\" data-align=\"left\">2.16,2<\/td>\n<\/tr>\n<tr>\n<td class=\"has-text-align-left\" data-align=\"left\">7.<\/td>\n<td class=\"has-text-align-left\" data-align=\"left\">Takamoto Katsuta<\/td>\n<td class=\"has-text-align-left\" data-align=\"left\">Toyota<\/td>\n<td class=\"has-text-align-left\" data-align=\"left\">2.16,3<\/td>\n<\/tr>\n<tr>\n<td class=\"has-text-align-left\" data-align=\"left\">8.<\/td>\n<td class=\"has-text-align-left\" data-align=\"left\">Thierry Neuville<\/td>\n<td class=\"has-text-align-left\" data-align=\"left\">Hyundai<\/td>\n<td class=\"has-text-align-left\" data-align=\"left\">2.16,3<\/td>\n<\/tr>\n<tr>\n<td class=\"has-text-align-left\" data-align=\"left\">9.<\/td>\n<td class=\"has-text-align-left\" data-align=\"left\">Martins Sesks<\/td>\n<td class=\"has-text-align-left\" data-align=\"left\">Ford<\/td>\n<td class=\"has-text-align-left\" data-align=\"left\">2.16,5<\/td>\n<\/tr>\n<tr>\n<td class=\"has-text-align-left\" data-align=\"left\">10.<\/td>\n<td class=\"has-text-align-left\" data-align=\"left\">Josh McErlean<\/td>\n<td class=\"has-text-align-left\" data-align=\"left\">Ford<\/td>\n<td class=\"has-text-align-left\" data-align=\"left\">2.17,1<\/td>\n<\/tr>\n<tr>\n<td class=\"has-text-align-left\" data-align=\"left\">11.<\/td>\n<td class=\"has-text-align-left\" data-align=\"left\">Jon Armstrong<\/td>\n<td class=\"has-text-align-left\" data-align=\"left\">Ford<\/td>\n<td class=\"has-text-align-left\" data-align=\"left\">2.17,8<\/td>\n<\/tr>\n<p class=\"wp-block-paragraph\"><strong>Suomen MM-rallin EK-aikataulu:<\/strong><\/p>\n<p><strong>Torstai 30.7.<\/strong><\/p>\n<p>09.01 Testierikoiskoe: Ruuhim\u00e4ki (4,12 km)<br \/>19.05 EK1: Harju 1 (2,58 km)<\/p>\n<p><strong>Perjantai 31.7.<\/strong><\/p>\n<p>08.44 EK2: Laukaa 1 (18,16 km)<br \/>09.45 EK3: Saarikas 1 (15,82 km)<br \/>10.50 EK4: Syd\u00e4nmaa 1 (19,04 km)<br \/>11.58 EK5: Hoho 1 (9,55 km)<br \/>13.14 Huoltotauko (30 min)<br \/>14.48 EK6: Laukaa 2 (18,16 km)<br \/>15.49 EK7: Saarikas 2 (15,82 km)<br \/>16.54 EK8: Syd\u00e4nmaa 2 (19,04 km)<br \/>18.05 EK9: Hoho 2 (9,55 km)<br \/>19.05 EK10: Harju 2 (2,58 km)<\/p>\n<p><strong>Lauantai 1.8.<\/strong><\/p>\n<p>08.01 EK11: Parkkola 1 (16,76 km)<br \/>09.42 EK12: P\u00e4ij\u00e4l\u00e4 1 (10,55 km)<br \/>10.36 EK13: V\u00e4stil\u00e4 1 (19,10 km)<br \/>12.05 EK14: Leustu 1 (16,44 km)<br \/>13.45 P\u00e4iv\u00e4huolto (30 min)<br \/>15.01 EK15 Parkkola 2 (16,76 km)<br \/>16.42 EK16: P\u00e4ij\u00e4l\u00e4 2 (10,55 km)<br \/>17.36 EK17: V\u00e4stil\u00e4 2 (19,10 km)<br \/>19.05 EK18: Leustu 2 (16,44 km)<\/p>\n<p><strong>Sunnuntai 2.8.<\/strong><\/p>\n<p>10.35 EK19: Himos-J\u00e4ms\u00e4 1 (30,02 km)<br \/>13.15 EK20: Himos-J\u00e4ms\u00e4 2 (30,02 km) *Power Stage<\/p>\n","protected":false},"excerpt":{"rendered":"Ensimm\u00e4isen\u00e4 shakedownille ampaisi MM-sarjan k\u00e4rkimies Elfyn Evans. Toyota-kuski ei osannut sanoa, mit\u00e4 viikonloppu tuo tullessaan. \u2013 En tied\u00e4,&hellip;\n","protected":false},"author":2,"featured_media":312881,"comment_status":"","ping_status":"","sticky":false,"template":"","format":"standard","meta":{"footnotes":"","_share_on_mastodon":"0"},"categories":[158],"tags":[6556,3600,33,31,30,3539,15692,3540,5803,4917,159,15023,32,7358,4600,160],"class_list":["post-312880","post","type-post","status-publish","format-standard","has-post-thumbnail","category-urheilu","tag-elfyn-evans","tag-esapekka-lappi","tag-fi","tag-finland","tag-finnish","tag-hyundai-motorsport","tag-oliver-solberg","tag-rallin-mm-sarja","tag-sami-pajari","tag-sebastien-ogier","tag-sports","tag-suomen-mm-ralli","tag-suomi","tag-thierry-neuville","tag-toyota-gazoo-racing","tag-urheilu"],"share_on_mastodon":{"url":"https:\/\/pubeurope.com\/@fi\/117007873955548628","error":""},"_links":{"self":[{"href":"https:\/\/www.europesays.com\/fi\/wp-json\/wp\/v2\/posts\/312880","targetHints":{"allow":["GET"]}}],"collection":[{"href":"https:\/\/www.europesays.com\/fi\/wp-json\/wp\/v2\/posts"}],"about":[{"href":"https:\/\/www.europesays.com\/fi\/wp-json\/wp\/v2\/types\/post"}],"author":[{"embeddable":true,"href":"https:\/\/www.europesays.com\/fi\/wp-json\/wp\/v2\/users\/2"}],"replies":[{"embeddable":true,"href":"https:\/\/www.europesays.com\/fi\/wp-json\/wp\/v2\/comments?post=312880"}],"version-history":[{"count":0,"href":"https:\/\/www.europesays.com\/fi\/wp-json\/wp\/v2\/posts\/312880\/revisions"}],"wp:featuredmedia":[{"embeddable":true,"href":"https:\/\/www.europesays.com\/fi\/wp-json\/wp\/v2\/media\/312881"}],"wp:attachment":[{"href":"https:\/\/www.europesays.com\/fi\/wp-json\/wp\/v2\/media?parent=312880"}],"wp:term":[{"taxonomy":"category","embeddable":true,"href":"https:\/\/www.europesays.com\/fi\/wp-json\/wp\/v2\/categories?post=312880"},{"taxonomy":"post_tag","embeddable":true,"href":"https:\/\/www.europesays.com\/fi\/wp-json\/wp\/v2\/tags?post=312880"}],"curies":[{"name":"wp","href":"https:\/\/api.w.org\/{rel}","templated":true}]}}