{"id":312958,"date":"2026-07-30T10:08:13","date_gmt":"2026-07-30T10:08:13","guid":{"rendered":"https:\/\/www.europesays.com\/fi\/312958\/"},"modified":"2026-07-30T10:08:13","modified_gmt":"2026-07-30T10:08:13","slug":"tony-iommi-julkaisi-soolosinglen-videoineen-tiedottaa-samalla-uudesta-levysta","status":"publish","type":"post","link":"https:\/\/www.europesays.com\/fi\/312958\/","title":{"rendered":"Tony Iommi julkaisi soolosinglen videoineen &#8211; tiedottaa samalla uudesta levyst\u00e4"},"content":{"rendered":"<p class=\"wp-block-paragraph\"><strong>Black Sabbath<\/strong> -legenda <strong>Tony Iommi<\/strong> on julkaissut tietoja kauan odotetusta uudesta sooloalbumistaan sek\u00e4 levyn ensimm\u00e4isen singlelohkaisun videoineen.<\/p>\n<p class=\"wp-block-paragraph\">Iommin uusi soololevy kantaa nime\u00e4 From the Dark ja se ilmestyy 23. lokakuuta. Levyn lauluosuuksista vastaa norjalainen <strong>J\u00f8rn Lande<\/strong>. Bassoa soittaa <strong>Becky Baldwin<\/strong> ja rummuissa on <strong>Karl Brazil<\/strong>. Levyn on tuottanut <strong>Mike Exeter<\/strong> yhdess\u00e4 Iommin kanssa.<\/p>\n<p class=\"wp-block-paragraph\">Ensimm\u00e4isen\u00e4 maistiaisena levylt\u00e4 tarjoillaan nyt single World Alone, jonka kylkeen tehdyn tarinallisen videon voit katsoa alta.<\/p>\n<p class=\"wp-block-paragraph\">\u201dNautimme todella paljon t\u00e4m\u00e4n levyn tekemisest\u00e4. Emme yrit\u00e4 todistella mit\u00e4\u00e4n \u2013 se on vain mahtava, rokkaava albumi\u201d, Iommi toteaa.<\/p>\n<p class=\"wp-block-paragraph\">Iommi on julkaissut urallaan kolme sooloalbumia. Vuoden 2000 Iommi-levyll\u00e4 joka kappaleella oli vaihtuva laulaja, vuonna 2004 julkaistulla The 1996 DEP Sessions\u2013 sek\u00e4 vuoden 2005 Fused-levyill\u00e4 Iommi puolestaan yhdisti voimansa laulaja-basisti <strong>Glenn Hughesin<\/strong> kanssa.<\/p>\n<p><img loading=\"lazy\" decoding=\"async\" alt=\"Youtube video\" width=\"480\" height=\"360\" data-pin-nopin=\"true\" nopin=\"nopin\" class=\"perfmatters-lazy\" src=\"https:\/\/www.europesays.com\/fi\/wp-content\/uploads\/2026\/07\/1785406093_271_hqdefault.jpg\"\/><\/p>\n<p>Lue my\u00f6s: <a href=\"https:\/\/www.inferno.fi\/uutiskirje\/\" title=\"Tilaa Infernon uutiskirje\" class=\"underline-custom !font-montserrat !font-bold !underline-offset-4 !decoration-4 !decoration-red-600 !text-md\" rel=\"nofollow noopener\" target=\"_blank\">Tilaa Infernon uutiskirje ja tied\u00e4t mist\u00e4 kahvitauolla puhutaan! Nappaa raskaan musiikin uutiset ja puheenaiheet suoraan s\u00e4hk\u00f6postiin t\u00e4st\u00e4.<\/a><\/p>\n","protected":false},"excerpt":{"rendered":"Black Sabbath -legenda Tony Iommi on julkaissut tietoja kauan odotetusta uudesta sooloalbumistaan sek\u00e4 levyn ensimm\u00e4isen singlelohkaisun videoineen. Iommin&hellip;\n","protected":false},"author":2,"featured_media":312959,"comment_status":"","ping_status":"","sticky":false,"template":"","format":"standard","meta":{"footnotes":"","_share_on_mastodon":"0"},"categories":[132],"tags":[137,33,31,30,195,47,1243,1244,4496,32,1245,109],"class_list":["post-312958","post","type-post","status-publish","format-standard","has-post-thumbnail","category-musiikki","tag-entertainment","tag-fi","tag-finland","tag-finnish","tag-music","tag-musiikki","tag-musiikkivideo","tag-single","tag-soololevy","tag-suomi","tag-tuleva-levy","tag-viihde"],"share_on_mastodon":{"url":"https:\/\/pubeurope.com\/@fi\/117008381688580378","error":""},"_links":{"self":[{"href":"https:\/\/www.europesays.com\/fi\/wp-json\/wp\/v2\/posts\/312958","targetHints":{"allow":["GET"]}}],"collection":[{"href":"https:\/\/www.europesays.com\/fi\/wp-json\/wp\/v2\/posts"}],"about":[{"href":"https:\/\/www.europesays.com\/fi\/wp-json\/wp\/v2\/types\/post"}],"author":[{"embeddable":true,"href":"https:\/\/www.europesays.com\/fi\/wp-json\/wp\/v2\/users\/2"}],"replies":[{"embeddable":true,"href":"https:\/\/www.europesays.com\/fi\/wp-json\/wp\/v2\/comments?post=312958"}],"version-history":[{"count":0,"href":"https:\/\/www.europesays.com\/fi\/wp-json\/wp\/v2\/posts\/312958\/revisions"}],"wp:featuredmedia":[{"embeddable":true,"href":"https:\/\/www.europesays.com\/fi\/wp-json\/wp\/v2\/media\/312959"}],"wp:attachment":[{"href":"https:\/\/www.europesays.com\/fi\/wp-json\/wp\/v2\/media?parent=312958"}],"wp:term":[{"taxonomy":"category","embeddable":true,"href":"https:\/\/www.europesays.com\/fi\/wp-json\/wp\/v2\/categories?post=312958"},{"taxonomy":"post_tag","embeddable":true,"href":"https:\/\/www.europesays.com\/fi\/wp-json\/wp\/v2\/tags?post=312958"}],"curies":[{"name":"wp","href":"https:\/\/api.w.org\/{rel}","templated":true}]}}