{"id":313028,"date":"2026-07-30T12:03:13","date_gmt":"2026-07-30T12:03:13","guid":{"rendered":"https:\/\/www.europesays.com\/fi\/313028\/"},"modified":"2026-07-30T12:03:13","modified_gmt":"2026-07-30T12:03:13","slug":"lapsuuteni-mokkikesien-paaskyt-vahenevat-lintujen-ahdinko-on-varoitusmerkki","status":"publish","type":"post","link":"https:\/\/www.europesays.com\/fi\/313028\/","title":{"rendered":"Lapsuuteni m\u00f6kkikesien p\u00e4\u00e4skyt v\u00e4henev\u00e4t \u2013 lintujen ahdinko on varoitusmerkki"},"content":{"rendered":"<p>  <img decoding=\"async\" class=\"article-header-image__featured-image awpo-lazy\" alt=\"\" src=\"https:\/\/www.europesays.com\/fi\/wp-content\/uploads\/2026\/07\/aino_loikkanen_21a2052_edit_preview.jpg\"\/><\/p>\n<p class=\"article-header__excerpt \">\n    \u201dLintujen ahdinkoa pidet\u00e4\u00e4n varoitusmerkkin\u00e4. Kukaan ei tied\u00e4, mit\u00e4 seurauksia ekosysteemille on isommasta lajikadosta\u201d, kirjoittaa toimitusp\u00e4\u00e4llikk\u00f6 Aino Loikkanen.  <\/p>\n<dl class=\"article-meta__list\">\n<p><dt class=\"article-meta__role\">Teksti<\/dt>\n<dd class=\"article-meta__name\">Aino Loikkanen<\/dd>\n<\/p>\n<p><dt class=\"article-meta__role\">Kuvat<\/dt>\n<dd class=\"article-meta__name\">Liisa Valonen<\/dd>\n<\/p>\n<dt class=\"screen-reader-text\">Julkaisup\u00e4iv\u00e4m\u00e4\u00e4r\u00e4<\/dt>\n<dd>\n<p>        30.7.2026\n    <\/dd>\n<\/dl>\n<p>Onpas siin\u00e4 hauska \u00e4\u00e4ni, oli ensimm\u00e4inen ajatukseni. Rytmik\u00e4s, pitk\u00e4\u00e4n jatkuva \u201dtilt talt talt tilt tylt tilt talt\u2026\u201d<\/p>\n<p>Piti sirist\u00e4\u00e4 silmi\u00e4, jotta l\u00f6ysin \u00e4\u00e4nen ai\u00adheuttajan. Se istui katonharjalla olevan antennin p\u00e4\u00e4ll\u00e4. Pienikokoinen lintu, strategiset mitat tietojen mukaan 11\u201313 senttimetri\u00e4, paino 7 grammaa. Tiltaltti, joka tuntui t\u00e4ysin v\u00e4sym\u00e4tt\u00e4 sirkuttavan nime\u00e4\u00e4n. <\/p>\n<p>Vietin ensimm\u00e4isi\u00e4 p\u00e4ivi\u00e4 omalla kes\u00e4m\u00f6kill\u00e4 ja tuntui, ett\u00e4 pikkulintu oli tullut tarkkailemaan uusia asukkaita. Lintu ei tiennyt, ett\u00e4 oli uusi tuttavuus minulle. Yksi monista. Kun on poissa kaupungin ja liikenteen h\u00e4lyst\u00e4, l\u00f6yt\u00e4\u00e4 tuulen suhinasta jos jonkinlaista sirkuttajaa. <\/p>\n<p>Lapsuuteni m\u00f6kkikesiin liittyiv\u00e4t erottamattomasti taiturimaiset lent\u00e4j\u00e4t, haarap\u00e4\u00e4skyt, jotka pesiv\u00e4t is\u00e4ni vanhan kotitilan r\u00e4yst\u00e4iden alla.<\/p>\n<p>Sattumalta luin Helsingin yliopiston uutisen, jonka mukaan ilmastonmuutos ja muutokset maank\u00e4yt\u00f6ss\u00e4 heikent\u00e4v\u00e4t nyt erityisesti maan etel\u00e4isten lajien kantoja. Haarap\u00e4\u00e4skyt ovat h\u00e4vi\u00e4ji\u00e4, kun muun muassa karjatalouden v\u00e4heneminen on laskenut hy\u00f6nteisten m\u00e4\u00e4r\u00e4\u00e4. Varpuslintu tiltaltti\u00ad taas on runsastumaan p\u00e4in, koska sille sopivat elinolosuhteet laajenevat l\u00e4mpenemisen my\u00f6t\u00e4 pohjoisemmaksi.<\/p>\n<p>Kokonaisuudessa lintujen m\u00e4\u00e4r\u00e4 on kuitenkin v\u00e4henem\u00e4\u00e4n p\u00e4in. Runsastuvien lajien m\u00e4\u00e4r\u00e4 ei riit\u00e4 kattamaan lintum\u00e4\u00e4r\u00e4n laskua. Lintujen ahdinkoa pidet\u00e4\u00e4n varoitusmerkkin\u00e4. Kukaan ei tied\u00e4, mit\u00e4 seurauksia ekosysteemille on isommasta lajikadosta. Lajien auttamiseksi on huolehdittava niiden elinymp\u00e4rist\u00f6jen monimuotoisuudesta ja rauhasta. Jotta meill\u00e4 olisi sirkuttajia vastakin.<\/p>\n<p>M\u00f6kkipihalla esittelin tiltaltin lapsilleni. Ehk\u00e4 he muistavat sen rytmikk\u00e4\u00e4n lurittelun omista lapsuuden m\u00f6kkikesist\u00e4\u00e4n.<\/p>\n<p>        Toimitus suosittelee<\/p>\n<p>Kaupalliset yhteisty\u00f6t<br \/>\nSuosituimmat<\/p>\n<p>Kaupalliset yhteisty\u00f6t<\/p>\n","protected":false},"excerpt":{"rendered":"\u201dLintujen ahdinkoa pidet\u00e4\u00e4n varoitusmerkkin\u00e4. Kukaan ei tied\u00e4, mit\u00e4 seurauksia ekosysteemille on isommasta lajikadosta\u201d, kirjoittaa toimitusp\u00e4\u00e4llikk\u00f6 Aino Loikkanen. Teksti&hellip;\n","protected":false},"author":2,"featured_media":313029,"comment_status":"","ping_status":"","sticky":false,"template":"","format":"standard","meta":{"footnotes":"","_share_on_mastodon":"0"},"categories":[117],"tags":[33,31,30,778,1425,72,4531,476,4024,118,32,119,477],"class_list":["post-313028","post","type-post","status-publish","format-standard","has-post-thumbnail","category-luonto","tag-fi","tag-finland","tag-finnish","tag-kolumnit","tag-linnut","tag-luonto","tag-nakokulma","tag-nature","tag-paakirjoitus","tag-science","tag-suomi","tag-tiede","tag-wildlife"],"share_on_mastodon":{"url":"https:\/\/pubeurope.com\/@fi\/117008833858226666","error":""},"_links":{"self":[{"href":"https:\/\/www.europesays.com\/fi\/wp-json\/wp\/v2\/posts\/313028","targetHints":{"allow":["GET"]}}],"collection":[{"href":"https:\/\/www.europesays.com\/fi\/wp-json\/wp\/v2\/posts"}],"about":[{"href":"https:\/\/www.europesays.com\/fi\/wp-json\/wp\/v2\/types\/post"}],"author":[{"embeddable":true,"href":"https:\/\/www.europesays.com\/fi\/wp-json\/wp\/v2\/users\/2"}],"replies":[{"embeddable":true,"href":"https:\/\/www.europesays.com\/fi\/wp-json\/wp\/v2\/comments?post=313028"}],"version-history":[{"count":0,"href":"https:\/\/www.europesays.com\/fi\/wp-json\/wp\/v2\/posts\/313028\/revisions"}],"wp:featuredmedia":[{"embeddable":true,"href":"https:\/\/www.europesays.com\/fi\/wp-json\/wp\/v2\/media\/313029"}],"wp:attachment":[{"href":"https:\/\/www.europesays.com\/fi\/wp-json\/wp\/v2\/media?parent=313028"}],"wp:term":[{"taxonomy":"category","embeddable":true,"href":"https:\/\/www.europesays.com\/fi\/wp-json\/wp\/v2\/categories?post=313028"},{"taxonomy":"post_tag","embeddable":true,"href":"https:\/\/www.europesays.com\/fi\/wp-json\/wp\/v2\/tags?post=313028"}],"curies":[{"name":"wp","href":"https:\/\/api.w.org\/{rel}","templated":true}]}}