{"id":313160,"date":"2026-07-30T15:59:15","date_gmt":"2026-07-30T15:59:15","guid":{"rendered":"https:\/\/www.europesays.com\/fi\/313160\/"},"modified":"2026-07-30T15:59:15","modified_gmt":"2026-07-30T15:59:15","slug":"ylen-kello-17-tv-uutisten-lahetyksessa-hairioita-uutisia-lyhyesti","status":"publish","type":"post","link":"https:\/\/www.europesays.com\/fi\/313160\/","title":{"rendered":"Ylen kello 17 tv-uutisten l\u00e4hetyksess\u00e4 h\u00e4iri\u00f6it\u00e4 | Uutisia lyhyesti"},"content":{"rendered":"<p class=\"aw__sc-1qwuw0s-0 aw__sc-ngllmo-0 epAWpq fzYpjk yle__article__paragraph\">Ylen uutisstudioilla oli vikatilanne torstaina v\u00e4h\u00e4n ennen kello viitt\u00e4. L\u00e4hetys katkesi kesken Yle Novostin l\u00e4hetyksen ja viittomakieliset uutiset ja kello 17 tv-uutiset j\u00e4iv\u00e4t kokonaan tulematta.<\/p>\n<p class=\"aw__sc-1qwuw0s-0 aw__sc-ngllmo-0 epAWpq fzYpjk yle__article__paragraph\">\u2013 Meill\u00e4 oli yll\u00e4tt\u00e4v\u00e4 vikatilanne kesken uutisten, joka haittasi suoraa l\u00e4hetyst\u00e4. Vika on nyt saatu korjattua, kertoo Ylen uutistuotantopalveluiden p\u00e4\u00e4llikk\u00f6 <strong class=\"aw__sc-ngllmo-2 gdRrun yle__article__strong\">Sanna Tornivaara<\/strong>.<\/p>\n<p class=\"aw__sc-1qwuw0s-0 aw__sc-ngllmo-0 epAWpq fzYpjk yle__article__paragraph\">Tornivaara pahoittelee tilannetta ja kertoo, ett\u00e4 kello 18 uutisten pit\u00e4isi n\u00e4ky\u00e4 normaalisti.<\/p>\n","protected":false},"excerpt":{"rendered":"Ylen uutisstudioilla oli vikatilanne torstaina v\u00e4h\u00e4n ennen kello viitt\u00e4. L\u00e4hetys katkesi kesken Yle Novostin l\u00e4hetyksen ja viittomakieliset uutiset&hellip;\n","protected":false},"author":2,"featured_media":313161,"comment_status":"","ping_status":"","sticky":false,"template":"","format":"standard","meta":{"footnotes":"","_share_on_mastodon":"0"},"categories":[12],"tags":[22,23,26,27,33,31,30,17,71,24,25,28,29,1077,15,18,21,32,19,20,16,1149],"class_list":["post-313160","post","type-post","status-publish","format-standard","has-post-thumbnail","category-suomi","tag-breaking-news","tag-breakingnews","tag-featured-news","tag-featurednews","tag-fi","tag-finland","tag-finnish","tag-headlines","tag-kotimaa","tag-latest-news","tag-latestnews","tag-main-news","tag-mainnews","tag-media","tag-news","tag-otsikot","tag-paauutiset","tag-suomi","tag-top-stories","tag-topstories","tag-uutiset","tag-yle"],"share_on_mastodon":{"url":"https:\/\/pubeurope.com\/@fi\/117009761290019463","error":""},"_links":{"self":[{"href":"https:\/\/www.europesays.com\/fi\/wp-json\/wp\/v2\/posts\/313160","targetHints":{"allow":["GET"]}}],"collection":[{"href":"https:\/\/www.europesays.com\/fi\/wp-json\/wp\/v2\/posts"}],"about":[{"href":"https:\/\/www.europesays.com\/fi\/wp-json\/wp\/v2\/types\/post"}],"author":[{"embeddable":true,"href":"https:\/\/www.europesays.com\/fi\/wp-json\/wp\/v2\/users\/2"}],"replies":[{"embeddable":true,"href":"https:\/\/www.europesays.com\/fi\/wp-json\/wp\/v2\/comments?post=313160"}],"version-history":[{"count":0,"href":"https:\/\/www.europesays.com\/fi\/wp-json\/wp\/v2\/posts\/313160\/revisions"}],"wp:featuredmedia":[{"embeddable":true,"href":"https:\/\/www.europesays.com\/fi\/wp-json\/wp\/v2\/media\/313161"}],"wp:attachment":[{"href":"https:\/\/www.europesays.com\/fi\/wp-json\/wp\/v2\/media?parent=313160"}],"wp:term":[{"taxonomy":"category","embeddable":true,"href":"https:\/\/www.europesays.com\/fi\/wp-json\/wp\/v2\/categories?post=313160"},{"taxonomy":"post_tag","embeddable":true,"href":"https:\/\/www.europesays.com\/fi\/wp-json\/wp\/v2\/tags?post=313160"}],"curies":[{"name":"wp","href":"https:\/\/api.w.org\/{rel}","templated":true}]}}