{"id":313190,"date":"2026-07-30T16:49:11","date_gmt":"2026-07-30T16:49:11","guid":{"rendered":"https:\/\/www.europesays.com\/fi\/313190\/"},"modified":"2026-07-30T16:49:11","modified_gmt":"2026-07-30T16:49:11","slug":"abc-yhdysvaltain-viestintakomissio-pyrkii-pelottelemaan-mediaa-ja-tukahduttamaan-vapaan-uutisoinnin-uutisia-lyhyesti","status":"publish","type":"post","link":"https:\/\/www.europesays.com\/fi\/313190\/","title":{"rendered":"ABC: Yhdysvaltain viestint\u00e4komissio pyrkii pelottelemaan mediaa ja tukahduttamaan vapaan uutisoinnin | Uutisia lyhyesti"},"content":{"rendered":"<p class=\"aw__sc-1qwuw0s-0 aw__sc-1vg2sqm-0 epAWpq ecELkD yle__article__paragraph\">Viestint\u00e4komissiota johtaa presidentti Donald Trumpin nimitt\u00e4m\u00e4 Brendan Carr.<\/p>\n<p class=\"aw__sc-1qwuw0s-0 aw__sc-ngllmo-0 epAWpq fzYpjk yle__article__paragraph\">Disneyn omistama yhdysvaltalainen televisioverkko ABC sanoi torstaina, ett\u00e4 Yhdysvaltain liittovaltion viestint\u00e4komission (FCC) uhkaus peruuttaa sen l\u00e4hetyslisenssit on osa ennenn\u00e4kem\u00e4t\u00f6nt\u00e4 pelottelukampanjaa.<\/p>\n<p class=\"aw__sc-1qwuw0s-0 aw__sc-ngllmo-0 epAWpq fzYpjk yle__article__paragraph\">ABC:n mukaan viestint\u00e4komission p\u00e4\u00e4t\u00f6s m\u00e4\u00e4r\u00e4t\u00e4 varhainen lisenssitarkastus kahdeksalle Disneyn omistamalle ABC-asemalle on varoitus my\u00f6s muille mediayhti\u00f6ille. Viestint\u00e4komissiota johtaa presidentti <strong class=\"aw__sc-ngllmo-2 gdRrun yle__article__strong\">Donald Trumpin<\/strong> nimitt\u00e4m\u00e4 <strong class=\"aw__sc-ngllmo-2 gdRrun yle__article__strong\">Brendan Carr<\/strong>.<\/p>\n<p class=\"aw__sc-1qwuw0s-0 aw__sc-ngllmo-0 epAWpq fzYpjk yle__article__paragraph\">\u2013 Kosto ABC:t\u00e4 kohtaan on viesti jokaiselle mediayhti\u00f6lle maassa: mukautukaa hallinnon n\u00e4kemykseen siit\u00e4, milt\u00e4 uutisoinnin pit\u00e4isi n\u00e4ytt\u00e4\u00e4, tai maksatte hinnan<\/p>\n<p class=\"aw__sc-1qwuw0s-0 aw__sc-ngllmo-0 epAWpq fzYpjk yle__article__paragraph\">ABC:n mukaan viestint\u00e4komission tavoitteena on mediateollisuus, joka on liian peloissaan virallisista kostotoimista raportoidakseen uutisia vapaasti.<\/p>\n<p class=\"aw__sc-1qwuw0s-0 aw__sc-ngllmo-0 epAWpq fzYpjk yle__article__paragraph\">L\u00e4hde: Reuters<\/p>\n","protected":false},"excerpt":{"rendered":"Viestint\u00e4komissiota johtaa presidentti Donald Trumpin nimitt\u00e4m\u00e4 Brendan Carr. Disneyn omistama yhdysvaltalainen televisioverkko ABC sanoi torstaina, ett\u00e4 Yhdysvaltain liittovaltion&hellip;\n","protected":false},"author":2,"featured_media":313191,"comment_status":"","ping_status":"","sticky":false,"template":"","format":"standard","meta":{"footnotes":"","_share_on_mastodon":"0"},"categories":[76],"tags":[11348,79,585,77,33,31,30,1077,9298,32,78,10540,56,619],"class_list":["post-313190","post","type-post","status-publish","format-standard","has-post-thumbnail","category-talous","tag-american-broadcasting-company","tag-business","tag-donald-trump","tag-economy","tag-fi","tag-finland","tag-finnish","tag-media","tag-media-ala","tag-suomi","tag-talous","tag-the-walt-disney-company","tag-ulkomaat","tag-yhdysvallat"],"share_on_mastodon":{"url":"https:\/\/pubeurope.com\/@fi\/117009957873853365","error":""},"_links":{"self":[{"href":"https:\/\/www.europesays.com\/fi\/wp-json\/wp\/v2\/posts\/313190","targetHints":{"allow":["GET"]}}],"collection":[{"href":"https:\/\/www.europesays.com\/fi\/wp-json\/wp\/v2\/posts"}],"about":[{"href":"https:\/\/www.europesays.com\/fi\/wp-json\/wp\/v2\/types\/post"}],"author":[{"embeddable":true,"href":"https:\/\/www.europesays.com\/fi\/wp-json\/wp\/v2\/users\/2"}],"replies":[{"embeddable":true,"href":"https:\/\/www.europesays.com\/fi\/wp-json\/wp\/v2\/comments?post=313190"}],"version-history":[{"count":0,"href":"https:\/\/www.europesays.com\/fi\/wp-json\/wp\/v2\/posts\/313190\/revisions"}],"wp:featuredmedia":[{"embeddable":true,"href":"https:\/\/www.europesays.com\/fi\/wp-json\/wp\/v2\/media\/313191"}],"wp:attachment":[{"href":"https:\/\/www.europesays.com\/fi\/wp-json\/wp\/v2\/media?parent=313190"}],"wp:term":[{"taxonomy":"category","embeddable":true,"href":"https:\/\/www.europesays.com\/fi\/wp-json\/wp\/v2\/categories?post=313190"},{"taxonomy":"post_tag","embeddable":true,"href":"https:\/\/www.europesays.com\/fi\/wp-json\/wp\/v2\/tags?post=313190"}],"curies":[{"name":"wp","href":"https:\/\/api.w.org\/{rel}","templated":true}]}}