{"id":313320,"date":"2026-07-30T20:48:12","date_gmt":"2026-07-30T20:48:12","guid":{"rendered":"https:\/\/www.europesays.com\/fi\/313320\/"},"modified":"2026-07-30T20:48:12","modified_gmt":"2026-07-30T20:48:12","slug":"suomen-mm-ralli-kaynnistyi-hyundain-johdolla-fourmaux-nopein-harjulla-urheilu","status":"publish","type":"post","link":"https:\/\/www.europesays.com\/fi\/313320\/","title":{"rendered":"Suomen MM-ralli k\u00e4ynnistyi Hyundain johdolla, Fourmaux nopein Harjulla | Urheilu"},"content":{"rendered":"<p>Adrien Fourmaux aloitti Suomen MM-ralliviikonlopun torstaina pohja-ajalla.<\/p>\n<p>Hyundai-kuski kaahasi kaupunkimaisemissa ajettavalla Harjun erikoiskokeella ajan 2.06,7. Thierry Neuville oli toiseksi nopein ja ajoi 1,1 sekuntia tallikaveriaan hitaammin.<\/p>\n<p>Kolmanneksi nopeinta vauhtia pitiv\u00e4t Toyotan Elfyn Evans ja Sebastien Ogier, jotka ajoivat saman ajan 2.07,9.<\/p>\n<p>Toyotan Sami Pajari oli avausp\u00e4tk\u00e4ll\u00e4 kuudenneksi nopein ja l\u00e4htee perjantaihin 1,9 erolla k\u00e4rkeen.<\/p>\n<p>\u2013\u2009Yritin saada hyv\u00e4\u00e4 aikaa, mutta kyll\u00e4 oli liukasta. Olemme valmiina huomenna kunnolla alkavaan menoon, viimeisimm\u00e4n MM-osakilpailun voittoa juhlinut Pajari totesi maalissa.<\/p>\n<p>Viime vuonna voittoa Jyv\u00e4skyl\u00e4ss\u00e4 juhli Kalle Rovanper\u00e4, joka ei en\u00e4\u00e4 aja rallia MM-sarjassa.<\/p>\n<p>Suomen MM-ralli jatkuu perjantaina yhdeks\u00e4ll\u00e4 erikoiskokeella.<\/p>\n","protected":false},"excerpt":{"rendered":"Adrien Fourmaux aloitti Suomen MM-ralliviikonlopun torstaina pohja-ajalla. Hyundai-kuski kaahasi kaupunkimaisemissa ajettavalla Harjun erikoiskokeella ajan 2.06,7. Thierry Neuville oli&hellip;\n","protected":false},"author":2,"featured_media":313321,"comment_status":"","ping_status":"","sticky":false,"template":"","format":"standard","meta":{"footnotes":"","_share_on_mastodon":"0"},"categories":[5],"tags":[648,22,23,6556,26,27,33,31,30,17,425,4673,24,25,121,28,29,3584,15,18,21,32,128,19,20,16],"class_list":["post-313320","post","type-post","status-publish","format-standard","has-post-thumbnail","category-otsikot","tag-autot","tag-breaking-news","tag-breakingnews","tag-elfyn-evans","tag-featured-news","tag-featurednews","tag-fi","tag-finland","tag-finnish","tag-headlines","tag-jyvaskyla","tag-kalle-rovanpera","tag-latest-news","tag-latestnews","tag-liikenne-ja-kuljetus","tag-main-news","tag-mainnews","tag-mm-rallit","tag-news","tag-otsikot","tag-paauutiset","tag-suomi","tag-tieliikenne","tag-top-stories","tag-topstories","tag-uutiset"],"share_on_mastodon":{"url":"https:\/\/pubeurope.com\/@fi\/117010897509538870","error":""},"_links":{"self":[{"href":"https:\/\/www.europesays.com\/fi\/wp-json\/wp\/v2\/posts\/313320","targetHints":{"allow":["GET"]}}],"collection":[{"href":"https:\/\/www.europesays.com\/fi\/wp-json\/wp\/v2\/posts"}],"about":[{"href":"https:\/\/www.europesays.com\/fi\/wp-json\/wp\/v2\/types\/post"}],"author":[{"embeddable":true,"href":"https:\/\/www.europesays.com\/fi\/wp-json\/wp\/v2\/users\/2"}],"replies":[{"embeddable":true,"href":"https:\/\/www.europesays.com\/fi\/wp-json\/wp\/v2\/comments?post=313320"}],"version-history":[{"count":0,"href":"https:\/\/www.europesays.com\/fi\/wp-json\/wp\/v2\/posts\/313320\/revisions"}],"wp:featuredmedia":[{"embeddable":true,"href":"https:\/\/www.europesays.com\/fi\/wp-json\/wp\/v2\/media\/313321"}],"wp:attachment":[{"href":"https:\/\/www.europesays.com\/fi\/wp-json\/wp\/v2\/media?parent=313320"}],"wp:term":[{"taxonomy":"category","embeddable":true,"href":"https:\/\/www.europesays.com\/fi\/wp-json\/wp\/v2\/categories?post=313320"},{"taxonomy":"post_tag","embeddable":true,"href":"https:\/\/www.europesays.com\/fi\/wp-json\/wp\/v2\/tags?post=313320"}],"curies":[{"name":"wp","href":"https:\/\/api.w.org\/{rel}","templated":true}]}}