{"id":313380,"date":"2026-07-30T22:53:13","date_gmt":"2026-07-30T22:53:13","guid":{"rendered":"https:\/\/www.europesays.com\/fi\/313380\/"},"modified":"2026-07-30T22:53:13","modified_gmt":"2026-07-30T22:53:13","slug":"prinssi-williamin-kaytos-herattaa-huomiota","status":"publish","type":"post","link":"https:\/\/www.europesays.com\/fi\/313380\/","title":{"rendered":"Prinssi Williamin k\u00e4yt\u00f6s her\u00e4tt\u00e4\u00e4 huomiota"},"content":{"rendered":"<p>Brittikuninkaallisten v\u00e4lit ovat olleet viime vuosina tunnetusti mutkikkaat. My\u00f6s Williamilla ja Charlesilla on asiantuntijoiden mukaan ollut kahnausta.<\/p>\n<p><img decoding=\"async\" class=\"image image-show image-preview\" src=\"https:\/\/www.europesays.com\/fi\/wp-content\/uploads\/2026\/07\/600dc0daf46d4921d30ccf9a1c552ec302533341724e41e7a6d1184886c927f5.jpg\" alt=\"\"\/><img decoding=\"async\" class=\"image image-show\" src=\"https:\/\/www.europesays.com\/fi\/wp-content\/uploads\/2026\/07\/1785451993_91_600dc0daf46d4921d30ccf9a1c552ec302533341724e41e7a6d1184886c927f5.jpg\" alt=\"\"\/><\/p>\n<p>Brittihovissa ei aina elet\u00e4 sovussa. AOP<\/p>\n<p class=\"paragraph\">Page Sixin l\u00e4hteet kertovat, ett\u00e4 prinssi <a href=\"https:\/\/www.iltalehti.fi\/henkilot\/Harry\" class=\"article-link-person-page\" rel=\"nofollow noopener\" target=\"_blank\">Harry<\/a> ja kuningas <a href=\"https:\/\/www.iltalehti.fi\/henkilot\/Walesin prinssi Charles\" class=\"article-link-person-page\" rel=\"nofollow noopener\" target=\"_blank\">Charles<\/a> eiv\u00e4t ole ainoat, joilla on huonot v\u00e4lit kesken\u00e4\u00e4n. Mediatietojen mukaan my\u00f6sk\u00e4\u00e4n Charlesin ja prinssi <a href=\"https:\/\/www.iltalehti.fi\/henkilot\/William\" class=\"article-link-person-page\" rel=\"nofollow noopener\" target=\"_blank\">Williamin<\/a> v\u00e4lit eiv\u00e4t ole erityisen l\u00e4mpim\u00e4t.<\/p>\n<p class=\"paragraph\">\u2013 Williamin ongelma on se, ett\u00e4 h\u00e4n uskoo tiet\u00e4v\u00e4ns\u00e4 asiat parhaiten, kuninkaallisten el\u00e4m\u00e4kertojen kirjoittaja <a href=\"https:\/\/www.iltalehti.fi\/henkilot\/Hugo Vickers\" class=\"article-link-person-page\" rel=\"nofollow noopener\" target=\"_blank\">Hugo Vickers<\/a> kertoi Page Sixille.<\/p>\n<p class=\"paragraph\">Kuninkaallisista kirjoittavan <a href=\"https:\/\/www.iltalehti.fi\/henkilot\/Robert Jobson\" class=\"article-link-person-page\" rel=\"nofollow noopener\" target=\"_blank\">Robert Jobsonin<\/a> mukaan joitain vuosia sitten on ollut mielipide-eroja ja ongelmia. Prinssi Williamin t\u00e4ytyy Jobsonin mielest\u00e4 p\u00e4\u00e4st\u00e4 yli t\u00e4llaisista erimielisyyksist\u00e4, mik\u00e4li h\u00e4n aikoo tulla kuninkaaksi. Sek\u00e4 William ett\u00e4 Charles tiet\u00e4v\u00e4t, ett\u00e4 heid\u00e4n on teht\u00e4v\u00e4 yhteisty\u00f6t\u00e4. Charles tulee tekem\u00e4\u00e4n monia p\u00e4\u00e4t\u00f6ksi\u00e4, jotka vaikuttavat Williamiin.<\/p>\n<p class=\"paragraph\">Niin sanotuista \u201dikuisista taisteluista\u201d huolimatta l\u00e4hteet kertovat, ett\u00e4 Charles ja William k\u00e4ytt\u00e4ytyv\u00e4t toisiaan kohtaan t\u00e4ysin sivistyneesti, samalla kun William valmistautuu tulevaan.<\/p>\n<p class=\"paragraph\">Uudessa el\u00e4m\u00e4kertakirjassa William and Catherine: The Monarchy\u2019s New Era: The Inside Story kuninkaallisasiantuntija <strong>Russell Myers<\/strong> kuvailee yksityiskohtaisesti, miten Williamin ja Charlesin suhde on kehittynyt.<\/p>\n<p class=\"paragraph\">Myersin mukaan Charles ja William ovat olleet yhdess\u00e4 samoilla linjoilla, kun esimerkiksi Sussexit j\u00e4ttiv\u00e4t taakseen kuninkaalliset teht\u00e4v\u00e4ns\u00e4 ja Ison-Britannian. Sama koskee <a href=\"https:\/\/www.iltalehti.fi\/henkilot\/Andrew\" class=\"article-link-person-page\" rel=\"nofollow noopener\" target=\"_blank\">Andrew\u2019n<\/a> ja <a href=\"https:\/\/www.iltalehti.fi\/henkilot\/Jeffrey Epstein\" class=\"article-link-person-page\" rel=\"nofollow noopener\" target=\"_blank\">Jeffrey Epsteinin<\/a> skandaalin aikaa.<\/p>\n<p class=\"paragraph\">\u2013 Se on l\u00e4hent\u00e4nyt heit\u00e4 entisest\u00e4\u00e4n viime vuosina, Myers kirjoittaa.<\/p>\n<p class=\"paragraph\">William oli tiett\u00e4v\u00e4sti apuna, kun syntyi p\u00e4\u00e4t\u00f6s ottaa pois Andrew\u2019lt\u00e4 prinssin arvonimi. T\u00e4m\u00e4 oli seuraus yst\u00e4vyydest\u00e4 seksuaalirikoksista tunnetun Epsteinin kanssa.<\/p>\n<p class=\"paragraph\">Muuan l\u00e4hde kertoi Myersille, ett\u00e4 vaikka kuningas rakastaakin kumpaakin poikaansa yht\u00e4 lailla, on suhde Williamiin vahvistunut perheen kokeman vaikean, ulkoisten kiistojen leimaaman jakson aikana.<\/p>\n<p class=\"paragraph\">T\u00e4m\u00e4n kuun alussa Harry toi vihdoin lapsensa, 7-vuotiaan prinssi <a href=\"https:\/\/www.iltalehti.fi\/henkilot\/Archie Harrison\" class=\"article-link-person-page\" rel=\"nofollow noopener\" target=\"_blank\">Archien<\/a> ja 5-vuotiaan prinsessa <a href=\"https:\/\/www.iltalehti.fi\/henkilot\/Lilibet Diana Mountbatten-Windsor\" class=\"article-link-person-page\" rel=\"nofollow noopener\" target=\"_blank\">Lilibetin<\/a>, tapaamaan kuningasta ensimm\u00e4ist\u00e4 kertaa nelj\u00e4\u00e4n vuoteen.<\/p>\n<p>Kuningas Charles ja prinssi Harry ovat pitk\u00e4\u00e4n olleet kehnoissa v\u00e4leiss\u00e4. AOP<\/p>\n<p class=\"paragraph\">\u2013 William ymm\u00e4rt\u00e4\u00e4, ett\u00e4 h\u00e4nell\u00e4 ja veljell\u00e4\u00e4n on erilaiset tavoitteet ja ett\u00e4 heill\u00e4 on erilainen suhde Charlesiin, Jobson kertoi Page Sixille.<\/p>\n<p class=\"paragraph\">Kruununperij\u00e4n\u00e4 William on Jobsonin mukaan kuitenkin \u201dkorkeammalla tasolla\u201d.<\/p>\n<p class=\"paragraph\">Harryn mukaan Charles oli et\u00e4inen h\u00e4nen kasvaessaan. Vuoden 2021 Apple TV+:n mielenterveytt\u00e4 k\u00e4sittelev\u00e4ss\u00e4 ohjelmassaan The Me You Can\u2019t See Harry kertoi <a href=\"https:\/\/www.iltalehti.fi\/henkilot\/Oprah Winfrey\" class=\"article-link-person-page\" rel=\"nofollow noopener\" target=\"_blank\">Oprah Winfreylle<\/a>, miten Charles tapasi h\u00e4nelle sanoa.<\/p>\n<p class=\"paragraph\">\u2013 No, minulla oli niin, joten sinullakin tulee olemaan niin, Harry paljasti.<\/p>\n<p class=\"paragraph\">\u2013 Siin\u00e4 ei ole j\u00e4rke\u00e4. Se, ett\u00e4 olet itse k\u00e4rsinyt, ei tarkoita, ett\u00e4 lastesi t\u00e4ytyy k\u00e4rsi\u00e4, vaan p\u00e4invastoin. Jos olet k\u00e4rsinyt, tee kaikkesi varmistaaksesi, ett\u00e4 voit korjata omat negatiiviset kokemuksesi lastesi eduksi, Harry sanoi.<\/p>\n<p>Prinssi William ja prinssi Harry eiv\u00e4t ole pitk\u00e4\u00e4n aikaan olleet veljellisiss\u00e4 v\u00e4leiss\u00e4. \/ SplashNews.com<\/p>\n<p class=\"paragraph\">L\u00e4hteet ennustavat, ett\u00e4 veljesten v\u00e4lit tulevat pysym\u00e4\u00e4n et\u00e4isin\u00e4.<\/p>\n<p class=\"paragraph\">\u2013 Olen varma, ettei [William] aio mill\u00e4\u00e4n tavalla sovittaa asioita Harryn kanssa. H\u00e4n on tehnyt kantansa melko selv\u00e4ksi. Heill\u00e4 on erilaiset polut, Jobson sanoi.<\/p>\n<p class=\"paragraph\">Mit\u00e4 tulee v\u00e4itteeseen, ett\u00e4 William tiet\u00e4\u00e4 parhaiten, Vickersin mukaan se juuri voisi tehd\u00e4 Williamista vahvan hallitsijan.<\/p>\n<p class=\"paragraph\">\u2013 Meid\u00e4n pit\u00e4\u00e4 antaa h\u00e4nelle mahdollisuus. H\u00e4nest\u00e4 voisi tulla loistava kuningas, Vickers totesi.<\/p>\n<p class=\"paragraph\">L\u00e4hde: <a href=\"https:\/\/pagesix.com\/2026\/07\/23\/royal-family\/king-charles-prince-william-have-a-civil-not-warm-relationship\/?_gl=1*1qog0x3*_ga*OTU1MDg5NDExLjE3NjA1MjMyNjc.*_ga_0DZ7LHF5PZ*czE3ODUxNTQ4ODckbzk2JGcxJHQxNzg1MTU0ODg4JGo1OSRsMCRoMA\" target=\"_blank\" rel=\"noopener nofollow\">Page Six<\/a>.<\/p>\n","protected":false},"excerpt":{"rendered":"Brittikuninkaallisten v\u00e4lit ovat olleet viime vuosina tunnetusti mutkikkaat. My\u00f6s Williamilla ja Charlesilla on asiantuntijoiden mukaan ollut kahnausta. Brittihovissa&hellip;\n","protected":false},"author":2,"featured_media":313381,"comment_status":"","ping_status":"","sticky":false,"template":"","format":"standard","meta":{"footnotes":"","_share_on_mastodon":"0"},"categories":[130],"tags":[35,654,137,33,31,30,408,653,652,3860,32,109],"class_list":["post-313380","post","type-post","status-publish","format-standard","has-post-thumbnail","category-viihde","tag-24h","tag-britannian-kuningashuone","tag-entertainment","tag-fi","tag-finland","tag-finnish","tag-julkkikset","tag-julkkisperheet","tag-kuninkaalliset","tag-prinssi-harryn-perhe","tag-suomi","tag-viihde"],"share_on_mastodon":{"url":"https:\/\/pubeurope.com\/@fi\/117011389130265809","error":""},"_links":{"self":[{"href":"https:\/\/www.europesays.com\/fi\/wp-json\/wp\/v2\/posts\/313380","targetHints":{"allow":["GET"]}}],"collection":[{"href":"https:\/\/www.europesays.com\/fi\/wp-json\/wp\/v2\/posts"}],"about":[{"href":"https:\/\/www.europesays.com\/fi\/wp-json\/wp\/v2\/types\/post"}],"author":[{"embeddable":true,"href":"https:\/\/www.europesays.com\/fi\/wp-json\/wp\/v2\/users\/2"}],"replies":[{"embeddable":true,"href":"https:\/\/www.europesays.com\/fi\/wp-json\/wp\/v2\/comments?post=313380"}],"version-history":[{"count":0,"href":"https:\/\/www.europesays.com\/fi\/wp-json\/wp\/v2\/posts\/313380\/revisions"}],"wp:featuredmedia":[{"embeddable":true,"href":"https:\/\/www.europesays.com\/fi\/wp-json\/wp\/v2\/media\/313381"}],"wp:attachment":[{"href":"https:\/\/www.europesays.com\/fi\/wp-json\/wp\/v2\/media?parent=313380"}],"wp:term":[{"taxonomy":"category","embeddable":true,"href":"https:\/\/www.europesays.com\/fi\/wp-json\/wp\/v2\/categories?post=313380"},{"taxonomy":"post_tag","embeddable":true,"href":"https:\/\/www.europesays.com\/fi\/wp-json\/wp\/v2\/tags?post=313380"}],"curies":[{"name":"wp","href":"https:\/\/api.w.org\/{rel}","templated":true}]}}