{"id":313494,"date":"2026-07-31T02:27:13","date_gmt":"2026-07-31T02:27:13","guid":{"rendered":"https:\/\/www.europesays.com\/fi\/313494\/"},"modified":"2026-07-31T02:27:13","modified_gmt":"2026-07-31T02:27:13","slug":"hirvensalmen-puulavedelta-loytyi-hukkunut-mies-uutisia-lyhyesti","status":"publish","type":"post","link":"https:\/\/www.europesays.com\/fi\/313494\/","title":{"rendered":"Hirvensalmen Puulavedelt\u00e4 l\u00f6ytyi hukkunut mies | Uutisia lyhyesti"},"content":{"rendered":"<p class=\"aw__sc-1qwuw0s-0 aw__sc-ngllmo-0 epAWpq fzYpjk yle__article__paragraph\">Hirvensalmen Puulavedelt\u00e4 on l\u00f6ydetty hukkuneena vanhempi mieshenkil\u00f6, kertoo It\u00e4-Suomen poliisilaitos.<\/p>\n<p class=\"aw__sc-1qwuw0s-0 aw__sc-ngllmo-0 epAWpq fzYpjk yle__article__paragraph\">Poliisi ja pelastuslaitos saivat torstaina hieman viiden j\u00e4lkeen iltap\u00e4iv\u00e4ll\u00e4 teht\u00e4v\u00e4n pelastaa ihminen vedest\u00e4.<\/p>\n<p class=\"aw__sc-1qwuw0s-0 aw__sc-ngllmo-0 epAWpq fzYpjk yle__article__paragraph\">Puukonsaaren etel\u00e4puolella kellui pieni moottorivene tyhj\u00e4n\u00e4. Muutaman sadan metrin p\u00e4\u00e4st\u00e4 veneest\u00e4 l\u00f6ydettiin vedest\u00e4 vanhempi mies menehtyneen\u00e4. H\u00e4nell\u00e4 ei ollut pelastusliivej\u00e4.<\/p>\n<p class=\"aw__sc-1qwuw0s-0 aw__sc-ngllmo-0 epAWpq fzYpjk yle__article__paragraph\">Poliisi jatkaa asiaa kuolemansyyntutkintana.<\/p>\n","protected":false},"excerpt":{"rendered":"Hirvensalmen Puulavedelt\u00e4 on l\u00f6ydetty hukkuneena vanhempi mieshenkil\u00f6, kertoo It\u00e4-Suomen poliisilaitos. Poliisi ja pelastuslaitos saivat torstaina hieman viiden j\u00e4lkeen&hellip;\n","protected":false},"author":2,"featured_media":313495,"comment_status":"","ping_status":"","sticky":false,"template":"","format":"standard","meta":{"footnotes":"","_share_on_mastodon":"0"},"categories":[12],"tags":[22,23,184,26,27,33,31,30,17,7720,840,4394,71,683,24,25,28,29,15,837,18,21,40226,2263,857,52,40227,32,19,20,16],"class_list":["post-313494","post","type-post","status-publish","format-standard","has-post-thumbnail","category-suomi","tag-breaking-news","tag-breakingnews","tag-etela-savo","tag-featured-news","tag-featurednews","tag-fi","tag-finland","tag-finnish","tag-headlines","tag-hirvensalmi","tag-hukkuminen","tag-ita-suomen-poliisilaitos","tag-kotimaa","tag-kuolema","tag-latest-news","tag-latestnews","tag-main-news","tag-mainnews","tag-news","tag-onnettomuudet","tag-otsikot","tag-paauutiset","tag-pelastusliivit","tag-pelastustoimi","tag-pelastustoiminta","tag-poliisi","tag-puula","tag-suomi","tag-top-stories","tag-topstories","tag-uutiset"],"share_on_mastodon":{"url":"https:\/\/pubeurope.com\/@fi\/117012230768707044","error":""},"_links":{"self":[{"href":"https:\/\/www.europesays.com\/fi\/wp-json\/wp\/v2\/posts\/313494","targetHints":{"allow":["GET"]}}],"collection":[{"href":"https:\/\/www.europesays.com\/fi\/wp-json\/wp\/v2\/posts"}],"about":[{"href":"https:\/\/www.europesays.com\/fi\/wp-json\/wp\/v2\/types\/post"}],"author":[{"embeddable":true,"href":"https:\/\/www.europesays.com\/fi\/wp-json\/wp\/v2\/users\/2"}],"replies":[{"embeddable":true,"href":"https:\/\/www.europesays.com\/fi\/wp-json\/wp\/v2\/comments?post=313494"}],"version-history":[{"count":0,"href":"https:\/\/www.europesays.com\/fi\/wp-json\/wp\/v2\/posts\/313494\/revisions"}],"wp:featuredmedia":[{"embeddable":true,"href":"https:\/\/www.europesays.com\/fi\/wp-json\/wp\/v2\/media\/313495"}],"wp:attachment":[{"href":"https:\/\/www.europesays.com\/fi\/wp-json\/wp\/v2\/media?parent=313494"}],"wp:term":[{"taxonomy":"category","embeddable":true,"href":"https:\/\/www.europesays.com\/fi\/wp-json\/wp\/v2\/categories?post=313494"},{"taxonomy":"post_tag","embeddable":true,"href":"https:\/\/www.europesays.com\/fi\/wp-json\/wp\/v2\/tags?post=313494"}],"curies":[{"name":"wp","href":"https:\/\/api.w.org\/{rel}","templated":true}]}}