{"id":313672,"date":"2026-07-31T07:34:11","date_gmt":"2026-07-31T07:34:11","guid":{"rendered":"https:\/\/www.europesays.com\/fi\/313672\/"},"modified":"2026-07-31T07:34:11","modified_gmt":"2026-07-31T07:34:11","slug":"nepsy-lasten-vanhemmat-saavat-torkykommentteja-muotivillitys","status":"publish","type":"post","link":"https:\/\/www.europesays.com\/fi\/313672\/","title":{"rendered":"Nepsy-lasten vanhemmat saavat t\u00f6rkykommentteja: &#8221;Muotivillitys&#8221;"},"content":{"rendered":"<p>Nepsy-lapsi tarkoittaa lasta, jolla on jokin neuropsykiatrinen h\u00e4iri\u00f6. Tunnetuimpia neurokirjon diagnooseja ovat ADHD, autismikirjon h\u00e4iri\u00f6, <a href=\"https:\/\/kaksplus.fi\/lapsi\/lapsen-kehitys\/add-saattaa-paljastua-jopa-10-12-vuotiaana-tai-sitakin-vanhempana-nain-add-ja-adhd-eroavat-toisistaan\/\" type=\"link\" id=\"https:\/\/kaksplus.fi\/lapsi\/lapsen-kehitys\/add-saattaa-paljastua-jopa-10-12-vuotiaana-tai-sitakin-vanhempana-nain-add-ja-adhd-eroavat-toisistaan\/\" rel=\"nofollow noopener\" target=\"_blank\">ADD<\/a> ja Touretten oireyhtym\u00e4.<\/p>\n<p>Koska nepsy-lapsen hermosto <a href=\"https:\/\/kaksplus.fi\/lapsi\/vinkit-nepsy-ystavallisempaan-arkeen\/\" type=\"link\" id=\"https:\/\/kaksplus.fi\/lapsi\/vinkit-nepsy-ystavallisempaan-arkeen\/\" rel=\"nofollow noopener\" target=\"_blank\">k\u00e4sittelee ja s\u00e4\u00e4telee tietoa eri tavalla<\/a> kuin neurotyypillisen ihmisen hermosto, h\u00e4n voi kuormittua keskivertoa herkemmin. Ylikuormitus voi purkautua vet\u00e4ytymisen\u00e4 tai voimakkaana tunnemyrskyn\u00e4.<\/p>\n<p>Arjen pit\u00e4minen sujuvana voi vaatia nepsy-lapsen vanhemmalta paljon: usein rutiinit ovat korostuneen t\u00e4rkeit\u00e4, ja lapsi voi kaivata paljon ohjausta ja tukea. T\u00e4llaisessa el\u00e4m\u00e4ntilanteessa my\u00f6s vanhempi kaipaisi tukea ja hyv\u00e4ksynt\u00e4\u00e4, mutta valitettavasti ymm\u00e4rryst\u00e4 ei aina ole tarjolla. Liian usein vanhempi joutuu ulkopuolisten paheksunnan, syyllist\u00e4misen tai ep\u00e4uskon kohteeksi lapsen oirehdinnan takia.<\/p>\n<p>Taannoin Kaksplussan kyselyss\u00e4 nepsy-lasten vanhemmat avautuivat siit\u00e4, millaisia ennakkoluuloja he ovat kohdanneet. Nostamme esiin 12 kokemusta, jotka antavat ajattelemisen aihetta.<\/p>\n<blockquote>\n<p><strong>Lue my\u00f6s:<\/strong> <a href=\"https:\/\/kaksplus.fi\/vanhemmuus\/jos-olet-nepsy-lapsen-vanhempi-ja-kadehdit-muita-perheita-lue-tama\/\" rel=\"nofollow noopener\" target=\"_blank\">Jos olet nepsy-lapsen vanhempi ja kadehdit muita perheit\u00e4, lue t\u00e4m\u00e4<\/a><\/p>\n<\/blockquote>\n<p>Syyllist\u00e4v\u00e4t kommentit<\/p>\n<p>Vanhempien vastauksista ilmenee, ett\u00e4 l\u00e4hipiiri usein syyllist\u00e4\u00e4 vanhempia ja v\u00e4h\u00e4ttelee lapsen tilannetta. Enemmist\u00f6 kyselyyn vastanneista vanhemmista koki, ett\u00e4 my\u00f6s julkisuudessa k\u00e4yty keskustelu on s\u00e4vylt\u00e4\u00e4n syyllist\u00e4v\u00e4\u00e4.<\/p>\n<p>\u201dT\u00e4llaista olen kuullut \u00e4idilt\u00e4ni: 1) Nykyajan ruokavalio ja lis\u00e4aineet saavat levottomaksi. 2) K\u00e4ytit kynsilakkaa ja meikkivoidetta raskausaikana, siit\u00e4 on tullut kemikaaleja. 3) Ei ollut ennen vanhaan t\u00e4llaista ADHD:ta.\u201d<\/p>\n<p>\u201dMinulle on sanottu, ett\u00e4 j\u00e4t\u00e4 sokeri pois, niin rauhoittuu. Olen kuulemma keksinyt ADHD:n lapselleni ja muka kasvattanut h\u00e4nt\u00e4 huonosti. Koulusta v\u00e4itet\u00e4\u00e4n, ettemme tue lasta koulunk\u00e4ynniss\u00e4, vaikka v\u00e4\u00e4nn\u00e4mme l\u00e4ksyj\u00e4 yhdess\u00e4 tuntitolkulla iltaisin.\u201d<\/p>\n<p>\u201dMeille l\u00e4heinen ihminen on sanonut, ett\u00e4 ei meid\u00e4n lapsessamme ole mit\u00e4\u00e4n erityist\u00e4. Min\u00e4 en vain \u00e4itin\u00e4 kuulemma ole h\u00e4nen kanssaan tarpeeksi, vaan r\u00e4pl\u00e4\u00e4n mieluummin puhelintani.\u201d<\/p>\n<p>Ai kurin ja kasvatuksen puutetta?<\/p>\n<p>Kyselyn perustella yleisin nepsy-lasten vanhempien kohtaama ennakkoluulo on se, ett\u00e4 vanhempien kasvatustaidoissa olisi parannettavaa.<\/p>\n<p>\u201dHaimme p\u00e4iv\u00e4kotiin kuntoutussuunnitelmassa suositeltua henkil\u00f6kohtaista avustajaa lapsellemme. P\u00e4iv\u00e4kodin johtaja ep\u00e4si t\u00e4m\u00e4n perustellen n\u00e4in: \u2019Olen kyll\u00e4 sit\u00e4 mielt\u00e4, ett\u00e4 n\u00e4m\u00e4 ongelmat voidaan selvitt\u00e4\u00e4 ihan riitt\u00e4v\u00e4ll\u00e4 kurinpidolla.\u2019 Lapsi itki p\u00e4iv\u00e4kodissa joka p\u00e4iv\u00e4.\u201d<\/p>\n<p>\u201dIhmiset ajattelevat aika usein, ett\u00e4 en osaa tai halua kasvattaa lastani vaan hyv\u00e4ksyn h\u00e4nen huonon k\u00e4yt\u00f6ksens\u00e4. \u00c4itini ehdottelee, ett\u00e4 lapsi pit\u00e4isi antaa sijoitukseen, vaikka ammattikasvattajat ovat sit\u00e4 mielt\u00e4, ett\u00e4 teen hyv\u00e4\u00e4 ty\u00f6t\u00e4 h\u00e4nen kanssaan.\u201d<\/p>\n<p>\u201dEdelleen kuulee v\u00e4itteit\u00e4, ett\u00e4 autismi johtuisi huonosta kasvatuksesta tai ett\u00e4 ADHD olisi seurausta liiallisesta sokerin sy\u00f6nnist\u00e4. Kumpikaan ei pid\u00e4 paikkaansa. Kyse on synnynn\u00e4isist\u00e4 neurokehityksellisist\u00e4 ominaisuuksista \u2013 ei vanhempien ep\u00e4onnistumisesta tai kotioloista.\u201d<\/p>\n<p>Kun ei vain uskota<\/p>\n<p>Kyselyyn tulleista vastauksista tuli esiin, ett\u00e4 usein ennakkoluuloissa ja ihmettelyiss\u00e4 on kyse tiedon puutteesta. Ik\u00e4v\u00e4 kyll\u00e4 l\u00e4heiset eiv\u00e4t v\u00e4ltt\u00e4m\u00e4tt\u00e4 edes yrit\u00e4 ymm\u00e4rt\u00e4\u00e4.<\/p>\n<p>\u201dLapsemme nepsy-piirteit\u00e4 ei uskota todeksi, koska h\u00e4n on kiltti. Lapsi oppi lukemaan ennen viiden vuoden ik\u00e4\u00e4n, joten h\u00e4n on ihan \u2019normaali\u2019 tai \u2019fiksu\u2019. Meille on sanottu, ett\u00e4 h\u00e4n on esikoisemme, ja siksi meist\u00e4 vain tuntuu silt\u00e4, ett\u00e4 emme osaa kasvattaa h\u00e4nt\u00e4.\u201d<\/p>\n<p>\u201dUsein kuulee v\u00e4itett\u00e4v\u00e4n, ett\u00e4 ADHD on muotivillitys, vaikkei diagnoosia tosiaankaan saa noin vain.\u201d\u00a0<\/p>\n<p>\u201dIhmetell\u00e4\u00e4n, miksi rutiineista ei voi joustaa esimerkiksi viikonloppuisin. Ei ymm\u00e4rret\u00e4, ett\u00e4 esimerkiksi yhden illan valvominen voi vaikuttaa pitk\u00e4lle tuleviin p\u00e4iviin.\u201d<\/p>\n<blockquote>\n<p><strong>Lue my\u00f6s:<\/strong> <a href=\"https:\/\/kaksplus.fi\/vanhemmuus\/kasvatus\/4-asiaa-joita-ei-kannata-koskaan-sanoa-nepsy-lapsen-vanhemmalle\/\" rel=\"nofollow noopener\" target=\"_blank\">4 asiaa, joita ei kannata koskaan sanoa nepsy-lapsen vanhemmalle<\/a><\/p>\n<\/blockquote>\n<p>Koko tarina ei n\u00e4y ulosp\u00e4in<\/p>\n<p>Vastauksissa toistui vanhempien toivomus siit\u00e4, ett\u00e4 nepsy-lasten perheit\u00e4 ei tuomittaisi ensivilkaisulta tai -kuulemalta. Lapsen tilanne ei aina v\u00e4lity ulkopuolisille, mutta se on silti todellinen.<\/p>\n<p>\u201dMonet eiv\u00e4t usko, ett\u00e4 mit\u00e4\u00e4n ongelmia on, kun vieraita ihmisi\u00e4 tavatessaan lapsi tsemppaa. My\u00f6hemmin kotona h\u00e4n kuitenkin purkaa ylikuormitustilaansa karjumalla ja ly\u00f6m\u00e4ll\u00e4.\u201d<\/p>\n<p>\u201dJos olemme ravintolassa sy\u00f6m\u00e4ss\u00e4, on erityislapsellamme puhelin tai tabletti edess\u00e4\u00e4n ja siell\u00e4 jokin lastenohjelma py\u00f6rim\u00e4ss\u00e4. Muuten h\u00e4n ei malta keskitty\u00e4 sy\u00f6miseen poikkeuksellisessa ymp\u00e4rist\u00f6ss\u00e4. Ilman t\u00e4t\u00e4 me vanhemmatkaan emme pystyisi sy\u00f6m\u00e4\u00e4n ruokaamme l\u00e4mpim\u00e4n\u00e4. T\u00e4st\u00e4 saa todella paljon tympeit\u00e4 mulkaisuja.\u201d<\/p>\n<p>\u201dToivoisin, ett\u00e4 maailmassa oltaisiin ymm\u00e4rt\u00e4v\u00e4isempi\u00e4 nepsy-lapsien vanhempia kohtaan. He tekev\u00e4t parhaansa \u00e4\u00e4rimm\u00e4isen kuormittavassa el\u00e4m\u00e4ntilanteessa.\u201d<\/p>\n<p>Jutun sitaatit ovat per\u00e4isin Kaksplussan kes\u00e4ll\u00e4 2026 toteuttamasta kyselyst\u00e4.<\/p>\n<p>    Artikkeliin liittyv\u00e4t aiheet<\/p>\n","protected":false},"excerpt":{"rendered":"Nepsy-lapsi tarkoittaa lasta, jolla on jokin neuropsykiatrinen h\u00e4iri\u00f6. Tunnetuimpia neurokirjon diagnooseja ovat ADHD, autismikirjon h\u00e4iri\u00f6, ADD ja Touretten&hellip;\n","protected":false},"author":2,"featured_media":313673,"comment_status":"","ping_status":"","sticky":false,"template":"","format":"standard","meta":{"footnotes":"","_share_on_mastodon":"0"},"categories":[165],"tags":[598,11045,33,31,30,166,11605,32,167],"class_list":["post-313672","post","type-post","status-publish","format-standard","has-post-thumbnail","category-terveys","tag-adhd","tag-autismi","tag-fi","tag-finland","tag-finnish","tag-health","tag-neuropsykiatriset-hairiot","tag-suomi","tag-terveys"],"share_on_mastodon":{"url":"https:\/\/pubeurope.com\/@fi\/117013437943407163","error":""},"_links":{"self":[{"href":"https:\/\/www.europesays.com\/fi\/wp-json\/wp\/v2\/posts\/313672","targetHints":{"allow":["GET"]}}],"collection":[{"href":"https:\/\/www.europesays.com\/fi\/wp-json\/wp\/v2\/posts"}],"about":[{"href":"https:\/\/www.europesays.com\/fi\/wp-json\/wp\/v2\/types\/post"}],"author":[{"embeddable":true,"href":"https:\/\/www.europesays.com\/fi\/wp-json\/wp\/v2\/users\/2"}],"replies":[{"embeddable":true,"href":"https:\/\/www.europesays.com\/fi\/wp-json\/wp\/v2\/comments?post=313672"}],"version-history":[{"count":0,"href":"https:\/\/www.europesays.com\/fi\/wp-json\/wp\/v2\/posts\/313672\/revisions"}],"wp:featuredmedia":[{"embeddable":true,"href":"https:\/\/www.europesays.com\/fi\/wp-json\/wp\/v2\/media\/313673"}],"wp:attachment":[{"href":"https:\/\/www.europesays.com\/fi\/wp-json\/wp\/v2\/media?parent=313672"}],"wp:term":[{"taxonomy":"category","embeddable":true,"href":"https:\/\/www.europesays.com\/fi\/wp-json\/wp\/v2\/categories?post=313672"},{"taxonomy":"post_tag","embeddable":true,"href":"https:\/\/www.europesays.com\/fi\/wp-json\/wp\/v2\/tags?post=313672"}],"curies":[{"name":"wp","href":"https:\/\/api.w.org\/{rel}","templated":true}]}}