{"id":313704,"date":"2026-07-31T08:27:11","date_gmt":"2026-07-31T08:27:11","guid":{"rendered":"https:\/\/www.europesays.com\/fi\/313704\/"},"modified":"2026-07-31T08:27:11","modified_gmt":"2026-07-31T08:27:11","slug":"ek3-sami-pajari-hyokkasi-ja-loi-pohjat-tauluun-enempaa-en-voi-tehda","status":"publish","type":"post","link":"https:\/\/www.europesays.com\/fi\/313704\/","title":{"rendered":"EK3: Sami Pajari hy\u00f6kk\u00e4si ja l\u00f6i pohjat tauluun &#8211; &#8221;Enemp\u00e4\u00e4 en voi tehd\u00e4&#8221;"},"content":{"rendered":"<p class=\"wp-block-paragraph\">Pajari ajoi pohja-ajan 1,6 sekunnin erolla ennen tallikaveri <strong>Sebastien Ogieria<\/strong> sek\u00e4 Hyundain <strong>Thierry Neuvillea<\/strong>.<\/p>\n<p class=\"wp-block-paragraph\">Kokonaistilanteessa Ogier s\u00e4ilyi kisan k\u00e4rjess\u00e4 1,8 sekunnin erolla ennen Hyundai-kuski <strong>Adrien Fourmaux\u00b4ta<\/strong>, joka oli Saarikkaan p\u00e4tk\u00e4ll\u00e4 nelj\u00e4nneksi nopein. Pajari on rallissa kolmostilalla nelj\u00e4n sekunnin p\u00e4\u00e4ss\u00e4 Ogierista.<\/p>\n<p class=\"wp-block-paragraph\">\u2013 T\u00e4m\u00e4 on ihan okei. Olisi voinut menn\u00e4 paremmin alussa kapealla osuudella. Siell\u00e4 otin ehk\u00e4 liikaa varman p\u00e4\u00e4lle, Ogier summasi.<\/p>\n<p class=\"wp-block-paragraph\">\u2013 Enemp\u00e4\u00e4 en voi tehd\u00e4. Yritin todella ajaa hyv\u00e4n p\u00e4tk\u00e4n. Toivottavasti se riitt\u00e4\u00e4, sill\u00e4 enemp\u00e4\u00e4 minulla ei ole annettavaa. Tuli selke\u00e4sti paremmin kuin ensimm\u00e4inen, Pajari puolestaan kertoi.<\/p>\n<p class=\"wp-block-paragraph\">Hyundain <strong>Thierry Neuville<\/strong> on pystynyt perjantaiaamuna kahdella ensimm\u00e4isell\u00e4 erikoiskokeella k\u00e4rjen kyytiin. Neuville on kisassa nelj\u00e4nnell\u00e4 tilalla 4,1 sekuntia k\u00e4rke\u00e4 per\u00e4ss\u00e4.<\/p>\n<p class=\"wp-block-paragraph\">My\u00f6s <strong>Esapekka Lapin <\/strong>startti ralliin on ollut positiivinen. Lappi on rallissa viidenten\u00e4 5,9 sekuntia Ogierin per\u00e4ss\u00e4. MM-sarjan k\u00e4rkimies Toyotan <strong>Elfyn Evans <\/strong>on puolestaan kuudentena parin kymmenyksen p\u00e4\u00e4ss\u00e4 Lapista.<\/p>\n<p class=\"wp-block-paragraph\">\u2013 Ep\u00e4r\u00f6in liikaa ensimm\u00e4isest\u00e4 mutkasta l\u00e4htien. Olen yll\u00e4ttynyt, ett\u00e4 aika on kuitenkin noin hyv\u00e4. T\u00e4ytyy olla tyytyv\u00e4inen. Tein paljon videohommia t\u00e4t\u00e4 p\u00e4tk\u00e4\u00e4 varten, koska en ole t\u00e4t\u00e4 koskaan ajanut, Lappi sanoi.<\/p>\n<p class=\"wp-block-paragraph\">Toyotan <strong>Oliver Solbergin <\/strong>aloitus on ollut varsin vaisu. Solberg on vasta seitsem\u00e4nten\u00e4 reilut kahdeksan sekuntia k\u00e4rjen takana. Kahdeksannella sijalla on Toyotan <strong>Takamoto Katsuta<\/strong> ennen M-Sport Fordin <strong>Martins Sesksia<\/strong> ja <strong>Josh McErleania<\/strong>.<\/p>\n<p class=\"wp-block-paragraph\">M-Sportin <strong>Jon Armstrongin<\/strong> kisa p\u00e4\u00e4ttyi jo Saarikkaan p\u00e4tk\u00e4lle. Irlantilainen ajoi ulos ja joutui keskeytt\u00e4m\u00e4\u00e4n.<\/p>\n<p class=\"wp-block-paragraph\">WRC2-luokassa <strong>Emil Lindholm<\/strong> on aloittanut loistavasti ja johtaa luokkaa per\u00e4ti 11 sekunnin erolla ennen <strong>Roope Korhosta <\/strong>ja <strong>Robert Virvesta<\/strong>. <strong>Teemu Suninen<\/strong> on nelj\u00e4nten\u00e4.<\/p>\n<p class=\"wp-block-paragraph\">\u2013 Mit\u00e4 t\u00e4ss\u00e4 voi sanoa? On her\u00e4tty hyvin ja kahvi oli vahvaa, niin kaasu pysyy pohjassa. Nyt on hyv\u00e4t ennakkovalmistelut tehty ja tiimi teki siell\u00e4 ison ty\u00f6n. Se n\u00e4kyy ajoissa ainakin toistaiseksi, Lindholm mietiskeli Ylen Ralliradiolle.<\/p>\n<p class=\"wp-block-paragraph\">Suomen MM-rallissa ajetaan perjantaina viel\u00e4 seitsem\u00e4n erikoiskoetta. Kisa p\u00e4\u00e4ttyy sunnuntaina.<\/p>\n<p class=\"wp-block-paragraph\"><strong>Suomen MM-rallin tilanne EK3\/20:<\/strong><\/p>\n<tr>SijaKuljettajaAutoAika<\/tr>\n<tr>\n<td class=\"has-text-align-left\" data-align=\"left\">1.<\/td>\n<td class=\"has-text-align-left\" data-align=\"left\">Sebastien Ogier<\/td>\n<td class=\"has-text-align-left\" data-align=\"left\">Toyota<\/td>\n<td class=\"has-text-align-left\" data-align=\"left\">17.51,3<\/td>\n<\/tr>\n<tr>\n<td class=\"has-text-align-left\" data-align=\"left\">2.<\/td>\n<td class=\"has-text-align-left\" data-align=\"left\">Adrien Fourmaux<\/td>\n<td class=\"has-text-align-left\" data-align=\"left\">Hyundai<\/td>\n<td class=\"has-text-align-left\" data-align=\"left\">+1,8<\/td>\n<\/tr>\n<tr>\n<td class=\"has-text-align-left\" data-align=\"left\">3.<\/td>\n<td class=\"has-text-align-left\" data-align=\"left\">Sami Pajari<\/td>\n<td class=\"has-text-align-left\" data-align=\"left\">Toyota<\/td>\n<td class=\"has-text-align-left\" data-align=\"left\">+4,0<\/td>\n<\/tr>\n<tr>\n<td class=\"has-text-align-left\" data-align=\"left\">4.<\/td>\n<td class=\"has-text-align-left\" data-align=\"left\">Thierry Neuville<\/td>\n<td class=\"has-text-align-left\" data-align=\"left\">Hyundai<\/td>\n<td class=\"has-text-align-left\" data-align=\"left\">+4,1<\/td>\n<\/tr>\n<tr>\n<td class=\"has-text-align-left\" data-align=\"left\">5.<\/td>\n<td class=\"has-text-align-left\" data-align=\"left\">Esapekka Lappi<\/td>\n<td class=\"has-text-align-left\" data-align=\"left\">Hyundai<\/td>\n<td class=\"has-text-align-left\" data-align=\"left\">+5,9<\/td>\n<\/tr>\n<tr>\n<td class=\"has-text-align-left\" data-align=\"left\">6.<\/td>\n<td class=\"has-text-align-left\" data-align=\"left\">Elfyn Evans<\/td>\n<td class=\"has-text-align-left\" data-align=\"left\">Toyota<\/td>\n<td class=\"has-text-align-left\" data-align=\"left\">+6,2<\/td>\n<\/tr>\n<tr>\n<td class=\"has-text-align-left\" data-align=\"left\">7.<\/td>\n<td class=\"has-text-align-left\" data-align=\"left\">Oliver Solberg<\/td>\n<td class=\"has-text-align-left\" data-align=\"left\">Toyota<\/td>\n<td class=\"has-text-align-left\" data-align=\"left\">+8,1<\/td>\n<\/tr>\n<tr>\n<td class=\"has-text-align-left\" data-align=\"left\">8.<\/td>\n<td class=\"has-text-align-left\" data-align=\"left\">Takamoto Katsuta<\/td>\n<td class=\"has-text-align-left\" data-align=\"left\">Toyota<\/td>\n<td class=\"has-text-align-left\" data-align=\"left\">+13,8<\/td>\n<\/tr>\n<tr>\n<td class=\"has-text-align-left\" data-align=\"left\">9.<\/td>\n<td class=\"has-text-align-left\" data-align=\"left\">Martins Sesks<\/td>\n<td class=\"has-text-align-left\" data-align=\"left\">Ford<\/td>\n<td class=\"has-text-align-left\" data-align=\"left\">+21,5<\/td>\n<\/tr>\n<tr>\n<td class=\"has-text-align-left\" data-align=\"left\">10.<\/td>\n<td class=\"has-text-align-left\" data-align=\"left\">Josh McErlean<\/td>\n<td class=\"has-text-align-left\" data-align=\"left\">Ford<\/td>\n<td class=\"has-text-align-left\" data-align=\"left\">+27,9<\/td>\n<\/tr>\n<tr>\n<td class=\"has-text-align-left\" data-align=\"left\">11.<\/td>\n<td class=\"has-text-align-left\" data-align=\"left\">Emil Lindholm<\/td>\n<td class=\"has-text-align-left\" data-align=\"left\">Skoda<\/td>\n<td class=\"has-text-align-left\" data-align=\"left\">+44,7<\/td>\n<\/tr>\n<tr>\n<td class=\"has-text-align-left\" data-align=\"left\">12.<\/td>\n<td class=\"has-text-align-left\" data-align=\"left\">Roope Korhonen<\/td>\n<td class=\"has-text-align-left\" data-align=\"left\">Toyota<\/td>\n<td class=\"has-text-align-left\" data-align=\"left\">+55,7<\/td>\n<\/tr>\n<tr>\n<td class=\"has-text-align-left\" data-align=\"left\">12.<\/td>\n<td class=\"has-text-align-left\" data-align=\"left\">Robert Virves<\/td>\n<td class=\"has-text-align-left\" data-align=\"left\">Skoda<\/td>\n<td class=\"has-text-align-left\" data-align=\"left\">+55,7<\/td>\n<\/tr>\n<tr>\n<td class=\"has-text-align-left\" data-align=\"left\">14.<\/td>\n<td class=\"has-text-align-left\" data-align=\"left\">Teemu Suninen<\/td>\n<td class=\"has-text-align-left\" data-align=\"left\">Toyota<\/td>\n<td class=\"has-text-align-left\" data-align=\"left\">+56,1<\/td>\n<\/tr>\n<p class=\"wp-block-paragraph\"><strong>Suomen MM-rallin EK-aikataulu:<\/strong><\/p>\n<p><strong>Torstai 30.7.<\/strong><\/p>\n<p><a href=\"https:\/\/www.rallit.fi\/toyota-kuskille-tuntuvat-pohjat-testipatkalla-sebastien-ogier-jatettiin-jumboksi\/\" rel=\"nofollow noopener\" target=\"_blank\">09.01 Testierikoiskoe: Ruuhim\u00e4ki (4,12 km)<br \/><\/a><a href=\"https:\/\/www.rallit.fi\/ek1-hyundaille-kaksoisvoitto-harjun-legendaarisella-patkalla-pajarilta-kelpo-alku\/\" rel=\"nofollow noopener\" target=\"_blank\">19.05 EK1: Harju 1 (2,58 km)<\/a><\/p>\n<p><strong>Perjantai 31.7.<\/strong><\/p>\n<p><a href=\"https:\/\/www.rallit.fi\/ek2-sebastien-ogier-otti-heti-ohjat-esapekka-lapilta-loistoveto\/\" rel=\"nofollow noopener\" target=\"_blank\">08.44 EK2: Laukaa 1 (18,16 km)<br \/><\/a>09.45 EK3: Saarikas 1 (15,82 km)<br \/>10.50 EK4: Syd\u00e4nmaa 1 (19,04 km)<br \/>11.58 EK5: Hoho 1 (9,55 km)<br \/>13.14 Huoltotauko (30 min)<br \/>14.48 EK6: Laukaa 2 (18,16 km)<br \/>15.49 EK7: Saarikas 2 (15,82 km)<br \/>16.54 EK8: Syd\u00e4nmaa 2 (19,04 km)<br \/>18.05 EK9: Hoho 2 (9,55 km)<br \/>19.05 EK10: Harju 2 (2,58 km)<\/p>\n<p><strong>Lauantai 1.8.<\/strong><\/p>\n<p>08.01 EK11: Parkkola 1 (16,76 km)<br \/>09.42 EK12: P\u00e4ij\u00e4l\u00e4 1 (10,55 km)<br \/>10.36 EK13: V\u00e4stil\u00e4 1 (19,10 km)<br \/>12.05 EK14: Leustu 1 (16,44 km)<br \/>13.45 P\u00e4iv\u00e4huolto (30 min)<br \/>15.01 EK15 Parkkola 2 (16,76 km)<br \/>16.42 EK16: P\u00e4ij\u00e4l\u00e4 2 (10,55 km)<br \/>17.36 EK17: V\u00e4stil\u00e4 2 (19,10 km)<br \/>19.05 EK18: Leustu 2 (16,44 km)<\/p>\n<p><strong>Sunnuntai 2.8.<\/strong><\/p>\n<p>10.35 EK19: Himos-J\u00e4ms\u00e4 1 (30,02 km)<br \/>13.15 EK20: Himos-J\u00e4ms\u00e4 2 (30,02 km) *Power Stage<\/p>\n","protected":false},"excerpt":{"rendered":"Pajari ajoi pohja-ajan 1,6 sekunnin erolla ennen tallikaveri Sebastien Ogieria sek\u00e4 Hyundain Thierry Neuvillea. Kokonaistilanteessa Ogier s\u00e4ilyi kisan&hellip;\n","protected":false},"author":2,"featured_media":313705,"comment_status":"","ping_status":"","sticky":false,"template":"","format":"standard","meta":{"footnotes":"","_share_on_mastodon":"0"},"categories":[158],"tags":[7357,6556,3600,33,31,30,4319,15461,18230,15692,3540,5803,4917,159,15023,32,8094,7358,160],"class_list":["post-313704","post","type-post","status-publish","format-standard","has-post-thumbnail","category-urheilu","tag-adrien-fourmaux","tag-elfyn-evans","tag-esapekka-lappi","tag-fi","tag-finland","tag-finnish","tag-jon-armstrong","tag-josh-mcerlean","tag-martins-sesks","tag-oliver-solberg","tag-rallin-mm-sarja","tag-sami-pajari","tag-sebastien-ogier","tag-sports","tag-suomen-mm-ralli","tag-suomi","tag-takamoto-katsuta","tag-thierry-neuville","tag-urheilu"],"share_on_mastodon":{"url":"https:\/\/pubeurope.com\/@fi\/117013646380878237","error":""},"_links":{"self":[{"href":"https:\/\/www.europesays.com\/fi\/wp-json\/wp\/v2\/posts\/313704","targetHints":{"allow":["GET"]}}],"collection":[{"href":"https:\/\/www.europesays.com\/fi\/wp-json\/wp\/v2\/posts"}],"about":[{"href":"https:\/\/www.europesays.com\/fi\/wp-json\/wp\/v2\/types\/post"}],"author":[{"embeddable":true,"href":"https:\/\/www.europesays.com\/fi\/wp-json\/wp\/v2\/users\/2"}],"replies":[{"embeddable":true,"href":"https:\/\/www.europesays.com\/fi\/wp-json\/wp\/v2\/comments?post=313704"}],"version-history":[{"count":0,"href":"https:\/\/www.europesays.com\/fi\/wp-json\/wp\/v2\/posts\/313704\/revisions"}],"wp:featuredmedia":[{"embeddable":true,"href":"https:\/\/www.europesays.com\/fi\/wp-json\/wp\/v2\/media\/313705"}],"wp:attachment":[{"href":"https:\/\/www.europesays.com\/fi\/wp-json\/wp\/v2\/media?parent=313704"}],"wp:term":[{"taxonomy":"category","embeddable":true,"href":"https:\/\/www.europesays.com\/fi\/wp-json\/wp\/v2\/categories?post=313704"},{"taxonomy":"post_tag","embeddable":true,"href":"https:\/\/www.europesays.com\/fi\/wp-json\/wp\/v2\/tags?post=313704"}],"curies":[{"name":"wp","href":"https:\/\/api.w.org\/{rel}","templated":true}]}}