{"id":313772,"date":"2026-07-31T10:37:18","date_gmt":"2026-07-31T10:37:18","guid":{"rendered":"https:\/\/www.europesays.com\/fi\/313772\/"},"modified":"2026-07-31T10:37:18","modified_gmt":"2026-07-31T10:37:18","slug":"terveysministerio-rintasyopatapaukset-lisaantyvat-nopeasti-ja-ylittavat-huomattavasti-ennusteet","status":"publish","type":"post","link":"https:\/\/www.europesays.com\/fi\/313772\/","title":{"rendered":"Terveysministeri\u00f6: Rintasy\u00f6p\u00e4tapaukset lis\u00e4\u00e4ntyv\u00e4t nopeasti ja ylitt\u00e4v\u00e4t huomattavasti ennusteet."},"content":{"rendered":"<p><strong>Rintasy\u00f6p\u00e4- ja kohdunkaulansy\u00f6p\u00e4tapausten lis\u00e4\u00e4ntyminen.<\/strong><\/p>\n<p> T\u00e4m\u00e4 luku mainitaan <a class=\"data-link\" data-org-href=\"https:\/\/www.vietnam.vn\/fi\/authors\/moh-gov-vn\" href=\"https:\/\/www.vietnam.vn\/fi\/authors\/moh-gov-vn\" title=\"Terveysministeri\u00f6\" target=\"_blank\" rel=\"nofollow noopener\">terveysministeri\u00f6n<\/a> hyv\u00e4ksym\u00e4ss\u00e4 rinta- ja kohdunkaulansy\u00f6v\u00e4n ehk\u00e4isyn ja torjunnan kansallisessa toimintasuunnitelmassa vuosille 2026\u20132035.<\/p>\n<p> Hanoissa 30. hein\u00e4kuuta pidetyss\u00e4 pohjoisen alueen rinta- ja kohdunkaulansy\u00f6v\u00e4n ehk\u00e4isy\u00e4 ja torjuntaa k\u00e4sittelev\u00e4ss\u00e4 konferenssissa <a class=\"data-link\" data-org-href=\"https:\/\/www.vietnam.vn\/fi\/category\/y-te\" href=\"https:\/\/www.vietnam.vn\/fi\/category\/y-te\" title=\"L\u00e4\u00e4ketieteellinen\" target=\"_blank\" rel=\"nofollow noopener\">terveysministeri\u00f6n<\/a> \u00e4itiys- ja lastenterveysosaston johtaja Dinh Anh Tuan totesi, ett\u00e4 rinta- ja kohdunkaulansy\u00f6p\u00e4 ovat kaksi yleisimmist\u00e4 naisille aiheutuvista sairauksista. <\/p>\n<p><img decoding=\"async\" style=\"cursor:pointer\" title=\"Terveysministeri\u00f6: Rintasy\u00f6p\u00e4tapaukset lis\u00e4\u00e4ntyv\u00e4t nopeasti ja ylitt\u00e4v\u00e4t ennusteet huomattavasti - 1\" alt=\"B\u1ed9 Y t\u1ebf: Ca m\u1eafc ung th\u01b0 v\u00fa t\u0103ng nhanh, v\u01b0\u1ee3t xa d\u1ef1 b\u00e1o - 1\" data-width=\"1401\" data-height=\"721\" data-original=\"https:\/\/cdnphoto.dantri.com.vn\/be-t76WfcUclw9qSHeh5QlWCdVU=\/2026\/07\/30\/ungthuvu1-1785383711037.jpg\" data-photo-id=\"4143521\" data-track-content=\"\" data-content-name=\"article-content-image\" data-content-piece=\"article-content-image_4143521\" data-content-target=\"\/suc-khoe\/bo-y-te-ca-mac-ung-thu-vu-tang-nhanh-vuot-xa-du-bao-20260730110140298.htm\" src=\"https:\/\/www.europesays.com\/fi\/wp-content\/uploads\/2026\/07\/ungthuvu1-1785383711037.jpg\" \/><\/p>\n<p> Rintasy\u00f6p\u00e4tapaukset Vietnamissa osoittavat selke\u00e4\u00e4 nousutrendi\u00e4 (Grafiikka: Terveysministeri\u00f6).<\/p>\n<p> Vietnamissa arvioidaan olevan vuosittain noin 25 000 uutta rintasy\u00f6p\u00e4tapausta, joista 10 000 kuolee. Kohdunkaulan sy\u00f6v\u00e4n osalta vastaavat luvut ovat 5 000 uutta tapausta ja 2 500 kuolemantapausta.<\/p>\n<p> Vietnamissa rintasy\u00f6p\u00e4 on osoittanut selke\u00e4\u00e4 nousutrendi\u00e4 viimeisten kahden vuosikymmenen aikana.<\/p>\n<p> Alueellisen sy\u00f6p\u00e4rekisterin tietojen mukaan ik\u00e4vakioitu ilmaantuvuusluku (ASR) nousi 16,2:sta\/100 000 naista vuonna 2002 23:een\/100 000 vuonna 2012, mik\u00e4 vastaa yli 15 000 uutta tapausta ja yli 6 000 kuolemantapausta vuodessa t\u00e4n\u00e4 aikana.<\/p>\n<p> Aiemmat IARC:n (Cancer Tomorrow) ennustemallit arvioivat, ett\u00e4 rintasy\u00f6v\u00e4n ASR-luku Vietnamissa voisi nousta noin 29,3:een\/100 000 naista vuoteen 2030 menness\u00e4.<\/p>\n<p> Vuoden 2022 maailmanlaajuisen sy\u00f6p\u00e4rekisterin p\u00e4ivitetyt luvut kuitenkin osoittavat, ett\u00e4 taudin aiheuttama taakka on kasvanut ennustettua nopeammin. Uusia tapauksia on todettu 24 563 (mik\u00e4 on 13,6 % kaikista naisten sy\u00f6p\u00e4tapauksista) ja kuolleita on noin 10 000 (mik\u00e4 on 8,3 %).<\/p>\n<p><a href=\"https:\/\/www.vietnam.vn\/fi\/benh-vien-cho-ray-va-dieu-dac-biet-danh-cho-benh-nhan-ung-thu\" class=\"shrink-0\" rel=\"nofollow noopener\" target=\"_blank\"><img alt=\"Cho Ray -sairaala ja mit\u00e4 se tarjoaa sy\u00f6p\u00e4potilaille.\" loading=\"lazy\" width=\"192\" height=\"108\" decoding=\"async\" data-nimg=\"1\" class=\"object-cover block rounded-lg\" style=\"color:transparent;width:192px;height:108px\" src=\"https:\/\/www.europesays.com\/fi\/wp-content\/uploads\/2026\/07\/1784590030040_editphotoqolbelselr-1784183038-515-0-1855-2560-crop-1784186994013572291361.jpeg\"\/><\/a><a href=\"https:\/\/www.vietnam.vn\/fi\/cong-nhan-hwaseung-rach-gia-duoc-cham-soc-kien-thuc-suc-khoe\" class=\"shrink-0\" rel=\"nofollow noopener\" target=\"_blank\"><img alt=\"Hwaseung Rach Gian ty\u00f6ntekij\u00e4t saavat terveyskasvatusta ja -hoitoa.\" loading=\"lazy\" width=\"192\" height=\"108\" decoding=\"async\" data-nimg=\"1\" class=\"object-cover block rounded-lg\" style=\"color:transparent;width:192px;height:108px\" src=\"https:\/\/www.europesays.com\/fi\/wp-content\/uploads\/2026\/07\/1784352154988_tuyen-truyen-phong-_4729_1784343819.jpeg\"\/><\/a><a href=\"https:\/\/www.vietnam.vn\/fi\/cong-nhan-hwaseung-rach-gia-duoc-cham-soc-kien-thuc-suc-khoe\" class=\"font-inter-body v-link-title line-clamp-4 font-semibold\" rel=\"nofollow noopener\" target=\"_blank\">Hwaseung Rach Gian ty\u00f6ntekij\u00e4t saavat terveyskasvatusta ja -hoitoa.<\/a>Hein\u00e4kuun 18. p\u00e4iv\u00e4n\u00e4 120 Hwaseung Rach Gia Co., Ltd.:n ammattiliiton j\u00e4sent\u00e4 ja ty\u00f6ntekij\u00e4\u00e4 sai koulutusta huumeidenk\u00e4yt\u00f6n ehk\u00e4isyst\u00e4, sosiaalisista v\u00e4\u00e4rink\u00e4yt\u00f6ksist\u00e4 ja lis\u00e4\u00e4ntymisterveydest\u00e4, edist\u00e4en turvallisen ja terveellisen ty\u00f6ymp\u00e4rist\u00f6n rakentamista.<a href=\"https:\/\/www.vietnam.vn\/fi\/canh-bao-benh-whitmore-tu-o-ap-xe-vung-mang-tai\" class=\"shrink-0\" rel=\"nofollow noopener\" target=\"_blank\"><img alt=\"Whitmoren taudin varoitusmerkkej\u00e4 korvasylkirauhasen paiseesta\" loading=\"lazy\" width=\"192\" height=\"108\" decoding=\"async\" data-nimg=\"1\" class=\"object-cover block rounded-lg\" style=\"color:transparent;width:192px;height:108px\" src=\"https:\/\/www.europesays.com\/fi\/wp-content\/uploads\/2026\/07\/1785468998278_nhiem-khuan-whitmore-2-85663644751750498319409-42623006100631302131602.webp\"\/><\/a><\/p>\n<p> T\u00e4m\u00e4 vastaa ASR:n ilmaantuvuutta 38\/100 000 ja ASR:n kuolleisuutta 14,7\/100 000.<\/p>\n<p> T\u00e4m\u00e4 tosiasia osoittaa, ett\u00e4 rintasy\u00f6p\u00e4 Vietnamissa lis\u00e4\u00e4ntyy nopeasti ja ylitt\u00e4\u00e4 aiemmat arviot.<\/p>\n<p> Samoin kohdunkaulan sy\u00f6v\u00e4n esiintyvyys lis\u00e4\u00e4ntyi nopeasti vuosina 2020\u20132024, ja uusien tapausten m\u00e4\u00e4r\u00e4 nousi l\u00e4hes 2 900:sta l\u00e4hes 3 900:aan.<\/p>\n<p> <strong>Miten rintasy\u00f6p\u00e4 ja kohdunkaulan sy\u00f6p\u00e4 voidaan havaita varhain?<\/strong><\/p>\n<p> Herra Tuanin mukaan rinta- ja kohdunkaulansy\u00f6p\u00e4\u00e4n liittyv\u00e4t kuolemat ovat t\u00e4ysin ehk\u00e4ist\u00e4viss\u00e4. Erityisesti molemmat sairaudet voidaan havaita varhain, mik\u00e4 antaa potilaille paremmat mahdollisuudet parantua.<\/p>\n<p> Erityisesti kohdunkaulan sy\u00f6p\u00e4\u00e4 vastaan \u200b\u200bon nyt rokote HPV:t\u00e4 vastaan, joka on yli 99 prosentin tapausten aiheuttaja.<\/p>\n<p> <a class=\"data-link\" data-org-href=\"https:\/\/www.vietnam.vn\/fi\/category\/the-gioi\" href=\"https:\/\/www.vietnam.vn\/fi\/category\/the-gioi\" title=\"maailman-\" target=\"_blank\" rel=\"nofollow noopener\">Maailman<\/a> nykyinen tavoite on poistaa kohdunkaulan sy\u00f6p\u00e4 kokonaan, mik\u00e4 tarkoittaa, ett\u00e4 yhdenk\u00e4\u00e4n naisen ei pit\u00e4isi sairastua tai kuolla t\u00e4h\u00e4n tautiin. T\u00e4m\u00e4n saavuttamiseksi meid\u00e4n on otettava k\u00e4ytt\u00f6\u00f6n rokotusohjelmia ja suoritettava seulontoja taudin varhaista havaitsemista ja tehokasta hoitoa varten. <\/p>\n<p><img decoding=\"async\" style=\"cursor:pointer\" title=\"Terveysministeri\u00f6: Rintasy\u00f6p\u00e4tapaukset lis\u00e4\u00e4ntyv\u00e4t nopeasti ja ylitt\u00e4v\u00e4t ennusteet huomattavasti - 2\" alt=\"B\u1ed9 Y t\u1ebf: Ca m\u1eafc ung th\u01b0 v\u00fa t\u0103ng nhanh, v\u01b0\u1ee3t xa d\u1ef1 b\u00e1o - 2\" data-width=\"1267\" data-height=\"800\" data-original=\"https:\/\/cdnphoto.dantri.com.vn\/lqqE49lYM75m8QI4n0SgTs13Fag=\/2026\/07\/30\/dinhanhtuan-ungthuvu-1785383884621.jpg\" data-photo-id=\"4143539\" data-track-content=\"\" data-content-name=\"article-content-image\" data-content-piece=\"article-content-image_4143539\" data-content-target=\"\/suc-khoe\/bo-y-te-ca-mac-ung-thu-vu-tang-nhanh-vuot-xa-du-bao-20260730110140298.htm\" src=\"https:\/\/www.europesays.com\/fi\/wp-content\/uploads\/2026\/07\/dinhanhtuan-ungthuvu-1785383884621.jpg\" \/><\/p>\n<p> Terveysministeri\u00f6n \u00e4itien ja lasten osaston johtaja Dinh Anh Tuan jakoi ajatuksiaan tilaisuuden yhteydess\u00e4 (Kuva: NP).<\/p>\n<p> &#8221;Rintasy\u00f6v\u00e4n kohdalla t\u00e4m\u00e4 ty\u00f6 on vaikeampaa, koska rokotetta ei ole, mutta meill\u00e4 on monia toimenpiteit\u00e4 sen havaitsemiseksi varhaisessa vaiheessa, jotta sit\u00e4 voidaan hoitaa t\u00e4ydellisesti ja kuolleisuus minimoida. T\u00e4rkeint\u00e4 on tiedottaa ihmisille yhteis\u00f6n ja terveydenhuollon yksik\u00f6iden tarjoamista palveluista, kuten rintojen itsetutkimuksesta, rintojen ultra\u00e4\u00e4nitutkimuksesta tai mammografiasta&#8221;, Tuan korosti.<\/p>\n<p> Terveysministeri\u00f6 on julkaissut rinta- ja kohdunkaulansy\u00f6v\u00e4n ehk\u00e4isyn ja torjunnan kansallisen toimintasuunnitelman vuosille 2026\u20132035. T\u00e4m\u00e4 on t\u00e4rke\u00e4 terveysalan suunnitelma, jonka tavoitteena on tarjota terveydenhuoltoa ja suojella naisten henke\u00e4.<\/p>\n<p> Korostaen sy\u00f6v\u00e4n <a class=\"data-link\" data-org-href=\"https:\/\/www.vietnam.vn\/fi\/category\/kinh-te\" href=\"https:\/\/www.vietnam.vn\/fi\/category\/kinh-te\" title=\"talous\" target=\"_blank\" rel=\"nofollow noopener\">taloudellista<\/a> taakkaa h\u00e4n v\u00e4itti, ett\u00e4 jopa perheet, jotka eiv\u00e4t ole k\u00f6yhi\u00e4, k\u00f6yhtyv\u00e4t, kun heid\u00e4n j\u00e4senell\u00e4\u00e4n diagnosoidaan sy\u00f6p\u00e4, ja ett\u00e4 jo ennest\u00e4\u00e4n k\u00f6yh\u00e4t perheet ajautuvat tuhoon.<\/p>\n<p> Siksi yksi prioriteettialueista kaudella 2026\u20132035 on varmistaa kest\u00e4v\u00e4 taloudellinen tuki n\u00e4iden kahden sy\u00f6p\u00e4tyypin ehk\u00e4isyyn ja torjuntaan. T\u00e4h\u00e4n sis\u00e4ltyy varhaisen havaitsemisen ja hoidon rahoituksen integrointi kohdennettuihin terveysohjelmiin, sairausvakuutusrahastoihin sek\u00e4 sosiaalisten resurssien ja julkisen ja yksityisen sektorin kumppanuuksien mobilisointi.<\/p>\n<p class=\"mb-0\"> L\u00e4hde: https:\/\/dantri.com.vn\/suc-khoe\/bo-y-te-ca-mac-ung-thu-vu-tang-nhanh-vuot-xa-du-bao-20260730110140298.htm<\/p>\n","protected":false},"excerpt":{"rendered":"Rintasy\u00f6p\u00e4- ja kohdunkaulansy\u00f6p\u00e4tapausten lis\u00e4\u00e4ntyminen. T\u00e4m\u00e4 luku mainitaan terveysministeri\u00f6n hyv\u00e4ksym\u00e4ss\u00e4 rinta- ja kohdunkaulansy\u00f6v\u00e4n ehk\u00e4isyn ja torjunnan kansallisessa toimintasuunnitelmassa vuosille&hellip;\n","protected":false},"author":2,"featured_media":313773,"comment_status":"","ping_status":"","sticky":false,"template":"","format":"standard","meta":{"footnotes":"","_share_on_mastodon":"0"},"categories":[165],"tags":[33,31,30,166,17020,3918,32,40259,167],"class_list":["post-313772","post","type-post","status-publish","format-standard","has-post-thumbnail","category-terveys","tag-fi","tag-finland","tag-finnish","tag-health","tag-kohdunkaulan-syopa","tag-rintasyopa","tag-suomi","tag-syovan-varhainen-havaitseminen","tag-terveys"],"share_on_mastodon":{"url":"https:\/\/pubeurope.com\/@fi\/117014158083668378","error":""},"_links":{"self":[{"href":"https:\/\/www.europesays.com\/fi\/wp-json\/wp\/v2\/posts\/313772","targetHints":{"allow":["GET"]}}],"collection":[{"href":"https:\/\/www.europesays.com\/fi\/wp-json\/wp\/v2\/posts"}],"about":[{"href":"https:\/\/www.europesays.com\/fi\/wp-json\/wp\/v2\/types\/post"}],"author":[{"embeddable":true,"href":"https:\/\/www.europesays.com\/fi\/wp-json\/wp\/v2\/users\/2"}],"replies":[{"embeddable":true,"href":"https:\/\/www.europesays.com\/fi\/wp-json\/wp\/v2\/comments?post=313772"}],"version-history":[{"count":0,"href":"https:\/\/www.europesays.com\/fi\/wp-json\/wp\/v2\/posts\/313772\/revisions"}],"wp:featuredmedia":[{"embeddable":true,"href":"https:\/\/www.europesays.com\/fi\/wp-json\/wp\/v2\/media\/313773"}],"wp:attachment":[{"href":"https:\/\/www.europesays.com\/fi\/wp-json\/wp\/v2\/media?parent=313772"}],"wp:term":[{"taxonomy":"category","embeddable":true,"href":"https:\/\/www.europesays.com\/fi\/wp-json\/wp\/v2\/categories?post=313772"},{"taxonomy":"post_tag","embeddable":true,"href":"https:\/\/www.europesays.com\/fi\/wp-json\/wp\/v2\/tags?post=313772"}],"curies":[{"name":"wp","href":"https:\/\/api.w.org\/{rel}","templated":true}]}}