{"id":313828,"date":"2026-07-31T12:02:11","date_gmt":"2026-07-31T12:02:11","guid":{"rendered":"https:\/\/www.europesays.com\/fi\/313828\/"},"modified":"2026-07-31T12:02:11","modified_gmt":"2026-07-31T12:02:11","slug":"guardian-venaja-iski-amerikkalaisen-yrityksen-tehtaaseen-kiovassa-tiettavasti-ensi-kertaa-uutissuomalainen","status":"publish","type":"post","link":"https:\/\/www.europesays.com\/fi\/313828\/","title":{"rendered":"Guardian: Ven\u00e4j\u00e4 iski amerikkalaisen yrityksen tehtaaseen Kiovassa \u2013\u2009tiett\u00e4v\u00e4sti ensi kertaa | Uutissuomalainen"},"content":{"rendered":"<p>Ven\u00e4j\u00e4 iski ballistisella ohjuksella amerikkalaisen droonivalmistajan tehtaaseen Kiovassa hiljattain, brittilehti <a href=\"https:\/\/www.theguardian.com\/world\/2026\/jul\/30\/us-firm-drone-factory-terminal-autonomy-ukraine-russia\" rel=\"nofollow noopener\" target=\"_blank\">The Guardian<\/a> kertoo asiasta tietoista l\u00e4hdett\u00e4 lainaten.<\/p>\n<p>Lehden mukaan kyseess\u00e4 on ensimm\u00e4inen kerta, kun Ven\u00e4j\u00e4n isku on kohdistunut yhdysvaltalaiseen yritykseen Ukrainan sodassa.<\/p>\n<p>Ven\u00e4l\u00e4isuutistoimisto <a href=\"https:\/\/tass.com\/defense\/2165453\/amp\" rel=\"nofollow noopener\" target=\"_blank\">Tass<\/a> kertoi sunnuntaina 26. hein\u00e4kuuta Ven\u00e4j\u00e4n iskeneen droonitehtaaseen Kiovassa. Ven\u00e4j\u00e4n puolustusministeri\u00f6n l\u00e4hteen mukaan tehtaassa tuotettiin kuukausittain 1\u2009000 droonia. Tassin uutisessa ei mainita tehtaan omistajamaata, mutta sanotaan siell\u00e4 ty\u00f6skennelleen &#8221;ukrainalais-amerikkalaisen yrityksen asiantuntijoita&#8221;.<\/p>\n<p>Brittilehden mukaan isku kohdistui Delawareen rekister\u00f6idyn Terminal Autonomyn tehtaaseen. Yritys valmistaa pitk\u00e4n kantaman t\u00e4sm\u00e4iskuissa k\u00e4ytett\u00e4vi\u00e4 drooneja, joiden ohjausj\u00e4rjestelm\u00e4t kest\u00e4v\u00e4t Ven\u00e4j\u00e4n elektronista h\u00e4irint\u00e4\u00e4.<\/p>\n<p>Lehden l\u00e4hteen kukaan ei kuollut iskussa.<\/p>\n<p>Yritys ja Ukrainan puolustusministeri\u00f6 eiv\u00e4t ole vastanneet Guardianin kommenttipyynt\u00f6ihin.<\/p>\n<p>Entinen yhdysvaltalainen tiedustelu-upseeri <strong>Anthony Vinci<\/strong> sanoo lehdelle, ettei ven\u00e4l\u00e4isi\u00e4 kiinnosta, kenen omistamaan tehtaaseen he iskev\u00e4t.<\/p>\n<p>\u2013 Se on silti kohde. Heit\u00e4 ei kiinnosta, onko se amerikkalainen vai jonkun toisen.<\/p>\n<p>Ukrainan aseistamiseen vastahakoisesti aiemmin suhtautunut <strong>Donald Trump<\/strong> on sanonut voivansa my\u00f6nt\u00e4\u00e4 Ukrainalle luvan valmistaa amerikkalaisissa Patriot-ilmatorjuntaj\u00e4rjestelmiss\u00e4 k\u00e4ytett\u00e4vi\u00e4 ohjuksia. Mik\u00e4li Patriot-ohjuksia tai muita amerikkalaisia aseita alettaisiin valmistaa Ukrainassa, iskisi Ven\u00e4j\u00e4 niiden tuotantolaitoksiin, Vinci sanoo Guardianille.<\/p>\n<p><a href=\"https:\/\/www.ft.com\/content\/d8c42f6b-4dba-4976-a907-c7c93bca0bbd?segmentId=2c1df321-36a4-1206-2c08-112c059dd69d&amp;syn-25a6b1a6=1&amp;gsid=19231116-21d9-4b32-b9e3-2ec24a9cfca4\" rel=\"nofollow noopener\" target=\"_blank\">Financial Times<\/a> kertoi perjantaina, ettei Trump ole viel\u00e4 p\u00e4\u00e4tt\u00e4nyt, saako Ukraina luvan Patriot-ohjusten valmistamiseen.<\/p>\n","protected":false},"excerpt":{"rendered":"Ven\u00e4j\u00e4 iski ballistisella ohjuksella amerikkalaisen droonivalmistajan tehtaaseen Kiovassa hiljattain, brittilehti The Guardian kertoo asiasta tietoista l\u00e4hdett\u00e4 lainaten. Lehden&hellip;\n","protected":false},"author":2,"featured_media":313829,"comment_status":"","ping_status":"","sticky":false,"template":"","format":"standard","meta":{"footnotes":"","_share_on_mastodon":"0"},"categories":[14],"tags":[802,22,23,585,26,27,33,31,30,17,3488,24,25,803,28,29,15,18,21,32,2567,19,20,21377,56,16,2591,59,60,61],"class_list":["post-313828","post","type-post","status-publish","format-standard","has-post-thumbnail","category-ulkomaat","tag-armeijat-ja-aseelliset-joukot","tag-breaking-news","tag-breakingnews","tag-donald-trump","tag-featured-news","tag-featurednews","tag-fi","tag-finland","tag-finnish","tag-headlines","tag-kiova","tag-latest-news","tag-latestnews","tag-levottomuudet-ja-sodat","tag-main-news","tag-mainnews","tag-news","tag-otsikot","tag-paauutiset","tag-suomi","tag-the-guardian","tag-top-stories","tag-topstories","tag-ukrainan-kriisi","tag-ulkomaat","tag-uutiset","tag-venajan-hyokkays-ukrainaan","tag-world","tag-world-news","tag-worldnews"],"share_on_mastodon":{"url":"https:\/\/pubeurope.com\/@fi\/117014491775314729","error":""},"_links":{"self":[{"href":"https:\/\/www.europesays.com\/fi\/wp-json\/wp\/v2\/posts\/313828","targetHints":{"allow":["GET"]}}],"collection":[{"href":"https:\/\/www.europesays.com\/fi\/wp-json\/wp\/v2\/posts"}],"about":[{"href":"https:\/\/www.europesays.com\/fi\/wp-json\/wp\/v2\/types\/post"}],"author":[{"embeddable":true,"href":"https:\/\/www.europesays.com\/fi\/wp-json\/wp\/v2\/users\/2"}],"replies":[{"embeddable":true,"href":"https:\/\/www.europesays.com\/fi\/wp-json\/wp\/v2\/comments?post=313828"}],"version-history":[{"count":0,"href":"https:\/\/www.europesays.com\/fi\/wp-json\/wp\/v2\/posts\/313828\/revisions"}],"wp:featuredmedia":[{"embeddable":true,"href":"https:\/\/www.europesays.com\/fi\/wp-json\/wp\/v2\/media\/313829"}],"wp:attachment":[{"href":"https:\/\/www.europesays.com\/fi\/wp-json\/wp\/v2\/media?parent=313828"}],"wp:term":[{"taxonomy":"category","embeddable":true,"href":"https:\/\/www.europesays.com\/fi\/wp-json\/wp\/v2\/categories?post=313828"},{"taxonomy":"post_tag","embeddable":true,"href":"https:\/\/www.europesays.com\/fi\/wp-json\/wp\/v2\/tags?post=313828"}],"curies":[{"name":"wp","href":"https:\/\/api.w.org\/{rel}","templated":true}]}}