{"id":313900,"date":"2026-07-31T13:50:14","date_gmt":"2026-07-31T13:50:14","guid":{"rendered":"https:\/\/www.europesays.com\/fi\/313900\/"},"modified":"2026-07-31T13:50:14","modified_gmt":"2026-07-31T13:50:14","slug":"museokahvilassa-torkea-ryosto-espoossa-keskella-paivaa-sivulliset-taltuttivat-epaillyn-uusimaa","status":"publish","type":"post","link":"https:\/\/www.europesays.com\/fi\/313900\/","title":{"rendered":"Museokahvilassa t\u00f6rke\u00e4 ry\u00f6st\u00f6 Espoossa keskell\u00e4 p\u00e4iv\u00e4\u00e4 \u2013 sivulliset taltuttivat ep\u00e4illyn | Uusimaa"},"content":{"rendered":"<p class=\"aw__sc-1qwuw0s-0 aw__sc-1vg2sqm-0 epAWpq ecELkD yle__article__paragraph\">Ry\u00f6st\u00f6 tapahtui Gallen-Kallelan museon kahvilassa Espoossa. Nuori mies uhkasi henkil\u00f6st\u00f6\u00e4 ja asiakkaita ter\u00e4aseella, kertoo poliisi.<\/p>\n<p><img decoding=\"async\" alt=\"Axeli Gallen-Kallelan museo.\" src=\"https:\/\/www.europesays.com\/fi\/wp-content\/uploads\/2026\/07\/1750313837.jpeg\" class=\"aw__sc-dklauk-0 LPzKX\"\/><\/p>\n<p>Avaa kuvien katselu<\/p>\n<p>Gallen-Kallelan museo sijaitsee Tarvasp\u00e4\u00e4ss\u00e4, Espoon Laajalahden pohjoisp\u00e4\u00e4ss\u00e4. Taidemaalari Akseli Gallen-Kallela suunnitteli ja rakennutti sen vuosina 1911\u20131913. Kuva: Janne Lindroos \/ Yle<\/p>\n<p>14:20\u2022P\u00e4ivitetty 14:57<\/p>\n<p class=\"aw__sc-1qwuw0s-0 aw__sc-ngllmo-0 epAWpq fzYpjk yle__article__paragraph\">Espoossa Laajalahdessa sijaitsevassa kahvilassa sattui ep\u00e4ilty t\u00f6rke\u00e4 ry\u00f6st\u00f6 noin kello 13, kertoo L\u00e4nsi-Uudenmaan poliisi. Tapahtumapaikka oli Gallen-Kallelan museon kahvila Tarvasp\u00e4\u00e4ss\u00e4.<\/p>\n<p class=\"aw__sc-1qwuw0s-0 aw__sc-ngllmo-0 epAWpq fzYpjk yle__article__paragraph\">Ry\u00f6st\u00f6st\u00e4 ep\u00e4ilty nuori mies on nyt poliisin hallussa, eik\u00e4 tilanne en\u00e4\u00e4 aiheuta vaaraa.<\/p>\n<p class=\"aw__sc-1qwuw0s-0 aw__sc-ngllmo-0 epAWpq fzYpjk yle__article__paragraph\">Poliisin mukaan mies uhkasi kahvilan henkil\u00f6st\u00f6\u00e4 ja asiakkaita jonkinlaisella ter\u00e4aseella ja vei rahaa kahvilan kassasta. Muut paikalla olijat pitiv\u00e4t h\u00e4nt\u00e4 aloillaan poliisipartion saapumiseen asti.<\/p>\n<p class=\"aw__sc-1qwuw0s-0 aw__sc-ngllmo-0 epAWpq fzYpjk yle__article__paragraph\">\u2013 Muutama sivullinen sai h\u00e4net loppuk\u00e4dess\u00e4 taltutetua, kertoo L\u00e4nsi-Uudenmaan poliisin yleisjohtaja <strong class=\"aw__sc-ngllmo-2 gdRrun yle__article__strong\">Hannu Kontola<\/strong>.<\/p>\n<p class=\"aw__sc-1qwuw0s-0 aw__sc-ngllmo-0 epAWpq fzYpjk yle__article__paragraph\">Ry\u00f6st\u00f6saaliin suuruus ei ole viel\u00e4 tiedossa. My\u00f6s se on poliisille viel\u00e4 ep\u00e4selv\u00e4\u00e4, oliko ep\u00e4ilty p\u00e4ihteiden vaikutuksen alaisena, tai tuliko h\u00e4n tarkoituksella ry\u00f6st\u00e4m\u00e4\u00e4n museon kahvilaa.<\/p>\n<p class=\"aw__sc-1qwuw0s-0 aw__sc-ngllmo-0 epAWpq fzYpjk yle__article__paragraph\">Kontola kuvailee tapausta hyvin poikkeukselliseksi.<\/p>\n<p class=\"aw__sc-1qwuw0s-0 aw__sc-ngllmo-0 epAWpq fzYpjk yle__article__paragraph\">\u2013 Onneksi mit\u00e4\u00e4n pahoja loukkaantumisia ei tapahtunut kenellek\u00e4\u00e4n, eik\u00e4 muuta, h\u00e4n sanoo.<\/p>\n<p class=\"aw__sc-1qwuw0s-0 aw__sc-ngllmo-0 epAWpq fzYpjk yle__article__paragraph\">Tapaus kuitenkin pel\u00e4stytti l\u00e4sn\u00e4olijoita, ja viranomaiset tarjoavat heille kriisiapua.<\/p>\n<p class=\"aw__sc-1qwuw0s-0 aw__sc-ngllmo-0 epAWpq fzYpjk yle__article__paragraph\">Tapahtuman yksityiskohtien selvitt\u00e4minen jatkuu poliisin esitutkinnassa.<\/p>\n","protected":false},"excerpt":{"rendered":"Ry\u00f6st\u00f6 tapahtui Gallen-Kallelan museon kahvilassa Espoossa. Nuori mies uhkasi henkil\u00f6st\u00f6\u00e4 ja asiakkaita ter\u00e4aseella, kertoo poliisi. Avaa kuvien katselu&hellip;\n","protected":false},"author":2,"featured_media":313901,"comment_status":"","ping_status":"","sticky":false,"template":"","format":"standard","meta":{"footnotes":"","_share_on_mastodon":"0"},"categories":[5],"tags":[22,23,400,26,27,33,31,30,17,2921,71,24,25,28,29,15,18,21,52,1263,4678,32,19,20,1168,16],"class_list":["post-313900","post","type-post","status-publish","format-standard","has-post-thumbnail","category-otsikot","tag-breaking-news","tag-breakingnews","tag-espoo","tag-featured-news","tag-featurednews","tag-fi","tag-finland","tag-finnish","tag-headlines","tag-kahvilat","tag-kotimaa","tag-latest-news","tag-latestnews","tag-main-news","tag-mainnews","tag-news","tag-otsikot","tag-paauutiset","tag-poliisi","tag-rikosepailyt","tag-ryosto","tag-suomi","tag-top-stories","tag-topstories","tag-uusimaa","tag-uutiset"],"share_on_mastodon":{"url":"https:\/\/pubeurope.com\/@fi\/117014916909686675","error":""},"_links":{"self":[{"href":"https:\/\/www.europesays.com\/fi\/wp-json\/wp\/v2\/posts\/313900","targetHints":{"allow":["GET"]}}],"collection":[{"href":"https:\/\/www.europesays.com\/fi\/wp-json\/wp\/v2\/posts"}],"about":[{"href":"https:\/\/www.europesays.com\/fi\/wp-json\/wp\/v2\/types\/post"}],"author":[{"embeddable":true,"href":"https:\/\/www.europesays.com\/fi\/wp-json\/wp\/v2\/users\/2"}],"replies":[{"embeddable":true,"href":"https:\/\/www.europesays.com\/fi\/wp-json\/wp\/v2\/comments?post=313900"}],"version-history":[{"count":0,"href":"https:\/\/www.europesays.com\/fi\/wp-json\/wp\/v2\/posts\/313900\/revisions"}],"wp:featuredmedia":[{"embeddable":true,"href":"https:\/\/www.europesays.com\/fi\/wp-json\/wp\/v2\/media\/313901"}],"wp:attachment":[{"href":"https:\/\/www.europesays.com\/fi\/wp-json\/wp\/v2\/media?parent=313900"}],"wp:term":[{"taxonomy":"category","embeddable":true,"href":"https:\/\/www.europesays.com\/fi\/wp-json\/wp\/v2\/categories?post=313900"},{"taxonomy":"post_tag","embeddable":true,"href":"https:\/\/www.europesays.com\/fi\/wp-json\/wp\/v2\/tags?post=313900"}],"curies":[{"name":"wp","href":"https:\/\/api.w.org\/{rel}","templated":true}]}}