{"id":313928,"date":"2026-07-31T14:42:13","date_gmt":"2026-07-31T14:42:13","guid":{"rendered":"https:\/\/www.europesays.com\/fi\/313928\/"},"modified":"2026-07-31T14:42:13","modified_gmt":"2026-07-31T14:42:13","slug":"kokoomuksen-karkipoliitikolta-raju-ehdotus-vieraskielisten-s2-opetuksen-lakkauttamisesta-kympin-arvosanaa-ei-tarvitse-saada-mutta-lapi-pitaa-paasta-paikalliset","status":"publish","type":"post","link":"https:\/\/www.europesays.com\/fi\/313928\/","title":{"rendered":"Kokoomuksen k\u00e4rkipoliitikolta raju ehdotus vieraskielisten S2-opetuksen lakkauttamisesta:\u2009&#8221;Kympin arvosanaa ei tarvitse saada, mutta l\u00e4pi pit\u00e4\u00e4 p\u00e4\u00e4st\u00e4&#8221; | Paikalliset"},"content":{"rendered":"<p>Kokoomuksen valtuustoryhm\u00e4n puheenjohtaja ja kaupunginvaltuutettu <strong>Matias Pajula<\/strong> esitt\u00e4\u00e4 kovan vaatimuksen vieraskielisten lasten S2-opetuksen liittyen.<\/p>\n<p>Pajula vaatii, ett\u00e4 opetus pit\u00e4isi lopettaa kokonaan.<\/p>\n<p>\u2013\u2009Jokaisen suomalaisen koulupolun l\u00e4pi kulkeneen nuoren on osattava suomea tai ruotsia niin hyvin, ett\u00e4 p\u00e4rj\u00e4\u00e4 sen j\u00e4lkeen jatko-opinnoissa, ty\u00f6el\u00e4m\u00e4ss\u00e4 ja osana suomalaista yhteiskuntaa, Pajula toteaa Helsingin Uutisille.<\/p>\n<p>P\u00e4rj\u00e4\u00e4misen jatko-opinnoissa voisi turvata vain varmistamalla, ett\u00e4 jokainen nuori p\u00e4\u00e4see l\u00e4pi suomi tai ruotsi \u00e4idinkielen\u00e4 -opinnoista ja vaatimustasosta.<\/p>\n<p><strong class=\"diks-storyline__impact\">T\u00e4ll\u00e4 <\/strong>hetkell\u00e4 S2-opinnoista p\u00e4\u00e4see l\u00e4pi matalammalla osaamistasolla kuin S1-opinnoista.<\/p>\n<p>N\u00e4in se ei Pajulan mukaan voi olla.<\/p>\n<p>\u2013 T\u00e4m\u00e4 ei ole S2-opintoihin ohjatun nuoren etu. Mielest\u00e4ni erillisest\u00e4 S2-opetuksesta ja sen omasta arviointiasteikosta pit\u00e4isi luopua ja menn\u00e4 yhteen yhteiseen vaatimukseen.<\/p>\n<p>Pajulan ehdottamassa mallissa kaikki opiskelisivat suomea tai ruotsia \u00e4idinkielen\u00e4. S2-opetuksen tilalle tulisi tarjota tukiopetusta ja nykyist\u00e4 vahvemmin resurssoitua valmistavaa opetus varsinkin lapsille, jotka ovat juuri muuttaneet Suomeen. N\u00e4m\u00e4 tarjottaisiin suomen kielen opetuksen rinnalla.<\/p>\n<p>\u2013\u2009Kympin arvosanaa ei tarvitse saada, mutta l\u00e4pi pit\u00e4\u00e4 p\u00e4\u00e4st\u00e4, h\u00e4n perustelee.<\/p>\n<p><strong class=\"diks-storyline__impact\">Onko<\/strong> kyse enemm\u00e4nkin termist\u00f6n muuttamisesta vai isommasta ongelmasta?<\/p>\n<p>\u2013 Kyse ei ole termeist\u00e4, vaan rakenteellisesta ongelmasta.<\/p>\n<p>Pajula antaa ensimerkin.<\/p>\n<p>\u2013\u2009Esimerkiksi kirjoittamisessa S2:n tyydytt\u00e4v\u00e4\u00e4n arvosanaan riitt\u00e4\u00e4 teksti, jossa saa olla kieliopillisia puutteita. Suomi \u00e4idinkielen\u00e4 -puolella sellaista ei hyv\u00e4ksyt\u00e4. Jos vaihtaisimme pelk\u00e4n nimen, mutta pit\u00e4isimme edelleen kaksi eri rimaa, mik\u00e4\u00e4n ei oikeasti muuttuisi.<\/p>\n<p><strong class=\"diks-storyline__impact\">Muutoksesta<\/strong> hy\u00f6tyisiv\u00e4t Pajulan mukaan nimenomaan S2-oppilaat itse.<\/p>\n<p>Iso osa S2-oppilaista on Suomessa syntyneit\u00e4, toisen polven lapsia, jotka ovat k\u00e4yneet koko koulunsa Suomessa. Moni S2-opintoihin ohjattu nuori osaa suomea jo hyvin. Silti h\u00e4nt\u00e4 opetetaan matalammalla vaatimustasolla.<\/p>\n<p>T\u00e4m\u00e4 hidastaa valtuutetun mukaan kehityst\u00e4 juuri silloin, kun sit\u00e4 pit\u00e4isi vauhdittaa. Jos oppilaat p\u00e4\u00e4sev\u00e4t l\u00e4pi matalammalla suomenkielen taidolla, se kostautuu heille my\u00f6hemmin.<\/p>\n<p>\u2013\u2009Kielitaito ei kehity yht\u00e4 vahvasti. Se n\u00e4kyy opinnoissa ja ty\u00f6n saamisessa. Kun meill\u00e4 on yksi yhteinen vaatimustaso ja sen rinnalla kunnon tuki, n\u00e4m\u00e4 nuoret saavat paremmat ev\u00e4\u00e4t kuin nyt.<\/p>\n<p>Pajula perustelee HU:lle mielipidett\u00e4\u00e4n ennen kaikkea tasa-arvokysymyksen\u00e4.<\/p>\n<p><strong class=\"diks-storyline__impact\">Pajulan n\u00e4kemyst\u00e4 <\/strong>kertoi ensimm\u00e4isen\u00e4 <a href=\"https:\/\/www.mtvuutiset.fi\/artikkeli\/kokoomuksesta-kova-vaatimus-vieraskielisten-s2-opetus-pitaa-lopettaa-kokonaan\/9372178\" rel=\"nofollow noopener\" target=\"_blank\">MTV<\/a>.<\/p>\n<p><strong class=\"diks-storyline__impact\">Valtuutettu<\/strong> haastaa my\u00f6s kaupunkia pohtimaan S2-opetuksesta luopumista.<\/p>\n<p>\u2013\u2009Olemme Helsingiss\u00e4 tehneet jo kaupunkistrategianeuvotteluissa sen valinnan, ett\u00e4 s\u00e4\u00e4st\u00e4mme muualta kaupungista enemm\u00e4n, jotta resursseja on tarpeeksi kasvatukseen ja koulutukseen. N\u00e4it\u00e4 resursseja on syyt\u00e4 kohdentaa t\u00e4h\u00e4n tarkoitukseen.<\/p>\n<p><strong class=\"diks-storyline__impact\">Helsingiss\u00e4 <\/strong>noin joka nelj\u00e4s peruskoulun oppilas on vieraskielinen.<\/p>\n<p>S2-opetus on tarkoitettu oppilaille, joiden \u00e4idinkieli on muu kuin suomi tai ruotsi. Opetus on tarkoitettu my\u00f6s oppilaille, joiden kielitaito on puutteellinen.<\/p>\n<p>S1-opetus on puolestaan opetusta, jota annetaan \u00e4idinkielen\u00e4\u00e4n suomea tai ruotsia puhuville lapsille.<\/p>\n","protected":false},"excerpt":{"rendered":"Kokoomuksen valtuustoryhm\u00e4n puheenjohtaja ja kaupunginvaltuutettu Matias Pajula esitt\u00e4\u00e4 kovan vaatimuksen vieraskielisten lasten S2-opetuksen liittyen. Pajula vaatii, ett\u00e4 opetus&hellip;\n","protected":false},"author":2,"featured_media":313929,"comment_status":"","ping_status":"","sticky":false,"template":"","format":"standard","meta":{"footnotes":"","_share_on_mastodon":"0"},"categories":[12],"tags":[7749,22,23,26,27,33,31,30,17,603,615,96,757,24,25,28,29,15,18,21,637,2305,32,19,20,16],"class_list":["post-313928","post","type-post","status-publish","format-standard","has-post-thumbnail","category-suomi","tag-akateemiset-tittelit","tag-breaking-news","tag-breakingnews","tag-featured-news","tag-featurednews","tag-fi","tag-finland","tag-finnish","tag-headlines","tag-korkeakoulu","tag-koulut","tag-koulutus","tag-koulutus-ja-kasvatus","tag-latest-news","tag-latestnews","tag-main-news","tag-mainnews","tag-news","tag-otsikot","tag-paauutiset","tag-politiikka","tag-puheenaiheet","tag-suomi","tag-top-stories","tag-topstories","tag-uutiset"],"share_on_mastodon":{"url":"https:\/\/pubeurope.com\/@fi\/117015121034366245","error":""},"_links":{"self":[{"href":"https:\/\/www.europesays.com\/fi\/wp-json\/wp\/v2\/posts\/313928","targetHints":{"allow":["GET"]}}],"collection":[{"href":"https:\/\/www.europesays.com\/fi\/wp-json\/wp\/v2\/posts"}],"about":[{"href":"https:\/\/www.europesays.com\/fi\/wp-json\/wp\/v2\/types\/post"}],"author":[{"embeddable":true,"href":"https:\/\/www.europesays.com\/fi\/wp-json\/wp\/v2\/users\/2"}],"replies":[{"embeddable":true,"href":"https:\/\/www.europesays.com\/fi\/wp-json\/wp\/v2\/comments?post=313928"}],"version-history":[{"count":0,"href":"https:\/\/www.europesays.com\/fi\/wp-json\/wp\/v2\/posts\/313928\/revisions"}],"wp:featuredmedia":[{"embeddable":true,"href":"https:\/\/www.europesays.com\/fi\/wp-json\/wp\/v2\/media\/313929"}],"wp:attachment":[{"href":"https:\/\/www.europesays.com\/fi\/wp-json\/wp\/v2\/media?parent=313928"}],"wp:term":[{"taxonomy":"category","embeddable":true,"href":"https:\/\/www.europesays.com\/fi\/wp-json\/wp\/v2\/categories?post=313928"},{"taxonomy":"post_tag","embeddable":true,"href":"https:\/\/www.europesays.com\/fi\/wp-json\/wp\/v2\/tags?post=313928"}],"curies":[{"name":"wp","href":"https:\/\/api.w.org\/{rel}","templated":true}]}}