{"id":313932,"date":"2026-07-31T14:59:12","date_gmt":"2026-07-31T14:59:12","guid":{"rendered":"https:\/\/www.europesays.com\/fi\/313932\/"},"modified":"2026-07-31T14:59:12","modified_gmt":"2026-07-31T14:59:12","slug":"steelfest-julkisti-ensimmaiset-13-esiintyjaa-vuodelle-2027","status":"publish","type":"post","link":"https:\/\/www.europesays.com\/fi\/313932\/","title":{"rendered":"Steelfest julkisti ensimm\u00e4iset 13 esiintyj\u00e4\u00e4 vuodelle 2027"},"content":{"rendered":"<p class=\"wp-block-paragraph\">Ensi vuonna viidett\u00e4toista kertaa j\u00e4rjestett\u00e4v\u00e4 \u00e4\u00e4rimetalliin keskittyv\u00e4 Steelfest on julkistanut ensimm\u00e4isen nipun varmistuneita esiintyji\u00e4.<\/p>\n<p class=\"wp-block-paragraph\">Ulkomaalaisvahvistuksia edustavat vuosien 1995-1999 v\u00e4liseen materiaaliin keskittyv\u00e4n setin soittava <strong>D\u00f8dheimsgard<\/strong>, esikoispitk\u00e4soittoaan juhlistava <strong>Osculum Infame<\/strong>, <strong>Acherontas<\/strong>, <strong>Grave Miasma<\/strong>, <strong>Winterfylleth<\/strong>, <strong>Nyogthhaeblisz<\/strong>, <strong>Moosegut<\/strong>, <strong>Mortifera <\/strong>ja <strong>Maquahuitl<\/strong>. Kotimaista osaamista kattaukseen tuovat <strong>Archgoat<\/strong>, <strong>Abyssion<\/strong>, <strong>Rietas <\/strong>sek\u00e4 <strong>Kratti<\/strong>. Ohjelmisto tulee t\u00e4ydentym\u00e4\u00e4n my\u00f6hemmin viel\u00e4 27 nimen verran.<\/p>\n<p class=\"wp-block-paragraph\">Steelfest j\u00e4rjestet\u00e4\u00e4n Hyvink\u00e4\u00e4n Villatehtaalla 13.-15.5.2027. Alta voit katsoa festivaalin b\u00e4ndijulkistuksen sek\u00e4 t\u00e4m\u00e4n vuoden virallisen aftermovien.<\/p>\n<p>Lue my\u00f6s: <a href=\"https:\/\/www.inferno.fi\/uutiskirje\/\" title=\"Tilaa Infernon uutiskirje\" class=\"underline-custom !font-montserrat !font-bold !underline-offset-4 !decoration-4 !decoration-red-600 !text-md\" rel=\"nofollow noopener\" target=\"_blank\">Tilaa Infernon uutiskirje ja tied\u00e4t mist\u00e4 kahvitauolla puhutaan! Nappaa raskaan musiikin uutiset ja puheenaiheet suoraan s\u00e4hk\u00f6postiin t\u00e4st\u00e4.<\/a><\/p>\n","protected":false},"excerpt":{"rendered":"Ensi vuonna viidett\u00e4toista kertaa j\u00e4rjestett\u00e4v\u00e4 \u00e4\u00e4rimetalliin keskittyv\u00e4 Steelfest on julkistanut ensimm\u00e4isen nipun varmistuneita esiintyji\u00e4. Ulkomaalaisvahvistuksia edustavat vuosien 1995-1999&hellip;\n","protected":false},"author":2,"featured_media":313933,"comment_status":"","ping_status":"","sticky":false,"template":"","format":"standard","meta":{"footnotes":"","_share_on_mastodon":"0"},"categories":[132],"tags":[137,970,33,31,30,1039,195,47,11204,32,109],"class_list":["post-313932","post","type-post","status-publish","format-standard","has-post-thumbnail","category-musiikki","tag-entertainment","tag-festivaalit","tag-fi","tag-finland","tag-finnish","tag-keikkauutiset","tag-music","tag-musiikki","tag-steelfest","tag-suomi","tag-viihde"],"share_on_mastodon":{"url":"https:\/\/pubeurope.com\/@fi\/117015187603224703","error":""},"_links":{"self":[{"href":"https:\/\/www.europesays.com\/fi\/wp-json\/wp\/v2\/posts\/313932","targetHints":{"allow":["GET"]}}],"collection":[{"href":"https:\/\/www.europesays.com\/fi\/wp-json\/wp\/v2\/posts"}],"about":[{"href":"https:\/\/www.europesays.com\/fi\/wp-json\/wp\/v2\/types\/post"}],"author":[{"embeddable":true,"href":"https:\/\/www.europesays.com\/fi\/wp-json\/wp\/v2\/users\/2"}],"replies":[{"embeddable":true,"href":"https:\/\/www.europesays.com\/fi\/wp-json\/wp\/v2\/comments?post=313932"}],"version-history":[{"count":0,"href":"https:\/\/www.europesays.com\/fi\/wp-json\/wp\/v2\/posts\/313932\/revisions"}],"wp:featuredmedia":[{"embeddable":true,"href":"https:\/\/www.europesays.com\/fi\/wp-json\/wp\/v2\/media\/313933"}],"wp:attachment":[{"href":"https:\/\/www.europesays.com\/fi\/wp-json\/wp\/v2\/media?parent=313932"}],"wp:term":[{"taxonomy":"category","embeddable":true,"href":"https:\/\/www.europesays.com\/fi\/wp-json\/wp\/v2\/categories?post=313932"},{"taxonomy":"post_tag","embeddable":true,"href":"https:\/\/www.europesays.com\/fi\/wp-json\/wp\/v2\/tags?post=313932"}],"curies":[{"name":"wp","href":"https:\/\/api.w.org\/{rel}","templated":true}]}}