{"id":314128,"date":"2026-07-31T20:49:19","date_gmt":"2026-07-31T20:49:19","guid":{"rendered":"https:\/\/www.europesays.com\/fi\/314128\/"},"modified":"2026-07-31T20:49:19","modified_gmt":"2026-07-31T20:49:19","slug":"lehti-marius-elaa-luksuselamaa-tutkintavankeudessa","status":"publish","type":"post","link":"https:\/\/www.europesays.com\/fi\/314128\/","title":{"rendered":"Lehti: Marius el\u00e4\u00e4 luksusel\u00e4m\u00e4\u00e4 tutkintavankeudessa"},"content":{"rendered":"<p>Mariuksen tutkintavankeuden olosuhteista saatiin lis\u00e4tietoja.<\/p>\n<p><img decoding=\"async\" class=\"image image-show image-preview\" src=\"https:\/\/www.europesays.com\/fi\/wp-content\/uploads\/2026\/07\/6e1c328afa5c8b12e4232503a760d8b932059bab2f50d642c2cc92c10b0572a8.jpg\" alt=\"\"\/><img decoding=\"async\" class=\"image image-show\" src=\"https:\/\/www.europesays.com\/fi\/wp-content\/uploads\/2026\/07\/1785530959_728_6e1c328afa5c8b12e4232503a760d8b932059bab2f50d642c2cc92c10b0572a8.jpg\" alt=\"\"\/><\/p>\n<p>Marius joutuu k\u00e4ytt\u00e4m\u00e4\u00e4n nilkkapantaa. AOP<\/p>\n<p class=\"paragraph\">Norjan kruununprinsessa <a href=\"https:\/\/www.iltalehti.fi\/henkilot\/Mette-Marit\" class=\"article-link-person-page\" rel=\"nofollow noopener\" target=\"_blank\">Mette-Maritin<\/a> poika <strong>Marius Borg H\u00f8iby<\/strong> el\u00e4\u00e4 luksusel\u00e4m\u00e4\u00e4 tutkintavankeudessa.<\/p>\n<p class=\"paragraph\">H\u00e4nelle on annettu lupa suorittaa tutkintavankeutensa jalkapannassa kruununprinssi <a href=\"https:\/\/www.iltalehti.fi\/henkilot\/Haakon Magnus\" class=\"article-link-person-page\" rel=\"nofollow noopener\" target=\"_blank\">Haakonin<\/a> ja Mette-Maritin asunnolla Skaugumissa.<\/p>\n<p class=\"paragraph\"><a href=\"https:\/\/www.expressen.se\/nyheter\/kungligt\/bonusprinsen-lever--lyxliv-som-haktad-\/\" target=\"_blank\" rel=\"noopener nofollow\">Expressen<\/a> kertoo, ett\u00e4 Mariuksella on k\u00e4yt\u00f6ss\u00e4\u00e4n uima-allas, grilli sek\u00e4 mahdollisuus perheen ja yst\u00e4vien vierailuihin.<\/p>\n<p class=\"paragraph\">H\u00e4nen olonsa eroavat suuresti muiden tutkintavankeudessa olevien el\u00e4m\u00e4st\u00e4.<\/p>\n<p class=\"paragraph\">Mariukselle on annettu lupa liikkua laajalla alueella asunnolla. Aluetta kuvaillaan yksityiseksi puistoksi. H\u00e4n voi liikkua vapaasti eri rakennusten v\u00e4lill\u00e4 ja viett\u00e4\u00e4 p\u00e4iv\u00e4ns\u00e4 kuntoillen ja pitkill\u00e4 k\u00e4velyill\u00e4.<\/p>\n<p class=\"paragraph\">H\u00e4n saa kutsua my\u00f6s luokseen vieraita ja h\u00e4nen luonaan on vieraillut s\u00e4\u00e4nn\u00f6llisesti perhett\u00e4 ja yst\u00e4vi\u00e4. Vierailta ei ole kielletty alkoholin nauttimista, mutta Marius itse ei saa juoda.<\/p>\n<p class=\"paragraph\">Puolustusasianajaja <a href=\"https:\/\/www.iltalehti.fi\/henkilot\/Petar Sekulic\" class=\"article-link-person-page\" rel=\"nofollow noopener\" target=\"_blank\">Petar Sekulicin<\/a> mukaan Marius on \u201dsuhteellisen tyytyv\u00e4inen\u201d saadessaan suorittaa rangaistusta Skaugumissa nilkkapannassa.<\/p>\n<p class=\"paragraph\">Poliisi ja Norjan rangaistusseuraamuslaitos voivat tulla paikalle ilmoittamatta tarkistamaan, ett\u00e4 h\u00e4n noudattaa tutkintavankeuden s\u00e4\u00e4nt\u00f6j\u00e4. Jos h\u00e4n rikkoo ehtoja, h\u00e4n voi joutua viett\u00e4m\u00e4\u00e4n loppuajan vankilassa.<\/p>\n<p>K\u00e4r\u00e4j\u00e4oikeuden p\u00e4\u00e4t\u00f6s<\/p>\n<p class=\"paragraph\">Mariuksen <a href=\"https:\/\/www.iltalehti.fi\/kuninkaalliset\/e95ba913-44de-406a-ba99-e010ad388d8d\" rel=\"nofollow noopener\" target=\"_blank\">pid\u00e4tysaikaa<\/a> jatkettiin nelj\u00e4ll\u00e4 viikolla 13. hein\u00e4kuuta. K\u00e4r\u00e4j\u00e4oikeus p\u00e4\u00e4tti, ett\u00e4 h\u00e4net voidaan pit\u00e4\u00e4 nelj\u00e4n viikon ajan kotonaan Skaugumissa jalkapannassa. H\u00e4n itse pyysi vapautusta.<\/p>\n<p class=\"paragraph\">Marius on pid\u00e4tettyn\u00e4 rikottuaan niin sanottua Frogner-naista koskevaa l\u00e4hestymiskieltoa. Kaksikko oli intiimiss\u00e4 suhteessa, kun Marius pid\u00e4tettiin ensimm\u00e4isen kerran elokuussa 2024. Syytteen mukaan h\u00e4n oli huutanut naiselle haukkumasanoja, rikkonut t\u00e4m\u00e4n puhelimen ja tarttunut naiseen, kun t\u00e4m\u00e4 yritti poistua asunnosta, mink\u00e4 seurauksena nainen l\u00f6i p\u00e4\u00e4ns\u00e4 oveen.<\/p>\n<p class=\"paragraph\">Marius on ollut tutkintavankeudessa helmikuusta l\u00e4htien.<\/p>\n<p class=\"paragraph\">Aiemmin h\u00e4n pyysi vapautusta tutkintavankeudesta vedoten \u00e4itins\u00e4 Mette-Maritin heikentyneeseen terveydentilaan. Mette-Maritille tehtiin hiljattain onnistunut keuhkonsiirto. H\u00e4n ei saanut vapautusta tutkintavankeudesta.<\/p>\n<p class=\"paragraph\">H\u00e4net tuomittiin kes\u00e4kuun puoliv\u00e4liss\u00e4 useiksi vuosiksi vankeuteen muun muassa kahdesta raiskauksesta ja entisen tytt\u00f6yst\u00e4v\u00e4ns\u00e4 pahoinpitelyst\u00e4.<\/p>\n","protected":false},"excerpt":{"rendered":"Mariuksen tutkintavankeuden olosuhteista saatiin lis\u00e4tietoja. Marius joutuu k\u00e4ytt\u00e4m\u00e4\u00e4n nilkkapantaa. AOP Norjan kruununprinsessa Mette-Maritin poika Marius Borg H\u00f8iby el\u00e4\u00e4&hellip;\n","protected":false},"author":2,"featured_media":314129,"comment_status":"","ping_status":"","sticky":false,"template":"","format":"standard","meta":{"footnotes":"","_share_on_mastodon":"0"},"categories":[14],"tags":[35,22,23,26,27,33,31,30,17,53,24,25,28,29,15,977,976,18,21,38,32,19,20,56,16,8170,59,60,61],"class_list":["post-314128","post","type-post","status-publish","format-standard","has-post-thumbnail","category-ulkomaat","tag-24h","tag-breaking-news","tag-breakingnews","tag-featured-news","tag-featurednews","tag-fi","tag-finland","tag-finnish","tag-headlines","tag-laki-oikeus-ja-rikos","tag-latest-news","tag-latestnews","tag-main-news","tag-mainnews","tag-news","tag-oikeusistuimet","tag-oikeusprosessit","tag-otsikot","tag-paauutiset","tag-rikos","tag-suomi","tag-top-stories","tag-topstories","tag-ulkomaat","tag-uutiset","tag-vankeus","tag-world","tag-world-news","tag-worldnews"],"share_on_mastodon":{"url":"https:\/\/pubeurope.com\/@fi\/117016564139713740","error":""},"_links":{"self":[{"href":"https:\/\/www.europesays.com\/fi\/wp-json\/wp\/v2\/posts\/314128","targetHints":{"allow":["GET"]}}],"collection":[{"href":"https:\/\/www.europesays.com\/fi\/wp-json\/wp\/v2\/posts"}],"about":[{"href":"https:\/\/www.europesays.com\/fi\/wp-json\/wp\/v2\/types\/post"}],"author":[{"embeddable":true,"href":"https:\/\/www.europesays.com\/fi\/wp-json\/wp\/v2\/users\/2"}],"replies":[{"embeddable":true,"href":"https:\/\/www.europesays.com\/fi\/wp-json\/wp\/v2\/comments?post=314128"}],"version-history":[{"count":0,"href":"https:\/\/www.europesays.com\/fi\/wp-json\/wp\/v2\/posts\/314128\/revisions"}],"wp:featuredmedia":[{"embeddable":true,"href":"https:\/\/www.europesays.com\/fi\/wp-json\/wp\/v2\/media\/314129"}],"wp:attachment":[{"href":"https:\/\/www.europesays.com\/fi\/wp-json\/wp\/v2\/media?parent=314128"}],"wp:term":[{"taxonomy":"category","embeddable":true,"href":"https:\/\/www.europesays.com\/fi\/wp-json\/wp\/v2\/categories?post=314128"},{"taxonomy":"post_tag","embeddable":true,"href":"https:\/\/www.europesays.com\/fi\/wp-json\/wp\/v2\/tags?post=314128"}],"curies":[{"name":"wp","href":"https:\/\/api.w.org\/{rel}","templated":true}]}}