{"id":314290,"date":"2026-08-01T02:03:14","date_gmt":"2026-08-01T02:03:14","guid":{"rendered":"https:\/\/www.europesays.com\/fi\/314290\/"},"modified":"2026-08-01T02:03:14","modified_gmt":"2026-08-01T02:03:14","slug":"ek10-sebastien-ogier-otti-vahva-otteen-suomen-mm-rallin-voitosta-sami-pajarilta-vaaditaan-lahes-ihmetta","status":"publish","type":"post","link":"https:\/\/www.europesays.com\/fi\/314290\/","title":{"rendered":"EK10: Sebastien Ogier otti vahva otteen Suomen MM-rallin voitosta &#8211; Sami Pajarilta vaaditaan l\u00e4hes ihmett\u00e4"},"content":{"rendered":"<p class=\"wp-block-paragraph\">Ogier johtaa rallia 16,3 sekunnin erolla ennen tallikaveriaan <strong>Elfyn Evansia<\/strong>. Perjantain p\u00e4\u00e4tt\u00e4neell\u00e4 Harjun kaupunkierikoiskokeella Ogier ei ylt\u00e4nyt k\u00e4rkivauhtiin, mutta mies huokaisi helpotuksesta selvitty\u00e4\u00e4n rankkasateista ja liukkaista pikataipaleista kunnialla maaliin.<\/p>\n<p class=\"wp-block-paragraph\">\u2013 T\u00e4m\u00e4 oli todella hyv\u00e4 p\u00e4iv\u00e4 meilt\u00e4. Iltap\u00e4iv\u00e4 oli tosi vaikea, eik\u00e4 varmasti nautinnollinen kenellek\u00e4\u00e4n. Hyv\u00e4, ett\u00e4 selvisimme siit\u00e4 kunnialla, Ogier totesi.<\/p>\n<p class=\"wp-block-paragraph\">Evans sai sateista apua ensimm\u00e4isen\u00e4 autona ja kuului kenties onnekkaimpien joukkoon arpapeliss\u00e4 kelin suhteen.<\/p>\n<p class=\"wp-block-paragraph\">\u2013 Aamu ei ollut hassumpi meilt\u00e4, mutta iltap\u00e4iv\u00e4 oli lopulta ihan lottoa. Onneksi me selvisimme siit\u00e4, Evans tokaisi.<\/p>\n<p class=\"wp-block-paragraph\"><strong>Sami Pajari<\/strong> tipahti iltap\u00e4iv\u00e4ll\u00e4 pahimmillaan yli puolen minuutin p\u00e4\u00e4h\u00e4n voittotaistelusta, mutta onnistui kuromaan eron Ogieriin lopulta 26,7 sekuntiin.<\/p>\n<p class=\"wp-block-paragraph\">\u2013 Menetimme voittotaistelun k\u00e4yt\u00e4nn\u00f6ss\u00e4 yhdell\u00e4 p\u00e4tk\u00e4ll\u00e4, kun olimme hieman ep\u00e4onnekkaita. Puhallin ei toiminut, emmek\u00e4 tajunneet sit\u00e4 ajoissa, joten meid\u00e4n tuulilasi oli ihan huurussa. Se on tosi iso s\u00e4\u00e4li, mutta olemme silti mukana taistelussa palkintosijoista. Toivottavasti saamme Elfynin kiinni, ja varmasti <strong>Oliver (Solberg)<\/strong> yritt\u00e4\u00e4 ottaa meit\u00e4 kiinni, joten luvassa on kunnon taistelua, Pajari summasi.<\/p>\n<p class=\"wp-block-paragraph\">Nelj\u00e4nten\u00e4 oleva Solberg on j\u00e4\u00e4nyt Pajarista vajaat 15 sekuntia. Reilun minuutin k\u00e4rjest\u00e4 j\u00e4\u00e4nyt M-Sport Fordin <strong>Martins Sesks <\/strong>on kilpailussa viidennell\u00e4 tilalla.<\/p>\n<p class=\"wp-block-paragraph\">Isosti vesisateista k\u00e4rsinyt Hyundain <strong>Adrien Fourmaux<\/strong> on viidennell\u00e4 sijalla ja vaisusti ajanut Toyotan<strong> Takamoto Katsuta<\/strong> on kuudentena ennen Ford-kuski <strong>Josh McErleania.<\/strong> Autonsa etup\u00e4\u00e4n ripustuksia aamup\u00e4iv\u00e4ll\u00e4 telonut Hyundain <strong>Thierry Neuville<\/strong> majailee yleiskilpailussa yhdeks\u00e4nten\u00e4.<\/p>\n<p class=\"wp-block-paragraph\">WRC2-luokassa k\u00e4rjess\u00e4 paahtaa Viron <strong>Robert Virves.<\/strong> Skoda-kuski tavoittelee jo kauden nelj\u00e4tt\u00e4 voittoa nelj\u00e4nnest\u00e4 pistekisastaan. <strong>Roope Korhonen<\/strong> jahtaa virolaista 13,5 sekunnin p\u00e4\u00e4ss\u00e4.<\/p>\n<p class=\"wp-block-paragraph\">Lauantaina Suomen MM-rallissa on ohjelmassa kahdeksan erikoiskoetta. Kilpailu p\u00e4\u00e4ttyy sunnuntaina.<\/p>\n<p class=\"wp-block-paragraph\"><strong>Suomen MM-rallin tilanne EK10\/20:<\/strong><\/p>\n<tr>SijaKuljettajaAutoAika<\/tr>\n<tr>\n<td class=\"has-text-align-left\" data-align=\"left\">1.<\/td>\n<td class=\"has-text-align-left\" data-align=\"left\">Sebastien Ogier<\/td>\n<td class=\"has-text-align-left\" data-align=\"left\">Toyota<\/td>\n<td class=\"has-text-align-left\" data-align=\"left\">1.03.47,4<\/td>\n<\/tr>\n<tr>\n<td class=\"has-text-align-left\" data-align=\"left\">2.<\/td>\n<td class=\"has-text-align-left\" data-align=\"left\">Elfyn Evans<\/td>\n<td class=\"has-text-align-left\" data-align=\"left\">Toyota<\/td>\n<td class=\"has-text-align-left\" data-align=\"left\">+16,3<\/td>\n<\/tr>\n<tr>\n<td class=\"has-text-align-left\" data-align=\"left\">3.<\/td>\n<td class=\"has-text-align-left\" data-align=\"left\">Sami Pajari<\/td>\n<td class=\"has-text-align-left\" data-align=\"left\">Toyota<\/td>\n<td class=\"has-text-align-left\" data-align=\"left\">+26,7<\/td>\n<\/tr>\n<tr>\n<td class=\"has-text-align-left\" data-align=\"left\">4.<\/td>\n<td class=\"has-text-align-left\" data-align=\"left\">Oliver Solberg<\/td>\n<td class=\"has-text-align-left\" data-align=\"left\">Toyota<\/td>\n<td class=\"has-text-align-left\" data-align=\"left\">+41,3<\/td>\n<\/tr>\n<tr>\n<td class=\"has-text-align-left\" data-align=\"left\">5.<\/td>\n<td class=\"has-text-align-left\" data-align=\"left\">Martins Sesks<\/td>\n<td class=\"has-text-align-left\" data-align=\"left\">Ford<\/td>\n<td class=\"has-text-align-left\" data-align=\"left\">+1.04,9<\/td>\n<\/tr>\n<tr>\n<td class=\"has-text-align-left\" data-align=\"left\">6.<\/td>\n<td class=\"has-text-align-left\" data-align=\"left\">Adrien Fourmaux<\/td>\n<td class=\"has-text-align-left\" data-align=\"left\">Hyundai<\/td>\n<td class=\"has-text-align-left\" data-align=\"left\">+1.24,0<\/td>\n<\/tr>\n<tr>\n<td class=\"has-text-align-left\" data-align=\"left\">7.<\/td>\n<td class=\"has-text-align-left\" data-align=\"left\">Josh McErlean<\/td>\n<td class=\"has-text-align-left\" data-align=\"left\">Ford<\/td>\n<td class=\"has-text-align-left\" data-align=\"left\">+2.29,0<\/td>\n<\/tr>\n<tr>\n<td class=\"has-text-align-left\" data-align=\"left\">8.<\/td>\n<td class=\"has-text-align-left\" data-align=\"left\">Takamoto Katsuta<\/td>\n<td class=\"has-text-align-left\" data-align=\"left\">Toyota<\/td>\n<td class=\"has-text-align-left\" data-align=\"left\">+2.30,7<\/td>\n<\/tr>\n<tr>\n<td class=\"has-text-align-left\" data-align=\"left\">9.<\/td>\n<td class=\"has-text-align-left\" data-align=\"left\">Thierry Neuville<\/td>\n<td class=\"has-text-align-left\" data-align=\"left\">Hyundai<\/td>\n<td class=\"has-text-align-left\" data-align=\"left\">+2.56,2<\/td>\n<\/tr>\n<tr>\n<td class=\"has-text-align-left\" data-align=\"left\">10.<\/td>\n<td class=\"has-text-align-left\" data-align=\"left\">Robert Virves<\/td>\n<td class=\"has-text-align-left\" data-align=\"left\">Skoda<\/td>\n<td class=\"has-text-align-left\" data-align=\"left\">+3.08,7<\/td>\n<\/tr>\n<tr>\n<td class=\"has-text-align-left\" data-align=\"left\">11.<\/td>\n<td class=\"has-text-align-left\" data-align=\"left\">Roope Korhonen<\/td>\n<td class=\"has-text-align-left\" data-align=\"left\">Toyota<\/td>\n<td class=\"has-text-align-left\" data-align=\"left\">+3.22,2<\/td>\n<\/tr>\n<p class=\"wp-block-paragraph\"><strong>Suomen MM-rallin EK-aikataulu:<\/strong><\/p>\n<p><strong>Torstai 30.7.<\/strong><\/p>\n<p><a href=\"https:\/\/www.rallit.fi\/toyota-kuskille-tuntuvat-pohjat-testipatkalla-sebastien-ogier-jatettiin-jumboksi\/\" rel=\"nofollow noopener\" target=\"_blank\">09.01 Testierikoiskoe: Ruuhim\u00e4ki (4,12 km)<br \/><\/a><a href=\"https:\/\/www.rallit.fi\/ek1-hyundaille-kaksoisvoitto-harjun-legendaarisella-patkalla-pajarilta-kelpo-alku\/\" rel=\"nofollow noopener\" target=\"_blank\">19.05 EK1: Harju 1 (2,58 km)<\/a><\/p>\n<p><strong>Perjantai 31.7.<\/strong><\/p>\n<p><a href=\"https:\/\/www.rallit.fi\/ek2-sebastien-ogier-otti-heti-ohjat-esapekka-lapilta-loistoveto\/\" rel=\"nofollow noopener\" target=\"_blank\">08.44 EK2: Laukaa 1 (18,16 km)<br \/><\/a><a href=\"https:\/\/www.rallit.fi\/ek3-sami-pajari-hyokkasi-ja-loi-pohjat-tauluun-enempaa-en-voi-tehda\/\" rel=\"nofollow noopener\" target=\"_blank\">09.45 EK3: Saarikas 1 (15,82 km)<\/a><br \/><a href=\"https:\/\/www.rallit.fi\/ek4-esapekka-lappi-ajoi-ulos-suomalaiselle-jarisyttava-pettymys-suomen-mm-rallissa\/\" rel=\"nofollow noopener\" target=\"_blank\">10.50 EK4: Syd\u00e4nmaa 1 (19,04 km)<\/a><br \/><a href=\"https:\/\/www.rallit.fi\/sami-pajari-varoitti-suuresta-kaanteesta-suomen-mm-rallissa-yksi-patka-voi-nyt-muuttaa-kaiken\/\" rel=\"nofollow noopener\" target=\"_blank\">11.58 EK5: Hoho 1 (9,55 km)<br \/><\/a>13.14 Huoltotauko (30 min)<br \/><a href=\"https:\/\/www.rallit.fi\/ek6-sami-pajarilta-loistava-veto-iski-aivan-ogierin-kantaan\/\" rel=\"nofollow noopener\" target=\"_blank\">14.48 EK6: Laukaa 2 (18,16 km)<br \/><\/a><a href=\"https:\/\/www.rallit.fi\/ek7-kammokeli-iski-suomen-mm-ralliin-tuloslista-uusiksi-pahempaa-kuin-afrikassa\/\" rel=\"nofollow noopener\" target=\"_blank\">15.49 EK7: Saarikas 2 (15,82 km)<\/a><br \/><a href=\"https:\/\/www.rallit.fi\/ek8-sami-pajarille-kitkera-tappio-toyota-kuski-aivan-raivona\/\" rel=\"nofollow noopener\" target=\"_blank\">16.54 EK8: Syd\u00e4nmaa 2 (19,04 km)<\/a><br \/><a href=\"https:\/\/www.rallit.fi\/ek9-sebastien-ogier-varmisteli-sami-pajari-ruoski-itseaan\/\" rel=\"nofollow noopener\" target=\"_blank\">18.05 EK9: Hoho 2 (9,55 km)<br \/><\/a>19.05 EK10: Harju 2 (2,58 km)<\/p>\n<p><strong>Lauantai 1.8.<\/strong><\/p>\n<p>08.01 EK11: Parkkola 1 (16,76 km)<br \/>09.42 EK12: P\u00e4ij\u00e4l\u00e4 1 (10,55 km)<br \/>10.36 EK13: V\u00e4stil\u00e4 1 (19,10 km)<br \/>12.05 EK14: Leustu 1 (16,44 km)<br \/>13.45 P\u00e4iv\u00e4huolto (30 min)<br \/>15.01 EK15 Parkkola 2 (16,76 km)<br \/>16.42 EK16: P\u00e4ij\u00e4l\u00e4 2 (10,55 km)<br \/>17.36 EK17: V\u00e4stil\u00e4 2 (19,10 km)<br \/>19.05 EK18: Leustu 2 (16,44 km)<\/p>\n<p><strong>Sunnuntai 2.8.<\/strong><\/p>\n<p>10.35 EK19: Himos-J\u00e4ms\u00e4 1 (30,02 km)<br \/>13.15 EK20: Himos-J\u00e4ms\u00e4 2 (30,02 km) *Power Stage<\/p>\n","protected":false},"excerpt":{"rendered":"Ogier johtaa rallia 16,3 sekunnin erolla ennen tallikaveriaan Elfyn Evansia. Perjantain p\u00e4\u00e4tt\u00e4neell\u00e4 Harjun kaupunkierikoiskokeella Ogier ei ylt\u00e4nyt k\u00e4rkivauhtiin,&hellip;\n","protected":false},"author":2,"featured_media":314291,"comment_status":"","ping_status":"","sticky":false,"template":"","format":"standard","meta":{"footnotes":"","_share_on_mastodon":"0"},"categories":[5],"tags":[7357,22,23,6556,26,27,33,31,30,17,15461,24,25,28,29,18230,15,15692,18,21,3540,5803,4917,32,8094,7358,19,20,16],"class_list":["post-314290","post","type-post","status-publish","format-standard","has-post-thumbnail","category-otsikot","tag-adrien-fourmaux","tag-breaking-news","tag-breakingnews","tag-elfyn-evans","tag-featured-news","tag-featurednews","tag-fi","tag-finland","tag-finnish","tag-headlines","tag-josh-mcerlean","tag-latest-news","tag-latestnews","tag-main-news","tag-mainnews","tag-martins-sesks","tag-news","tag-oliver-solberg","tag-otsikot","tag-paauutiset","tag-rallin-mm-sarja","tag-sami-pajari","tag-sebastien-ogier","tag-suomi","tag-takamoto-katsuta","tag-thierry-neuville","tag-top-stories","tag-topstories","tag-uutiset"],"share_on_mastodon":{"url":"https:\/\/pubeurope.com\/@fi\/117017798653853982","error":""},"_links":{"self":[{"href":"https:\/\/www.europesays.com\/fi\/wp-json\/wp\/v2\/posts\/314290","targetHints":{"allow":["GET"]}}],"collection":[{"href":"https:\/\/www.europesays.com\/fi\/wp-json\/wp\/v2\/posts"}],"about":[{"href":"https:\/\/www.europesays.com\/fi\/wp-json\/wp\/v2\/types\/post"}],"author":[{"embeddable":true,"href":"https:\/\/www.europesays.com\/fi\/wp-json\/wp\/v2\/users\/2"}],"replies":[{"embeddable":true,"href":"https:\/\/www.europesays.com\/fi\/wp-json\/wp\/v2\/comments?post=314290"}],"version-history":[{"count":0,"href":"https:\/\/www.europesays.com\/fi\/wp-json\/wp\/v2\/posts\/314290\/revisions"}],"wp:featuredmedia":[{"embeddable":true,"href":"https:\/\/www.europesays.com\/fi\/wp-json\/wp\/v2\/media\/314291"}],"wp:attachment":[{"href":"https:\/\/www.europesays.com\/fi\/wp-json\/wp\/v2\/media?parent=314290"}],"wp:term":[{"taxonomy":"category","embeddable":true,"href":"https:\/\/www.europesays.com\/fi\/wp-json\/wp\/v2\/categories?post=314290"},{"taxonomy":"post_tag","embeddable":true,"href":"https:\/\/www.europesays.com\/fi\/wp-json\/wp\/v2\/tags?post=314290"}],"curies":[{"name":"wp","href":"https:\/\/api.w.org\/{rel}","templated":true}]}}