{"id":314352,"date":"2026-08-01T04:12:09","date_gmt":"2026-08-01T04:12:09","guid":{"rendered":"https:\/\/www.europesays.com\/fi\/314352\/"},"modified":"2026-08-01T04:12:09","modified_gmt":"2026-08-01T04:12:09","slug":"ainakin-yhdeksan-kuoli-venajan-iskussa-kiovaan-uutissuomalainen","status":"publish","type":"post","link":"https:\/\/www.europesays.com\/fi\/314352\/","title":{"rendered":"Ainakin yhdeks\u00e4n kuoli Ven\u00e4j\u00e4n iskussa Kiovaan | Uutissuomalainen"},"content":{"rendered":"<p>Ven\u00e4j\u00e4n y\u00f6llinen isku on surmannut ainakin yhdeks\u00e4n ihmist\u00e4 Ukrainan p\u00e4\u00e4kaupungissa Kiovassa, kertovat paikallisviranomaiset.<\/p>\n<p>Lis\u00e4ksi lauantain vastaisena y\u00f6n\u00e4 tehdyss\u00e4 iskussa haavoittui parikymment\u00e4 ihmist\u00e4. Kiovan sotilashallinto kertoi aiemmin, ett\u00e4 haavoittuneiden joukossa on alaik\u00e4isi\u00e4.<\/p>\n<p>Kiovan pormestari Vitali Klitshkon mukaan kaupunkiin tehtiin isku ballistisilla ohjuksilla. Uutistoimisto AFP:n toimittaja kertoi kuulleensa y\u00f6ll\u00e4 p\u00e4\u00e4kaupungissa kymmenkunta r\u00e4j\u00e4hdyst\u00e4.<\/p>\n<p>YK:n <a href=\"https:\/\/ukraine.ohchr.org\/en\/Protection-of-Civilians-in-Armed-Conflict-June-2026\" rel=\"nofollow noopener\" target=\"_blank\">mukaan<\/a> kes\u00e4kuussa sai surmansa tai haavoittui eniten ukrainalaissiviilej\u00e4 sitten huhtikuun 2022. Ukraina on viime kuukausien aikana puolestaan lis\u00e4nnyt vastaiskujaan Ven\u00e4j\u00e4lle painostaakseen maata rauhanneuvotteluihin.<\/p>\n<p>Yhdysvaltain presidentti Donald Trump ja Ukrainan presidentti Volodymyr Zelenskyi tapasivat alkuviikosta Washingtonissa. Zelenskyi kertoi tapaamisen j\u00e4lkeen, ett\u00e4 Trump oli suostunut antamaan Ukrainalle Patriot-ilmatorjuntaohjusten valmistuslisenssin.<\/p>\n<p>Trump kertoi kuitenkin perjantaina Financial Times -lehden <a href=\"https:\/\/www.ft.com\/content\/d8c42f6b-4dba-4976-a907-c7c93bca0bbd?segmentId=2c1df321-36a4-1206-2c08-112c059dd69d&amp;syn-25a6b1a6=1\" rel=\"nofollow noopener\" target=\"_blank\">haastattelussa<\/a>, ettei h\u00e4n ole varma, antaako Yhdysvallat Ukrainalle kyseisen lisenssin valmistaa ohjuksia.<\/p>\n","protected":false},"excerpt":{"rendered":"Ven\u00e4j\u00e4n y\u00f6llinen isku on surmannut ainakin yhdeks\u00e4n ihmist\u00e4 Ukrainan p\u00e4\u00e4kaupungissa Kiovassa, kertovat paikallisviranomaiset. Lis\u00e4ksi lauantain vastaisena y\u00f6n\u00e4 tehdyss\u00e4&hellip;\n","protected":false},"author":2,"featured_media":314353,"comment_status":"","ping_status":"","sticky":false,"template":"","format":"standard","meta":{"footnotes":"","_share_on_mastodon":"0"},"categories":[14],"tags":[22,23,585,26,27,33,31,30,17,3488,24,25,28,29,15,18,21,142,637,144,32,19,20,21377,56,16,638,59,60,61],"class_list":["post-314352","post","type-post","status-publish","format-standard","has-post-thumbnail","category-ulkomaat","tag-breaking-news","tag-breakingnews","tag-donald-trump","tag-featured-news","tag-featurednews","tag-fi","tag-finland","tag-finnish","tag-headlines","tag-kiova","tag-latest-news","tag-latestnews","tag-main-news","tag-mainnews","tag-news","tag-otsikot","tag-paauutiset","tag-poliitikot","tag-politiikka","tag-presidentti","tag-suomi","tag-top-stories","tag-topstories","tag-ukrainan-kriisi","tag-ulkomaat","tag-uutiset","tag-valtiovalta","tag-world","tag-world-news","tag-worldnews"],"share_on_mastodon":{"url":"https:\/\/pubeurope.com\/@fi\/117018306086338489","error":""},"_links":{"self":[{"href":"https:\/\/www.europesays.com\/fi\/wp-json\/wp\/v2\/posts\/314352","targetHints":{"allow":["GET"]}}],"collection":[{"href":"https:\/\/www.europesays.com\/fi\/wp-json\/wp\/v2\/posts"}],"about":[{"href":"https:\/\/www.europesays.com\/fi\/wp-json\/wp\/v2\/types\/post"}],"author":[{"embeddable":true,"href":"https:\/\/www.europesays.com\/fi\/wp-json\/wp\/v2\/users\/2"}],"replies":[{"embeddable":true,"href":"https:\/\/www.europesays.com\/fi\/wp-json\/wp\/v2\/comments?post=314352"}],"version-history":[{"count":0,"href":"https:\/\/www.europesays.com\/fi\/wp-json\/wp\/v2\/posts\/314352\/revisions"}],"wp:featuredmedia":[{"embeddable":true,"href":"https:\/\/www.europesays.com\/fi\/wp-json\/wp\/v2\/media\/314353"}],"wp:attachment":[{"href":"https:\/\/www.europesays.com\/fi\/wp-json\/wp\/v2\/media?parent=314352"}],"wp:term":[{"taxonomy":"category","embeddable":true,"href":"https:\/\/www.europesays.com\/fi\/wp-json\/wp\/v2\/categories?post=314352"},{"taxonomy":"post_tag","embeddable":true,"href":"https:\/\/www.europesays.com\/fi\/wp-json\/wp\/v2\/tags?post=314352"}],"curies":[{"name":"wp","href":"https:\/\/api.w.org\/{rel}","templated":true}]}}