{"id":314354,"date":"2026-08-01T04:13:13","date_gmt":"2026-08-01T04:13:13","guid":{"rendered":"https:\/\/www.europesays.com\/fi\/314354\/"},"modified":"2026-08-01T04:13:13","modified_gmt":"2026-08-01T04:13:13","slug":"helsingin-poliisi-tarkkaili-ja-haati-romaneja-yli-kymmenen-vuoden-ajan-mot-paljastaa-salatun-operaation-mot","status":"publish","type":"post","link":"https:\/\/www.europesays.com\/fi\/314354\/","title":{"rendered":"Helsingin poliisi tarkkaili ja h\u00e4\u00e4ti romaneja yli kymmenen vuoden ajan \u2013 MOT paljastaa salatun operaation | MOT"},"content":{"rendered":"<ul class=\"aw__sc-1yb43iq-0 gFXHv yle__article__list yle__article__list--ul\">\n<li class=\"aw__sc-1yb43iq-1 gVAzbt\">Helsingin poliisi h\u00e4\u00e4ti Bulgarian ja Romanian romaneja vuosina 2011\u20132022, paljastaa MOT.<\/li>\n<li class=\"aw__sc-1yb43iq-1 gVAzbt\">Romaneja pys\u00e4ytettiin ja heid\u00e4n tietojaan ker\u00e4ttiin rekisteriin, usein ilman rikosep\u00e4ilyj\u00e4.<\/li>\n<li class=\"aw__sc-1yb43iq-1 gVAzbt\">Yhdenvertaisuusvaltuutettu sanoo toiminnan olleen laitonta etnist\u00e4 profilointia.<\/li>\n<li class=\"aw__sc-1yb43iq-1 gVAzbt\">Poliisi salasi operaation ja v\u00e4itti sen p\u00e4\u00e4ttyneen 2011. Poliisihallitus antoi operaatiosta vain moitteet.<\/li>\n<\/ul>\n<p class=\"aw__sc-1qwuw0s-0 aw__sc-ngllmo-0 epAWpq fzYpjk yle__article__paragraph\">Ylen MOT:n tietojen mukaan Helsingin poliisi on valvonut ja h\u00e4\u00e4t\u00e4nyt kaupunkiin saapuneita romaneja yli kymmenen vuoden ajan kest\u00e4neess\u00e4 operaatiossa.<\/p>\n<p class=\"aw__sc-1qwuw0s-0 aw__sc-ngllmo-0 epAWpq fzYpjk yle__article__paragraph\">Kyse on Tarkka-operaatiosta, jonka poliisi aloitti 2011. Operaation kohteena olivat erityisesti Bulgarian ja Romanian romanit.<\/p>\n<p class=\"aw__sc-1qwuw0s-0 aw__sc-ngllmo-0 epAWpq fzYpjk yle__article__paragraph\">MOT on hankkinut operaatiosta yksityiskohtaisia tietoja, jotka osoittavat miten operaatiota k\u00e4yt\u00e4nn\u00f6ss\u00e4 toteutettiin.<\/p>\n<p class=\"aw__sc-1qwuw0s-0 aw__sc-ngllmo-0 epAWpq fzYpjk yle__article__paragraph\">MOT:n tietojen mukaan Helsingin poliisi pys\u00e4ytti ja h\u00e4\u00e4ti romaneja julkisilta paikoilta systemaattisesti. K\u00e4yt\u00e4nt\u00f6 jatkui vuoteen 2022 asti. Heid\u00e4n henkil\u00f6tietojaan my\u00f6s ker\u00e4ttiin erilliseen rekisteriin, jota yll\u00e4pidettiin viel\u00e4 vuonna 2023.<\/p>\n<p class=\"aw__sc-1qwuw0s-0 aw__sc-ngllmo-0 epAWpq fzYpjk yle__article__paragraph\">Yhdenvertaisuusvaltuutetun mukaan poliisin toiminta on etnist\u00e4 profilointia, mik\u00e4 on laissa kielletty.<\/p>\n<p>Operaatio alkoi romanileireist\u00e4<\/p>\n<p class=\"aw__sc-1qwuw0s-0 aw__sc-ngllmo-0 epAWpq fzYpjk yle__article__paragraph\">2010-luvun alussa Suomeen alkoi saapua runsaasti romaneja etenkin Bulgariasta ja Romaniasta.<\/p>\n<p class=\"aw__sc-1qwuw0s-0 aw__sc-ngllmo-0 epAWpq fzYpjk yle__article__paragraph\">Romaneiden kerj\u00e4\u00e4minen, kaupustelu ja my\u00f6s rikokset her\u00e4ttiv\u00e4t suomalaisissa h\u00e4mmennyst\u00e4, pelkoa ja vihaa. Huolta her\u00e4tti my\u00f6s se, olivatko romanit mahdollisesti ihmiskaupan uhreja ja pakotettuja kerj\u00e4\u00e4m\u00e4\u00e4n.<\/p>\n<p>El\u00e4m\u00e4\u00e4 Kalasataman romanileiriss\u00e4 2011. Asunnottomat romanit matkustivat autoilla ja pystyttiv\u00e4t Helsinkiin leirej\u00e4. He asettuivat etenkin S\u00f6rn\u00e4isten kaupunginosaan.<\/p>\n<p class=\"aw__sc-1qwuw0s-0 aw__sc-ngllmo-0 epAWpq fzYpjk yle__article__paragraph\">2011 Helsingin kaupunki pyysi Helsingin poliisilta virka-apua romanileirien purkamiseen. Poliisi purki leirit, mutta romanien h\u00e4\u00e4t\u00f6 ei p\u00e4\u00e4ttynyt siihen.<\/p>\n<p class=\"aw__sc-1qwuw0s-0 aw__sc-ngllmo-0 epAWpq fzYpjk yle__article__paragraph\">Est\u00e4\u00e4kseen uusien leirien pystytt\u00e4misen Helsingin poliisi aloitti operaation, jonka koodinimeksi annettiin Tarkka.<\/p>\n<p class=\"aw__sc-1qwuw0s-0 aw__sc-ngllmo-0 epAWpq fzYpjk yle__article__paragraph\">Helsingin poliisijohto laati operaatiolle toimintaohjeen. Jo siin\u00e4 todettiin, ett\u00e4 kohteena olivat ulkomaalaiset, \u201dl\u00e4hinn\u00e4 Romanian ja Bulgarian romaneista koostuvat ryhm\u00e4t\u201d.<\/p>\n<p>Kalasataman romanileiri\u00e4 purettiin talvella 2011. <\/p>\n<p class=\"aw__sc-1qwuw0s-0 aw__sc-ngllmo-0 epAWpq fzYpjk yle__article__paragraph\">Operaation resursseina k\u00e4ytettiin kaikkien poliisipiirien kentt\u00e4poliiseja.<\/p>\n<p class=\"aw__sc-1qwuw0s-0 aw__sc-ngllmo-0 epAWpq fzYpjk yle__article__paragraph\">Helsingin poliisijohto ohjeisti poliiseja poistamaan Helsingin keskustan kaduilla oleskelevat romaniryhm\u00e4t poikkeuksetta paikalta, tai ottaa n\u00e4m\u00e4 lyhytaikaisesti kiinni. Tarkoitus oli osoittaa, ett\u00e4 luvaton leiriytyminen ei ollut sallittua.<\/p>\n<p class=\"aw__sc-1qwuw0s-0 aw__sc-ngllmo-0 epAWpq fzYpjk yle__article__paragraph\">Poliisien tuli kirjata romaneihin liittyv\u00e4t havaintonsa Tarkka-blogille, joka oli poliisin sis\u00e4inen viestint\u00e4alusta. Vuosien mittaan blogista paisui yli 4\u00a0000 rivin rekisteri, jossa oli v\u00e4hint\u00e4\u00e4n satojen ja mahdollisesti useiden tuhansien romanien henkil\u00f6tiedot.<\/p>\n<p class=\"aw__sc-1qwuw0s-0 aw__sc-ngllmo-0 epAWpq fzYpjk yle__article__paragraph\">MOT on n\u00e4hnyt kirjauksia Tarkka-blogilta. Kirjaukset paljastavat, miten poliisit todella toteuttivat operaatiota.<\/p>\n<p class=\"aw__sc-1qwuw0s-0 aw__sc-ngllmo-0 epAWpq fzYpjk yle__article__paragraph\">Poliisin toiminta ei rajoittunut leireihin tai j\u00e4rjestysh\u00e4iri\u00f6ihin, vaan paikoitellen kaikkiin poliisin tapaamiin ulkomaalaisiin romaneihin. Romanien pys\u00e4yttelyst\u00e4, tarkastuksista, h\u00e4\u00e4d\u00f6ist\u00e4 ja tietojen rekister\u00f6innist\u00e4 vaikuttaa muodostuneen poliisin k\u00e4yt\u00e4nt\u00f6, joka jatkui 2020-luvulle asti.<\/p>\n<p><img decoding=\"async\" alt=\"Kuvituskuva, jossa n\u00e4kyy etualalla poliisi, joka viittoo autossa oleville henkil\u00f6ille siirtymismerkki\u00e4. \" src=\"https:\/\/www.europesays.com\/fi\/wp-content\/uploads\/2026\/08\/1782826357.jpeg\" loading=\"lazy\" class=\"aw__sc-dklauk-0 LPzKX\"\/><\/p>\n<p>Avaa kuvien katselu<\/p>\n<p>Kuva: Otso Ritonummi \/ Yle<\/p>\n<p class=\"aw__sc-1qwuw0s-0 aw__sc-ngllmo-0 epAWpq fzYpjk yle__article__paragraph\">Lukuisat MOT:n n\u00e4kem\u00e4t Tarkka-blogin kirjaukset sis\u00e4lt\u00e4v\u00e4t mainintoja ulkomaalaisten romanien aiheuttamista j\u00e4rjestysh\u00e4iri\u00f6ist\u00e4 ja rikoksista tai poliisin ep\u00e4ilyj\u00e4 niist\u00e4.<\/p>\n<p class=\"aw__sc-1qwuw0s-0 aw__sc-ngllmo-0 epAWpq fzYpjk yle__article__paragraph\">Merkitt\u00e4v\u00e4 osa kirjauksista ei kuitenkaan sis\u00e4ll\u00e4 mainintoja luvattomasta toiminnasta. Osassa merkinn\u00f6ist\u00e4 mainitaan erikseen, ettei tietoa rikollisesta toiminnasta ole, mutta romanit on silti h\u00e4\u00e4detty paikalta.<\/p>\n<p><img decoding=\"async\" alt=\"Kuvituskuva, jossa n\u00e4kyy poliisi viittel\u00f6im\u00e4ss\u00e4 rannalla oleville henkil\u00f6ille. \" src=\"https:\/\/www.europesays.com\/fi\/wp-content\/uploads\/2026\/08\/1785557591_737_1782826357.jpeg\" loading=\"lazy\" class=\"aw__sc-dklauk-0 LPzKX\"\/><\/p>\n<p>Avaa kuvien katselu<\/p>\n<p>Kuva: Otso Ritonummi \/ Yle<\/p>\n<p class=\"aw__sc-1qwuw0s-0 aw__sc-ngllmo-0 epAWpq fzYpjk yle__article__paragraph\">Riitt\u00e4v\u00e4 syy h\u00e4\u00e4t\u00f6\u00f6n vaikuttaakin monessa tapauksessa olleen se, ett\u00e4 h\u00e4\u00e4detyt henkil\u00f6t ovat olleet Bulgarian tai Romanian romaneja.<\/p>\n<p class=\"aw__sc-1qwuw0s-0 aw__sc-ngllmo-0 epAWpq fzYpjk yle__article__paragraph\">Joissain kirjauksissa poliisi kutsuu romaneja halventaviksi koetuilla ilmaisuilla \u201dromput\u201d, tai \u201dmustalaiset\u201d. Esimerkiksi yhdess\u00e4 kirjauksessa poliisi kertoo \u201dpoistaneensa nelj\u00e4 romppua\u201d Helsingist\u00e4 ilman ep\u00e4ily\u00e4 j\u00e4rjestysh\u00e4iri\u00f6ist\u00e4.<\/p>\n<p><img decoding=\"async\" alt=\"Kuvituskuva, jossa n\u00e4kyy kaksi poliisia nelj\u00e4n py\u00f6r\u00e4ll\u00e4 liikkuvan henkil\u00f6n edess\u00e4. \" src=\"https:\/\/www.europesays.com\/fi\/wp-content\/uploads\/2026\/08\/1782826343.jpeg\" loading=\"lazy\" class=\"aw__sc-dklauk-0 LPzKX\"\/><\/p>\n<p>Avaa kuvien katselu<\/p>\n<p>Kuva: Otso Ritonummi \/ YleYhdenvertaisuusvaltuutettu: Kyseess\u00e4 laiton etninen profilointi<\/p>\n<p class=\"aw__sc-1qwuw0s-0 aw__sc-ngllmo-0 epAWpq fzYpjk yle__article__paragraph\">Autossa y\u00f6pyminen on laillista paikoissa, joissa pys\u00e4k\u00f6iminen kyseisen\u00e4 aikana on sallittua. Kerj\u00e4\u00e4minen on my\u00f6s laillista, kunhan kerj\u00e4\u00e4minen ei h\u00e4iritse yleist\u00e4 j\u00e4rjestyst\u00e4 tai turvallisuutta.<\/p>\n<p class=\"aw__sc-1qwuw0s-0 aw__sc-ngllmo-0 epAWpq fzYpjk yle__article__paragraph\">Romanien pys\u00e4ytykset ja h\u00e4\u00e4d\u00f6t julkisilta paikoilta ilman rikosperustetta sen sijaan saattaa olla laitonta. Perustuslaki ja yhdenvertaisuuslaki kielt\u00e4v\u00e4t kielt\u00e4v\u00e4t ihmisten syrjimisen n\u00e4iden alkuper\u00e4n perusteella.<\/p>\n<p><img decoding=\"async\" alt=\"Kerj\u00e4l\u00e4inen It\u00e4-Keskuksessa.\" src=\"https:\/\/www.europesays.com\/fi\/wp-content\/uploads\/2026\/08\/1612364377.jpeg\" loading=\"lazy\" class=\"aw__sc-dklauk-0 LPzKX\"\/><\/p>\n<p>Avaa kuvien katselu<\/p>\n<p>Kerj\u00e4l\u00e4inen It\u00e4-Keskuksessa vuonna 2021. Kuvituskuva. Kuva: Jorge Gonzalez \/ Yle<\/p>\n<p class=\"aw__sc-1qwuw0s-0 aw__sc-ngllmo-0 epAWpq fzYpjk yle__article__paragraph\">Tarkka-operaatio onkin ongelmallinen jo siksi, ett\u00e4 valvontaa ei kohdistettu esimerkiksi aggressiiviseen kerj\u00e4\u00e4miseen alkuper\u00e4st\u00e4 huolimatta, vaan nimenomaan ulkomaalaisiin romaneihin, sanoo yksik\u00f6np\u00e4\u00e4llikk\u00f6 <strong class=\"aw__sc-ngllmo-2 gdRrun yle__article__strong\">Robin Harms<\/strong> yhdenvertaisuusvaltuutetun toimistolta.<\/p>\n<p class=\"aw__sc-1qwuw0s-0 aw__sc-ngllmo-0 epAWpq fzYpjk yle__article__paragraph\">\u2013 Mik\u00e4li t\u00e4llaisille pys\u00e4ytt\u00e4misille, kiinniotoille, henkil\u00f6tietojen ker\u00e4\u00e4miselle, tai muille toimenpiteille ei ole l\u00f6ydett\u00e4viss\u00e4 rikostorjunnan tai yleisten j\u00e4rjestyksen yll\u00e4pit\u00e4misen kannalta hyv\u00e4ksytt\u00e4vi\u00e4 perusteita, niin kyse n\u00e4ytt\u00e4\u00e4 olleen lainvastaisesta etnisest\u00e4 profiloinnista.<\/p>\n<p>Poliisi salasi operaation, sitten alkoi sumutus<\/p>\n<p class=\"aw__sc-1qwuw0s-0 aw__sc-ngllmo-0 epAWpq fzYpjk yle__article__paragraph\">Helsingin poliisi ei kertonut Tarkka-operaatiosta Poliisihallitukselle, joka ohjaa poliisin toimintaa Suomessa.<\/p>\n<p class=\"aw__sc-1qwuw0s-0 aw__sc-ngllmo-0 epAWpq fzYpjk yle__article__paragraph\">Asia ilmeni Poliisihallitukselle vasta, kun <a class=\"aw__sc-ngllmo-1 bTDnwX yle__article__link\" href=\"https:\/\/yle.fi\/a\/3-11920475\" role=\"link\" rel=\"nofollow noopener\" target=\"_blank\">Yle uutisoi toisesta Helsingin poliisin operaatiosta vuonna<\/a> 2021. Helsingin poliisin Kuri1-operaatio alkoi vuonna 2013. Se kohdistui Suomen omaan romaniv\u00e4est\u00f6\u00f6n ulkomaalaisten romanien sijaan.<\/p>\n<p class=\"aw__sc-1qwuw0s-0 aw__sc-ngllmo-0 epAWpq fzYpjk yle__article__paragraph\">Kuri1:n tultua ilmi Poliisihallitus aloitti laillisuusvalvontaselvityksen, jossa tiedusteltiin poliisilaitoksilta, onko niill\u00e4 k\u00e4ynniss\u00e4 vastaavia hankkeita. Helsingin poliisilaitos toimitti Poliisihallitukselle selvityksen Tarkka-projektista.<\/p>\n<p class=\"aw__sc-1qwuw0s-0 aw__sc-ngllmo-0 epAWpq fzYpjk yle__article__paragraph\">Helsingin poliisi sai toiminnastaan moitteita. 2023 antamassaan ratkaisussa Poliisihallitus totesi, ettei Helsingin poliisi kyennyt perustelemaan, miksi Tarkka oli kohdistunut ainoastaan Romanian ja Bulgarian kansalaisiin.<\/p>\n<blockquote class=\"aw__sc-8ixnw9-0 BdJOj\">\n<p class=\"aw__sc-1qwuw0s-0 aw__sc-8ixnw9-1 epAWpq giPAyn\">\u201dN\u00e4in ollen Poliisihallitus katsoo, ettei projektin t\u00e4m\u00e4nkaltaista kohdistumista ole pidett\u00e4v\u00e4 syrjint\u00e4kiellon n\u00e4k\u00f6kulmasta oikeasuhtaisena\u201d.<\/p>\n<p class=\"aw__sc-1qwuw0s-0 aw__sc-8ixnw9-2 epAWpq jYdslf\">Ote Poliisihallituksen ratkaisusta koskien Tarkka-projektia.<\/p>\n<\/blockquote>\n<p class=\"aw__sc-1qwuw0s-0 aw__sc-ngllmo-0 epAWpq fzYpjk yle__article__paragraph\">Ongelmallinen oli my\u00f6s poliisin ker\u00e4\u00e4m\u00e4 rekisteri. Poliisihallitus varmisti, ett\u00e4 Tarkka-blogilla edelleen olevat romanien henkil\u00f6tiedot poistettaisiin.<\/p>\n<p class=\"aw__sc-1qwuw0s-0 aw__sc-ngllmo-0 epAWpq fzYpjk yle__article__paragraph\">Tapaus ei nostattanut suurta julkista huomiota. Ainoita aiheesta uutisoineita oli <a class=\"aw__sc-ngllmo-1 bTDnwX yle__article__link\" href=\"https:\/\/www.longplay.fi\/lyhyet\/poliisi-kerasi-henkilorekisterit-yli-1-800-pysayttamastaan-romanista-voi-olla-syyta-epailla\" role=\"link\" rel=\"nofollow noopener\" target=\"_blank\">Long Play<\/a>, jonka haastatteleman rikosoikeuden professorin mukaan poliisia voi olla syyt\u00e4 ep\u00e4ill\u00e4 syrjint\u00e4rikoksesta, virkarikoksesta ja tietosuojarikosta.<\/p>\n<p class=\"aw__sc-1qwuw0s-0 aw__sc-ngllmo-0 epAWpq fzYpjk yle__article__paragraph\">Poliisihallitus ei kuitenkaan ryhtynyt moitteita kummempiin toimenpiteisiin, vaan tyytyi antamaan kritiikkins\u00e4 Helsingin poliisin tietoon.<\/p>\n<p class=\"aw__sc-1qwuw0s-0 aw__sc-ngllmo-0 epAWpq fzYpjk yle__article__paragraph\">Poliisihallitus perusteli t\u00e4t\u00e4 muun muassa sill\u00e4, ett\u00e4 Tarkka-projekti oli p\u00e4\u00e4ttynyt jo vuonna 2011, kuten Helsingin poliisi oli kertonut.<\/p>\n<p class=\"aw__sc-1qwuw0s-0 aw__sc-ngllmo-0 epAWpq fzYpjk yle__article__paragraph\">Samasta syyst\u00e4 Yhdenvertaisuusvaltuutettu ei ottanut kantaa Tarkka-projektiin. Valtuutettu oli vuonna 2021 <a class=\"aw__sc-ngllmo-1 bTDnwX yle__article__link\" href=\"https:\/\/yhdenvertaisuusvaltuutettu.fi\/-\/yhdenvertaisuusvaltuutettu-helsingin-poliisin-romaneihin-kohdistamassa-kuri1-operaatiossa-syyta-epailla-syrjintaa\" role=\"link\" rel=\"nofollow noopener\" target=\"_blank\">kritisoinut Helsingin poliisia<\/a> sen suomalaisiin romaneihin kohdistuneesta Kuri1-operaatiosta. Poliisihallituksen selvityksest\u00e4 muodostui kuva, ett\u00e4 Tarkka-operaatiossa oli kyse viel\u00e4 vanhemmasta asiasta.<\/p>\n<p class=\"aw__sc-1qwuw0s-0 aw__sc-ngllmo-0 epAWpq fzYpjk yle__article__paragraph\">\u2013 Lausuimme kantamme Kuri1-operaatiosta ja saimme aikaan hyv\u00e4n vuoropuhelun Poliisihallituksen kanssa. Emme kuvitelleet, ett\u00e4 sen j\u00e4lkeen t\u00e4llaista en\u00e4\u00e4 tapahtuisi, sanoo yksik\u00f6np\u00e4\u00e4llikk\u00f6 Robin Harms.<\/p>\n<p class=\"aw__sc-1qwuw0s-0 aw__sc-ngllmo-0 epAWpq fzYpjk yle__article__paragraph\">Lis\u00e4ksi Helsingin poliisi oli vakuuttanut Poliisihallitukselle, ett\u00e4 toimenpiteit\u00e4 oli kohdistettu oikeisiin asioihin: Rikoksiin, j\u00e4rjestysh\u00e4iri\u00f6ihin ja niiden ennalta est\u00e4miseen.<\/p>\n<p class=\"aw__sc-1qwuw0s-0 aw__sc-ngllmo-0 epAWpq fzYpjk yle__article__paragraph\">V\u00e4itteet projektin kestosta ja toimenpiteiden kohdentamisesta ovat ristiriidassa MOT:n tietojen kanssa.<\/p>\n<p><img decoding=\"async\" alt=\"Helsingin keskuskadulla, keskell\u00e4 k\u00e4velykatua istuu ihminen mustissa vaatteissa kuppi k\u00e4dess\u00e4\u00e4n, ihmiset k\u00e4velev\u00e4t ohi.\" src=\"https:\/\/www.europesays.com\/fi\/wp-content\/uploads\/2026\/08\/1782304268.jpeg\" loading=\"lazy\" class=\"aw__sc-dklauk-0 LPzKX\"\/><\/p>\n<p>Avaa kuvien katselu<\/p>\n<p>Romanit ovat Euroopan syrjityimpi\u00e4 v\u00e4hemmist\u00f6j\u00e4. Heihin kohdistetaan tutkitusti muita enemm\u00e4n viranomaistoimenpiteit\u00e4, kuten pys\u00e4yttely\u00e4 ja alueelta h\u00e4\u00e4t\u00e4mist\u00e4.  Kuva: Derrick Frilund \/ Yle<\/p>\n<p class=\"aw__sc-1qwuw0s-0 aw__sc-ngllmo-0 epAWpq fzYpjk yle__article__paragraph\">MOT:n uudet tiedot osoittavat, ett\u00e4 Tarkka-projekti ei p\u00e4\u00e4ttynyt vuonna 2011, vaan romaneihin kohdistunut tarkkailu ja h\u00e4\u00e4t\u00e4miset j\u00e4iv\u00e4t poliisin toimintatavaksi aivan viime vuosiin saakka.<\/p>\n<p class=\"aw__sc-1qwuw0s-0 aw__sc-ngllmo-0 epAWpq fzYpjk yle__article__paragraph\">Tarkka-blogille on tehty 4\u00a0084 rivi\u00e4 kirjauksia vuosina 2011\u20132022. Niist\u00e4 vain 132 on tehty aikana, jolloin projekti oli Helsingin poliisin mukaan k\u00e4ynniss\u00e4.<\/p>\n<p class=\"aw__sc-1qwuw0s-0 aw__sc-ngllmo-0 epAWpq fzYpjk yle__article__paragraph\">MOT:n n\u00e4kem\u00e4t kirjaukset ovat vuodesta toiseen hyvin samankaltaisia: Enemmist\u00f6 kirjauksista koskee toimenpiteit\u00e4, joita poliisi on kohdistanut nimenomaan Bulgarian ja Romanian romaneihin, tai romaneiksi oletettuihin.<\/p>\n<p class=\"aw__sc-1qwuw0s-0 aw__sc-ngllmo-0 epAWpq fzYpjk yle__article__paragraph\">Joka vuodelta l\u00f6ytyy my\u00f6s merkint\u00f6j\u00e4, joissa poliisi kertoo poistaneensa romaneja julkisilta paikoilta ilman rikosep\u00e4ilyj\u00e4.<\/p>\n<p>Poliisi kielt\u00e4ytyy haastattelusta<\/p>\n<p class=\"aw__sc-1qwuw0s-0 aw__sc-ngllmo-0 epAWpq fzYpjk yle__article__paragraph\">Helsingin poliisi ja Poliisihallitus eiv\u00e4t antaneet Ylen MOT:lle haastattelua aiheesta, vaan vastasivat kysymyksiin s\u00e4hk\u00f6postitse.<\/p>\n<p class=\"aw__sc-1qwuw0s-0 aw__sc-ngllmo-0 epAWpq fzYpjk yle__article__paragraph\">Sek\u00e4 Helsingin poliisi ett\u00e4 Poliisihallitus tuomitsevat halventavien ilmaisujen k\u00e4yt\u00f6n virkateht\u00e4viss\u00e4.<\/p>\n<p class=\"aw__sc-1qwuw0s-0 aw__sc-ngllmo-0 epAWpq fzYpjk yle__article__paragraph\">\u2013 Helsingin poliisilaitos ei hyv\u00e4ksy henkil\u00f6st\u00f6lt\u00e4\u00e4n mink\u00e4\u00e4nlaista rasistista, syrjiv\u00e4\u00e4 tai asiakkaita v\u00e4heksyv\u00e4\u00e4 kielenk\u00e4ytt\u00f6\u00e4, kirjoittaa Helsingin poliisilaitoksen viestint\u00e4p\u00e4\u00e4llikk\u00f6 <strong class=\"aw__sc-ngllmo-2 gdRrun yle__article__strong\">Leena Karhum\u00e4ki<\/strong>.<\/p>\n<blockquote class=\"aw__sc-8ixnw9-0 BdJOj\">\n<p class=\"aw__sc-1qwuw0s-0 aw__sc-8ixnw9-1 epAWpq giPAyn\">Poliisihallituksen n\u00e4k\u00f6kulmasta keskeisin ongelma on se, ett\u00e4 t\u00e4ll\u00e4 tavoin kritiikille altis operaatio on ylip\u00e4\u00e4t\u00e4\u00e4n toteutettu.<\/p>\n<p class=\"aw__sc-1qwuw0s-0 aw__sc-8ixnw9-2 epAWpq jYdslf\">Poliisihallituksen ylitarkastaja Sari Karhu<\/p>\n<\/blockquote>\n<p class=\"aw__sc-1qwuw0s-0 aw__sc-ngllmo-0 epAWpq fzYpjk yle__article__paragraph\">Helsingin poliisi korostaa MOT:lle sit\u00e4, ett\u00e4 Tarkka-projektissa oli kyse vuoden 2011 aikaisista asioista.<\/p>\n<p class=\"aw__sc-1qwuw0s-0 aw__sc-ngllmo-0 epAWpq fzYpjk yle__article__paragraph\">\u2013 Poliisilaitoksen toiminta ja turvallisuusymp\u00e4rist\u00f6 ovat muuttuneet merkitt\u00e4v\u00e4sti 15 vuoden aikana, Karhum\u00e4ki sanoo.<\/p>\n<p class=\"aw__sc-1qwuw0s-0 aw__sc-ngllmo-0 epAWpq fzYpjk yle__article__paragraph\">MOT kysyi Helsingin poliisilta, miksi romaneja koskevia kirjauksia on tehty vuoden 2011 j\u00e4lkeen tuhansia rivej\u00e4, jos projekti oli v\u00e4itetysti p\u00e4\u00e4ttynyt.<\/p>\n<p class=\"aw__sc-1qwuw0s-0 aw__sc-ngllmo-0 epAWpq fzYpjk yle__article__paragraph\">Helsingin poliisi vastaa, ett\u00e4 Tarkka-blogi j\u00e4i projektin p\u00e4\u00e4ttymisen j\u00e4lkeen k\u00e4ytett\u00e4v\u00e4ksi muihin poliisiteht\u00e4viin. Poliisin mukaan Tarkka-blogia on k\u00e4ytetty muun muassa ulkomaalaisvalvontaan ja prostituutiovalvontaan liittyvien viestien v\u00e4litykseen.<\/p>\n<p class=\"aw__sc-1qwuw0s-0 aw__sc-ngllmo-0 epAWpq fzYpjk yle__article__paragraph\">V\u00e4ite on ristiriidassa MOT:n tietojen kanssa. MOT:n n\u00e4kemist\u00e4 kirjauksista enemmist\u00f6 liittyy nimenomaan romaneihin.<\/p>\n<p class=\"aw__sc-1qwuw0s-0 aw__sc-ngllmo-0 epAWpq fzYpjk yle__article__paragraph\">Helsingin poliisi ei vastannut ristiriitaa koskeviin jatkokysymyksiin.<\/p>\n<p class=\"aw__sc-1qwuw0s-0 aw__sc-ngllmo-0 epAWpq fzYpjk yle__article__paragraph\">Poliisihallitus sen sijaan pit\u00e4\u00e4 mahdollisena, ett\u00e4 projektin mukaista toimintaa on tapahtunut my\u00f6s projektin virallisen voimassaolon j\u00e4lkeen.<\/p>\n<p class=\"aw__sc-1qwuw0s-0 aw__sc-ngllmo-0 epAWpq fzYpjk yle__article__paragraph\">\u2013 Toimintana se on tietenkin yht\u00e4 ongelmallista kuin itse projekti. Poliisihallituksen n\u00e4k\u00f6kulmasta keskeisin ongelma on se, ett\u00e4 t\u00e4ll\u00e4 tavoin kritiikille altis operaatio on ylip\u00e4\u00e4t\u00e4\u00e4n toteutettu, sanoo ylitarkastaja <strong class=\"aw__sc-ngllmo-2 gdRrun yle__article__strong\">Sari Karhu<\/strong> Poliisihallituksen viestinn\u00e4st\u00e4.<\/p>\n","protected":false},"excerpt":{"rendered":"Helsingin poliisi h\u00e4\u00e4ti Bulgarian ja Romanian romaneja vuosina 2011\u20132022, paljastaa MOT. Romaneja pys\u00e4ytettiin ja heid\u00e4n tietojaan ker\u00e4ttiin rekisteriin,&hellip;\n","protected":false},"author":2,"featured_media":314355,"comment_status":"","ping_status":"","sticky":false,"template":"","format":"standard","meta":{"footnotes":"","_share_on_mastodon":"0"},"categories":[12],"tags":[22,23,26,27,33,31,30,17,4576,104,40300,71,55,24,25,28,29,8354,15,18,21,52,14060,32,19,20,1168,16],"class_list":["post-314354","post","type-post","status-publish","format-standard","has-post-thumbnail","category-suomi","tag-breaking-news","tag-breakingnews","tag-featured-news","tag-featurednews","tag-fi","tag-finland","tag-finnish","tag-headlines","tag-helsingin-poliisilaitos","tag-helsinki","tag-kerjaaminen","tag-kotimaa","tag-lainvalvonta","tag-latest-news","tag-latestnews","tag-main-news","tag-mainnews","tag-mot","tag-news","tag-otsikot","tag-paauutiset","tag-poliisi","tag-romanit","tag-suomi","tag-top-stories","tag-topstories","tag-uusimaa","tag-uutiset"],"share_on_mastodon":{"url":"https:\/\/pubeurope.com\/@fi\/117018310517509926","error":""},"_links":{"self":[{"href":"https:\/\/www.europesays.com\/fi\/wp-json\/wp\/v2\/posts\/314354","targetHints":{"allow":["GET"]}}],"collection":[{"href":"https:\/\/www.europesays.com\/fi\/wp-json\/wp\/v2\/posts"}],"about":[{"href":"https:\/\/www.europesays.com\/fi\/wp-json\/wp\/v2\/types\/post"}],"author":[{"embeddable":true,"href":"https:\/\/www.europesays.com\/fi\/wp-json\/wp\/v2\/users\/2"}],"replies":[{"embeddable":true,"href":"https:\/\/www.europesays.com\/fi\/wp-json\/wp\/v2\/comments?post=314354"}],"version-history":[{"count":0,"href":"https:\/\/www.europesays.com\/fi\/wp-json\/wp\/v2\/posts\/314354\/revisions"}],"wp:featuredmedia":[{"embeddable":true,"href":"https:\/\/www.europesays.com\/fi\/wp-json\/wp\/v2\/media\/314355"}],"wp:attachment":[{"href":"https:\/\/www.europesays.com\/fi\/wp-json\/wp\/v2\/media?parent=314354"}],"wp:term":[{"taxonomy":"category","embeddable":true,"href":"https:\/\/www.europesays.com\/fi\/wp-json\/wp\/v2\/categories?post=314354"},{"taxonomy":"post_tag","embeddable":true,"href":"https:\/\/www.europesays.com\/fi\/wp-json\/wp\/v2\/tags?post=314354"}],"curies":[{"name":"wp","href":"https:\/\/api.w.org\/{rel}","templated":true}]}}