{"id":314384,"date":"2026-08-01T05:25:08","date_gmt":"2026-08-01T05:25:08","guid":{"rendered":"https:\/\/www.europesays.com\/fi\/314384\/"},"modified":"2026-08-01T05:25:08","modified_gmt":"2026-08-01T05:25:08","slug":"juha-kankkunen-reagoi-rallin-mm-sarjan-jattiuutiseen-esitti-tiukan-vaatimuksen","status":"publish","type":"post","link":"https:\/\/www.europesays.com\/fi\/314384\/","title":{"rendered":"Juha Kankkunen reagoi rallin MM-sarjan j\u00e4ttiuutiseen &#8211; esitti tiukan vaatimuksen"},"content":{"rendered":"<p class=\"wp-block-paragraph\">Kansainv\u00e4linen autoliitto FIA kertoi perjantaina, ett\u00e4 WRC Promoter GmbH siirtyy Cosmobilisin ja Park Square Capitalin omistukseen.<\/p>\n<p class=\"wp-block-paragraph\">FIA kuvaili tiedotteessaan sopimusta \u201drallin MM- ja EM-sarjojen historian suurimmaksi kaupalliseksi sopimukseksi\u201d. Sopimuksen pituutta ei kuitenkaan viel\u00e4 t\u00e4ss\u00e4 vaiheessa avattu mill\u00e4\u00e4n tavalla.<\/p>\n<p class=\"wp-block-paragraph\">Julkistus tapahtui kauniisti sanottuna hieman erikoiseen aikaan: Suomen MM-rallin perjantain viimeinen p\u00e4tk\u00e4 eli Harjun yleis\u00f6p\u00e4tk\u00e4 oli kesken.<\/p>\n<p class=\"wp-block-paragraph\">WRC Promoterin uudeksi toimitusjohtajaksi on nimitetty kokenut moottoriurheilujohtaja\u00a0<strong>\u00c9ric Boullier<\/strong>, joka tunnetaan muun muassa formula ykk\u00f6sist\u00e4.<\/p>\n<p class=\"wp-block-paragraph\">\u2013 Se on hyv\u00e4. Olen tuntenut h\u00e4net pitk\u00e4n aikaa formulapuolelta, mutta my\u00f6s muualta, Toyotan apulaistallip\u00e4\u00e4llikk\u00f6 Juha Kankkunen sanoi.<\/p>\n<p class=\"wp-block-paragraph\">Rallin MM-sarjalle on odotettu uutta promoottoria jo pitk\u00e4\u00e4n. Boullierin kohtaama haaste on iso.<\/p>\n<p class=\"wp-block-paragraph\">\u2013 Nyt h\u00e4n saa k\u00e4\u00e4ri\u00e4 hihat ja ryhty\u00e4 t\u00f6ihin. Ensimm\u00e4iseksi pit\u00e4\u00e4 saada kisakalenterit ja uudet s\u00e4\u00e4nn\u00f6t aikaiseksi, Kankkunen vaati.<\/p>\n<p class=\"wp-block-paragraph\">\u2013 T\u00e4m\u00e4 tuli nyt siin\u00e4 mieless\u00e4 hyv\u00e4\u00e4n aikaan, ett\u00e4 nyt jonkun on ruvettava jotain tekem\u00e4\u00e4n. Nyt on jo v\u00e4h\u00e4n liian my\u00f6h\u00e4ist\u00e4 periaatteessa. N\u00e4m\u00e4 asiat olisi pit\u00e4nyt olla tiedossa jo paljon aikaisemmin, Kankkunen jatkoi.<\/p>\n<p class=\"wp-block-paragraph\">Vaikka Kankkunen sai kuulla suuresta uutisesta vasta toimittajilta, ei asia tullut kokeneelle rallimiehelle t\u00e4ysin puun takaa.<\/p>\n<p class=\"wp-block-paragraph\">\u2013 Istuttiin silloin kaupunginjohtajan illallisella ja istuimme h\u00e4nen kanssa vastakkain. Kyll\u00e4 min\u00e4 jo silloin aistin, ett\u00e4 t\u00e4llaista voisi tulla ja h\u00e4n kyseli minulta paljon kaikenlaista. Mutta h\u00e4n fiksu \u00e4ij\u00e4 ja h\u00e4nen kanssaan on helppo keskustella, Kankkunen kertoi.<\/p>\n<p class=\"wp-block-paragraph\">Kankkunen ei kuitenkaan l\u00e4htenyt spekuloimaan sill\u00e4, mink\u00e4laisia visioita uudella promoottorilla rallin MM-sarjan suhteen on.<\/p>\n<p class=\"wp-block-paragraph\">\u2013 Se ei ole minun asiani. Minun teht\u00e4v\u00e4 on pit\u00e4\u00e4 n\u00e4ist\u00e4 pojista huolta ja pit\u00e4\u00e4 ne tiell\u00e4. Ylempi johto kommentoi sitten n\u00e4it\u00e4 asioita, Kankkunen linjasi.<\/p>\n<p class=\"wp-block-paragraph\">Mutta olet kuitenkin sit\u00e4 mielt\u00e4, ett\u00e4 t\u00e4m\u00e4 on hyv\u00e4 juttu?<\/p>\n<p class=\"wp-block-paragraph\">\u2013 No on tietenkin. Jos t\u00e4t\u00e4 lajia ei haluta lopettaa, niin kyll\u00e4h\u00e4n t\u00e4ss\u00e4 jotain t\u00e4ytyy tehd\u00e4, Kankkunen sanoi.<\/p>\n","protected":false},"excerpt":{"rendered":"Kansainv\u00e4linen autoliitto FIA kertoi perjantaina, ett\u00e4 WRC Promoter GmbH siirtyy Cosmobilisin ja Park Square Capitalin omistukseen. FIA kuvaili&hellip;\n","protected":false},"author":2,"featured_media":314385,"comment_status":"","ping_status":"","sticky":false,"template":"","format":"standard","meta":{"footnotes":"","_share_on_mastodon":"0"},"categories":[158],"tags":[33,5199,31,30,7670,3540,159,15023,32,4600,160],"class_list":["post-314384","post","type-post","status-publish","format-standard","has-post-thumbnail","category-urheilu","tag-fi","tag-fia","tag-finland","tag-finnish","tag-juha-kankkunen","tag-rallin-mm-sarja","tag-sports","tag-suomen-mm-ralli","tag-suomi","tag-toyota-gazoo-racing","tag-urheilu"],"share_on_mastodon":{"url":"https:\/\/pubeurope.com\/@fi\/117018593238694895","error":""},"_links":{"self":[{"href":"https:\/\/www.europesays.com\/fi\/wp-json\/wp\/v2\/posts\/314384","targetHints":{"allow":["GET"]}}],"collection":[{"href":"https:\/\/www.europesays.com\/fi\/wp-json\/wp\/v2\/posts"}],"about":[{"href":"https:\/\/www.europesays.com\/fi\/wp-json\/wp\/v2\/types\/post"}],"author":[{"embeddable":true,"href":"https:\/\/www.europesays.com\/fi\/wp-json\/wp\/v2\/users\/2"}],"replies":[{"embeddable":true,"href":"https:\/\/www.europesays.com\/fi\/wp-json\/wp\/v2\/comments?post=314384"}],"version-history":[{"count":0,"href":"https:\/\/www.europesays.com\/fi\/wp-json\/wp\/v2\/posts\/314384\/revisions"}],"wp:featuredmedia":[{"embeddable":true,"href":"https:\/\/www.europesays.com\/fi\/wp-json\/wp\/v2\/media\/314385"}],"wp:attachment":[{"href":"https:\/\/www.europesays.com\/fi\/wp-json\/wp\/v2\/media?parent=314384"}],"wp:term":[{"taxonomy":"category","embeddable":true,"href":"https:\/\/www.europesays.com\/fi\/wp-json\/wp\/v2\/categories?post=314384"},{"taxonomy":"post_tag","embeddable":true,"href":"https:\/\/www.europesays.com\/fi\/wp-json\/wp\/v2\/tags?post=314384"}],"curies":[{"name":"wp","href":"https:\/\/api.w.org\/{rel}","templated":true}]}}