{"id":314400,"date":"2026-08-01T05:52:09","date_gmt":"2026-08-01T05:52:09","guid":{"rendered":"https:\/\/www.europesays.com\/fi\/314400\/"},"modified":"2026-08-01T05:52:09","modified_gmt":"2026-08-01T05:52:09","slug":"sisapiirilahde-prinssi-william-ei-tule-antamaan-harrylle-koskaan-anteeksi-tama-tapahtuma-johti-veljesten-valirikkoon","status":"publish","type":"post","link":"https:\/\/www.europesays.com\/fi\/314400\/","title":{"rendered":"Sis\u00e4piiril\u00e4hde: Prinssi William ei tule antamaan Harrylle koskaan anteeksi \u2013 T\u00e4m\u00e4 tapahtuma johti veljesten v\u00e4lirikkoon"},"content":{"rendered":"<p>Harryn ja Williamin v\u00e4lirikko on kest\u00e4nyt useita vuosia, eik\u00e4 sille n\u00e4y loppua.<\/p>\n<p><img decoding=\"async\" class=\"image image-show image-preview\" src=\"https:\/\/www.europesays.com\/fi\/wp-content\/uploads\/2026\/08\/289f8283cb2abb89758abc400b18bf49cb15a1dee7ade7afc24755b847f63573.jpg\" alt=\"\"\/><img decoding=\"async\" class=\"image image-show\" src=\"https:\/\/www.europesays.com\/fi\/wp-content\/uploads\/2026\/08\/1785563529_296_289f8283cb2abb89758abc400b18bf49cb15a1dee7ade7afc24755b847f63573.jpg\" alt=\"\"\/><\/p>\n<p>Prinssiveljesten Harryn ja Williamin v\u00e4lit ovat olleet j\u00e4iss\u00e4 viimeiset vuodet. AOP<\/p>\n<p class=\"paragraph\">Jo vuosien ajan mediassa on puhuttu prinssi <a href=\"https:\/\/www.iltalehti.fi\/henkilot\/William\" class=\"article-link-person-page\" rel=\"nofollow noopener\" target=\"_blank\">Williamin<\/a> ja <a href=\"https:\/\/www.iltalehti.fi\/henkilot\/Harryn\" class=\"article-link-person-page\" rel=\"nofollow noopener\" target=\"_blank\">Harryn<\/a> viilenneist\u00e4 v\u00e4leist\u00e4 sek\u00e4 veljesten v\u00e4lille muodostuneesta v\u00e4lirikosta. Britannian kuninkaallisen perheen keskell\u00e4 kasvaneiden veljesten v\u00e4lej\u00e4 kuvattiin hyvin l\u00e4heisiksi nuorina. N\u00e4in ei kuitenkaan voi kuvata kaksikon v\u00e4lej\u00e4 en\u00e4\u00e4 nykyp\u00e4iv\u00e4n\u00e4.<\/p>\n<p class=\"paragraph\">Veljekset joutuivat jo nuorena kohtaamaan suuren surun koko maailman silmien edess\u00e4. Harry oli vasta 12-vuotias ja William 15-vuotias, kun he menettiv\u00e4t \u00e4itins\u00e4 prinsessa <a href=\"https:\/\/www.iltalehti.fi\/henkilot\/Dianan\" class=\"article-link-person-page\" rel=\"nofollow noopener\" target=\"_blank\">Dianan<\/a> vuonna 1997 traagisessa auto-onnettomuudessa. \u00c4idin kuolema l\u00e4hensi veljesten v\u00e4lej\u00e4 entisest\u00e4\u00e4n. <a href=\"https:\/\/news.sky.com\/story\/a-royal-rift-how-did-william-and-harrys-relationship-break-down-12780316\" target=\"_blank\" rel=\"noopener nofollow\">Sky Newsin<\/a> mukaan William kuvasi suhdetta Harryyn ainutlaatuiseksi yhteisen kokemuksen takia.<\/p>\n<p class=\"paragraph\">Nyky\u00e4\u00e4n veljekset ovat t\u00e4ysin et\u00e4\u00e4ntyneet toisistaan. <a href=\"https:\/\/www.iltalehti.fi\/kuninkaalliset\/f22ccecc-6d4d-45ce-b0ec-ab38ce4c9f63\" rel=\"nofollow noopener\" target=\"_blank\">Heid\u00e4n<\/a> v\u00e4liens\u00e4 on my\u00f6s sanottu rikkoutuneen lopullisesti.<\/p>\n<p class=\"paragraph\"><a href=\"https:\/\/www.mirror.co.uk\/news\/royals\/princess-diana-birthday-william-harry-37367520\" target=\"_blank\" rel=\"noopener nofollow\">Mirror<\/a> kertoi, ett\u00e4 Dianan el\u00e4m\u00e4\u00e4 pitk\u00e4\u00e4n seurannut toimittaja <a href=\"https:\/\/www.iltalehti.fi\/henkilot\/Jennie Bond\" class=\"article-link-person-page\" rel=\"nofollow noopener\" target=\"_blank\">Jennie Bond<\/a> uskoo, ett\u00e4 jos Diana el\u00e4isi, h\u00e4n olisi j\u00e4rkyttynyt poikiensa tilanteesta. H\u00e4n kertoi uskovansa, ett\u00e4 Diana olisi ymm\u00e4rt\u00e4nyt sek\u00e4 Harryn ett\u00e4 Williamin n\u00e4k\u00f6kannat riitaan.<\/p>\n<p>V\u00e4lien viilentyminen<\/p>\n<p class=\"paragraph\"><a href=\"https:\/\/www.independent.co.uk\/life-style\/royal-family\/prince-harry-william-timeline-spare-b2257446.html\" target=\"_blank\" rel=\"noopener nofollow\">The Independentin<\/a> mukaan Williamin ja prinsessa <strong>Catherinen<\/strong> h\u00e4iden aikaan veljesten suhde alkoi rakoilla. Harry oli vuonna 2011 j\u00e4rjestetyiss\u00e4 h\u00e4iss\u00e4 Williamin bestman.<\/p>\n<p class=\"paragraph\">\u2013 Veli, jonka olin saattanut Westminster Abbeyhin sin\u00e4 aamuna, oli poissa ikuisesti. Kuka voisi sen kielt\u00e4\u00e4? Harry kertoi Varamies-kirjassa, joka julkaistiin vuonna 2023.<\/p>\n<p class=\"paragraph\">Veljesten v\u00e4lit alkoivat todella viilet\u00e4 vuonna 2016, kun William ilmaisi huolensa Harryn ja <a href=\"https:\/\/www.iltalehti.fi\/henkilot\/Meghan, Sussexin herttuatar\" class=\"article-link-person-page\" rel=\"nofollow noopener\" target=\"_blank\">Meghan Marklen<\/a> nopeasti edenneest\u00e4 suhteesta.<\/p>\n<p class=\"paragraph\">Harryn ja Meghanin menty\u00e4 naimisiin vuonna 2018 veljesten v\u00e4lit kiristyiv\u00e4t entisest\u00e4\u00e4n.<\/p>\n<p>Harryn on sanottu kokeneen, ettei William toivottanut Meghania tervetulleeksi perheeseen. AOP<\/p>\n<p class=\"paragraph\">Harry kertoi <a href=\"https:\/\/www.iltalehti.fi\/kuninkaalliset\/beeafad5-49f7-43d2-8cb2-a241ea9371fe\" rel=\"nofollow noopener\" target=\"_blank\">kirjassaan<\/a>, ett\u00e4 vuonna 2019 veljesten riita k\u00e4rjistyi k\u00e4sirysyksi. Harryn mukaan William nappasi h\u00e4nt\u00e4 kauluksista ja rytyytti niin, ett\u00e4 mies p\u00e4\u00e4tyi lattialle koirankipon p\u00e4\u00e4lle ja satutti selk\u00e4ns\u00e4. T\u00e4t\u00e4 ennen William oli s\u00e4ttinyt Meghania hankalaksi ja k\u00e4skenyt Harrya tehd\u00e4 asialle jotain.<\/p>\n<p class=\"paragraph\">Harryn ja Meghanin vet\u00e4ytyminen kuninkaallisista rooleista vuonna 2020 ja muutto pois Britanniasta eiv\u00e4t helpottaneet veljesten tilannetta.<\/p>\n<p class=\"paragraph\">Lopullisena piikkin\u00e4 veljesten v\u00e4lien rikkoutumiseen pidet\u00e4\u00e4n Harryn ulostuloja julkisuudessa hovista ja Harryn julkaisemaa paljastuskirjaa.<\/p>\n<p class=\"paragraph\">Harry on puhunut julkisesti veljesten v\u00e4leist\u00e4, mutta William on pysynyt vaitonaisempana aiheesta.<\/p>\n<p class=\"paragraph\"><a href=\"https:\/\/www.iltalehti.fi\/kuninkaalliset\/f22ccecc-6d4d-45ce-b0ec-ab38ce4c9f63\" rel=\"nofollow noopener\" target=\"_blank\">Sis\u00e4piiril\u00e4hde<\/a> kertoi Williamista tuntuneen erityisen pahalta, kun Harry kertoi veljens\u00e4 ja t\u00e4m\u00e4n perheen asioita julkisesti dokumentissa vuonna 2022.<\/p>\n<p class=\"paragraph\">\u2013 William ei tule koskaan antamaan Harrylle anteeksi h\u00e4nen ja Catherinen salaisuuksilla rahastusta. Harry tiet\u00e4\u00e4 paremmin kuin kukaan muu, kuinka paljon heid\u00e4n yksityisyytens\u00e4 merkitsee heille, sill\u00e4 Harry tuntee itse samoin, l\u00e4hde sanoi.<\/p>\n<p>Nykytilanne<\/p>\n<p class=\"paragraph\">Veljekset ovat n\u00e4hneet toisiaan harvoin viimeisten vuosien aikana. Tapaamiset ovat rajoittuneet virallisiin edustustilaisuuksiin, kuten <a href=\"https:\/\/www.iltalehti.fi\/henkilot\/Walesin prinssi Charles\" class=\"article-link-person-page\" rel=\"nofollow noopener\" target=\"_blank\">Charlesin<\/a> kruunajaisiin ja <a href=\"https:\/\/www.iltalehti.fi\/henkilot\/Elisabet II\" class=\"article-link-person-page\" rel=\"nofollow noopener\" target=\"_blank\">Elisabetin<\/a> hautajaisiin.<\/p>\n<p class=\"paragraph\">Harry <a href=\"https:\/\/www.iltalehti.fi\/kuninkaalliset\/daef7de2-9f60-4d22-b0ed-ec9487de0851\" rel=\"nofollow noopener\" target=\"_blank\">matkusti<\/a> hein\u00e4kuun alussa pitk\u00e4st\u00e4 aikaa Lontooseen. Mukaan matkalle liittyiv\u00e4t my\u00f6hemmin my\u00f6s Meghan ja lapset. Harry tapasi perheineen is\u00e4ns\u00e4 kuningas Charlesin. Tapaaminen oli Harryn lasten ja Charlesin ensimm\u00e4inen kohtaaminen nelj\u00e4\u00e4n vuoteen. My\u00f6s Harryn ja Charlesin v\u00e4lit ovat olleet et\u00e4iset Harryn l\u00e4hd\u00f6n j\u00e4lkeen.<\/p>\n<p class=\"paragraph\">Harryn ei kerrottu tavanneen Williamia matkan aikana.<\/p>\n<p>Prinssi William ja prinssi Harry paljastivat prinsessa Dianan patsaan Kensingtonin palatsin puutarhassa. AOP<\/p>\n<p class=\"paragraph\">Asiantuntija kertoi OK-lehdelle, ett\u00e4 veljesten suhde saattaa olla liian pahasti rikkoutunut, jotta mink\u00e4\u00e4nlainen j\u00e4lleenn\u00e4keminen olisi mahdollista. Veljesten v\u00e4lit eiv\u00e4t ole korjaantuneet vuosien aikana.<\/p>\n<p class=\"paragraph\">Asiantuntijan mukaan William pit\u00e4\u00e4 edelleen Harryn tekoa anteeksiantamattomana.<\/p>\n<p class=\"paragraph\">Prinsessa Catherinea on pidetty perheen ja veljesten v\u00e4lien rauhanrakentajana. Useat kuninkaallisasiantuntijat kertoivat <a href=\"https:\/\/www.foxnews.com\/entertainment\/kate-middleton-refuses-pull-prince-william-back-prince-harrys-circus-expert\" target=\"_blank\" rel=\"noopener nofollow\">Fox Newsille<\/a>, ett\u00e4 Catherine ei en\u00e4\u00e4 yrit\u00e4 saada veljeksi\u00e4 tapaamaan toisiaan. Asiantuntijoiden mukaan prinsessa on saavuttanut murtumispisteens\u00e4 riidan selvittelyss\u00e4.<\/p>\n<p class=\"paragraph\">\u2013 Tunnelma Walesin leiriss\u00e4 on se, ett\u00e4 Catherine ei anna perheens\u00e4 eik\u00e4 varsinkaan Williamin joutua uudelleen vedetyksi Sussex-draamaan. Sussexien sirkus tiedotuksineen, vastatiedotuksineen ja julkisine spektaakkeleineen n\u00e4hd\u00e4\u00e4n v\u00e4sytt\u00e4v\u00e4n\u00e4 ja rehellisesti sanottuna Walesin perheen hyvinvoinnille haitallisena, asiantuntija kertoi.<\/p>\n<p class=\"paragraph\">Yhden asiantuntijan mukaan Williamilla ei ole mink\u00e4\u00e4nlaista kiinnostusta olla veljeens\u00e4 yhteydess\u00e4. H\u00e4n kertoo Williamin k\u00e4rsineen Harryn paljastuksista ja olevan kyll\u00e4stynyt veljen tempauksiin.<\/p>\n<p class=\"paragraph\">Asiantuntijoiden lausuntojen perusteella veljesten v\u00e4lisell\u00e4 riidalla ei n\u00e4y loppua.<\/p>\n","protected":false},"excerpt":{"rendered":"Harryn ja Williamin v\u00e4lirikko on kest\u00e4nyt useita vuosia, eik\u00e4 sille n\u00e4y loppua. Prinssiveljesten Harryn ja Williamin v\u00e4lit ovat&hellip;\n","protected":false},"author":2,"featured_media":314401,"comment_status":"","ping_status":"","sticky":false,"template":"","format":"standard","meta":{"footnotes":"","_share_on_mastodon":"0"},"categories":[130],"tags":[35,654,137,33,31,30,653,652,98,3860,32,109],"class_list":["post-314400","post","type-post","status-publish","format-standard","has-post-thumbnail","category-viihde","tag-24h","tag-britannian-kuningashuone","tag-entertainment","tag-fi","tag-finland","tag-finnish","tag-julkkisperheet","tag-kuninkaalliset","tag-perhe","tag-prinssi-harryn-perhe","tag-suomi","tag-viihde"],"share_on_mastodon":{"url":"https:\/\/pubeurope.com\/@fi\/117018699072298833","error":""},"_links":{"self":[{"href":"https:\/\/www.europesays.com\/fi\/wp-json\/wp\/v2\/posts\/314400","targetHints":{"allow":["GET"]}}],"collection":[{"href":"https:\/\/www.europesays.com\/fi\/wp-json\/wp\/v2\/posts"}],"about":[{"href":"https:\/\/www.europesays.com\/fi\/wp-json\/wp\/v2\/types\/post"}],"author":[{"embeddable":true,"href":"https:\/\/www.europesays.com\/fi\/wp-json\/wp\/v2\/users\/2"}],"replies":[{"embeddable":true,"href":"https:\/\/www.europesays.com\/fi\/wp-json\/wp\/v2\/comments?post=314400"}],"version-history":[{"count":0,"href":"https:\/\/www.europesays.com\/fi\/wp-json\/wp\/v2\/posts\/314400\/revisions"}],"wp:featuredmedia":[{"embeddable":true,"href":"https:\/\/www.europesays.com\/fi\/wp-json\/wp\/v2\/media\/314401"}],"wp:attachment":[{"href":"https:\/\/www.europesays.com\/fi\/wp-json\/wp\/v2\/media?parent=314400"}],"wp:term":[{"taxonomy":"category","embeddable":true,"href":"https:\/\/www.europesays.com\/fi\/wp-json\/wp\/v2\/categories?post=314400"},{"taxonomy":"post_tag","embeddable":true,"href":"https:\/\/www.europesays.com\/fi\/wp-json\/wp\/v2\/tags?post=314400"}],"curies":[{"name":"wp","href":"https:\/\/api.w.org\/{rel}","templated":true}]}}