{"id":314596,"date":"2026-08-01T11:36:12","date_gmt":"2026-08-01T11:36:12","guid":{"rendered":"https:\/\/www.europesays.com\/fi\/314596\/"},"modified":"2026-08-01T11:36:12","modified_gmt":"2026-08-01T11:36:12","slug":"ranskan-historiallisen-suuri-maastopalo-hallinnassa-uutisia-lyhyesti","status":"publish","type":"post","link":"https:\/\/www.europesays.com\/fi\/314596\/","title":{"rendered":"Ranskan historiallisen suuri maastopalo hallinnassa | Uutisia lyhyesti"},"content":{"rendered":"<p class=\"aw__sc-1qwuw0s-0 aw__sc-ngllmo-0 epAWpq fzYpjk yle__article__paragraph\">Ranskassa on saatu hallintaan <a class=\"aw__sc-ngllmo-1 bTDnwX yle__article__link\" href=\"https:\/\/yle.fi\/a\/74-20238096\" role=\"link\" rel=\"nofollow noopener\" target=\"_blank\">maastopalo, joka on maan suurin sitten vuoden 1949<\/a>, kertoo Ranskan sis\u00e4ministeri <strong class=\"aw__sc-ngllmo-2 gdRrun yle__article__strong\">Laurent Nu\u00f1ez<\/strong>.<\/p>\n<p class=\"aw__sc-1qwuw0s-0 aw__sc-ngllmo-0 epAWpq fzYpjk yle__article__paragraph\">\u2013 Palo ei en\u00e4\u00e4 etene, Nu\u00f1ez sanoo.<\/p>\n<p class=\"aw__sc-1qwuw0s-0 aw__sc-ngllmo-0 epAWpq fzYpjk yle__article__paragraph\">H\u00e4n kuitenkin lis\u00e4\u00e4, ett\u00e4 joillain alueilla aktiivisia paloja on edelleen.<\/p>\n<p class=\"aw__sc-1qwuw0s-0 aw__sc-ngllmo-0 epAWpq fzYpjk yle__article__paragraph\">Palot syttyiv\u00e4t m\u00e4ntymets\u00e4ss\u00e4 l\u00e4hell\u00e4 Bordeaux&#8217;n suurkaupunkia hieman yli viikko sitten.<\/p>\n<p class=\"aw__sc-1qwuw0s-0 aw__sc-ngllmo-0 epAWpq fzYpjk yle__article__paragraph\">Palo muuttui nopeasti rajuksi ja arvaamattomaksi. Viranomaiset m\u00e4\u00e4r\u00e4siv\u00e4t kymmeni\u00e4 tuhansia ihmisi\u00e4 evakuoitumaan Bordeaux&#8217;n l\u00e4hell\u00e4 sijaitsevista kylist\u00e4.<\/p>\n<p class=\"aw__sc-1qwuw0s-0 aw__sc-ngllmo-0 epAWpq fzYpjk yle__article__paragraph\">Palot laajenivat pahimmillaan yli 42\u00a0000 hehtaarin alueelle. Se on Ranskan suurimpia maa-alueiden tuhoja toisen maailmansodan j\u00e4lkeen. Vuonna 1949 maastopalo tuhosi maata noin 50\u00a0000 hehtaaria.<\/p>\n<p class=\"aw__sc-1qwuw0s-0 aw__sc-ngllmo-0 epAWpq fzYpjk yle__article__paragraph\">L\u00e4hde: AFP<\/p>\n","protected":false},"excerpt":{"rendered":"Ranskassa on saatu hallintaan maastopalo, joka on maan suurin sitten vuoden 1949, kertoo Ranskan sis\u00e4ministeri Laurent Nu\u00f1ez. \u2013&hellip;\n","protected":false},"author":2,"featured_media":314597,"comment_status":"","ping_status":"","sticky":false,"template":"","format":"standard","meta":{"footnotes":"","_share_on_mastodon":"0"},"categories":[14],"tags":[22,23,26,27,33,31,30,17,24,25,28,29,15,837,18,21,1422,32,19,20,1265,56,16,59,60,61],"class_list":["post-314596","post","type-post","status-publish","format-standard","has-post-thumbnail","category-ulkomaat","tag-breaking-news","tag-breakingnews","tag-featured-news","tag-featurednews","tag-fi","tag-finland","tag-finnish","tag-headlines","tag-latest-news","tag-latestnews","tag-main-news","tag-mainnews","tag-news","tag-onnettomuudet","tag-otsikot","tag-paauutiset","tag-ranska","tag-suomi","tag-top-stories","tag-topstories","tag-tulipalot","tag-ulkomaat","tag-uutiset","tag-world","tag-world-news","tag-worldnews"],"share_on_mastodon":{"url":"","error":""},"_links":{"self":[{"href":"https:\/\/www.europesays.com\/fi\/wp-json\/wp\/v2\/posts\/314596","targetHints":{"allow":["GET"]}}],"collection":[{"href":"https:\/\/www.europesays.com\/fi\/wp-json\/wp\/v2\/posts"}],"about":[{"href":"https:\/\/www.europesays.com\/fi\/wp-json\/wp\/v2\/types\/post"}],"author":[{"embeddable":true,"href":"https:\/\/www.europesays.com\/fi\/wp-json\/wp\/v2\/users\/2"}],"replies":[{"embeddable":true,"href":"https:\/\/www.europesays.com\/fi\/wp-json\/wp\/v2\/comments?post=314596"}],"version-history":[{"count":0,"href":"https:\/\/www.europesays.com\/fi\/wp-json\/wp\/v2\/posts\/314596\/revisions"}],"wp:featuredmedia":[{"embeddable":true,"href":"https:\/\/www.europesays.com\/fi\/wp-json\/wp\/v2\/media\/314597"}],"wp:attachment":[{"href":"https:\/\/www.europesays.com\/fi\/wp-json\/wp\/v2\/media?parent=314596"}],"wp:term":[{"taxonomy":"category","embeddable":true,"href":"https:\/\/www.europesays.com\/fi\/wp-json\/wp\/v2\/categories?post=314596"},{"taxonomy":"post_tag","embeddable":true,"href":"https:\/\/www.europesays.com\/fi\/wp-json\/wp\/v2\/tags?post=314596"}],"curies":[{"name":"wp","href":"https:\/\/api.w.org\/{rel}","templated":true}]}}