{"id":31461,"date":"2025-09-11T02:33:12","date_gmt":"2025-09-11T02:33:12","guid":{"rendered":"https:\/\/www.europesays.com\/fi\/31461\/"},"modified":"2025-09-11T02:33:12","modified_gmt":"2025-09-11T02:33:12","slug":"ylen-radiolahetyksissa-hairioita-satakunnan-kansa","status":"publish","type":"post","link":"https:\/\/www.europesays.com\/fi\/31461\/","title":{"rendered":"Ylen radiol\u00e4hetyksiss\u00e4 h\u00e4iri\u00f6it\u00e4 &#8211; Satakunnan Kansa"},"content":{"rendered":"<p>Teknisten ongelmien takia esimerkiksi kello seitsem\u00e4n radiouutiset eiv\u00e4t kuuluneet normaalisti radiosta, Yle kertoo.<\/p>\n<p>10.9. 9:25<\/p>\n<p class=\"article-body margin-bottom-24 px-nof-16\">Tekniset ongelmat ovat h\u00e4irinneet keskiviikkona Ylen radiokanavien toimintaa.<\/p>\n<p class=\"article-body margin-bottom-24 px-nof-16\"><a class=\"article-genericlink\" href=\"https:\/\/yle.fi\/a\/74-20182018\" rel=\"nofollow noopener\" target=\"_blank\">Ylen<\/a> mukaan on ongelmia on ollut Yle Radio 1:ss\u00e4, Yle Radio Suomessa, YleX:ll\u00e4, Yle Vegalla ja Yle X3M:ll\u00e4.<\/p>\n<p class=\"article-body margin-bottom-24 px-nof-16\">Teknisten ongelmien takia esimerkiksi kello seitsem\u00e4n radiouutiset eiv\u00e4t menneet ulos. <a class=\"article-genericlink\" href=\"https:\/\/www.is.fi\/viihde\/art-2000011483854.html\" rel=\"nofollow noopener\" target=\"_blank\">Ilta-Sanomien<\/a> mukaan my\u00f6sk\u00e4\u00e4n kello 7.30 paikallisuutiset eiv\u00e4t kuuluneet normaalisti radiosta.<\/p>\n<p class=\"article-body margin-bottom-24 px-nof-16\">Ylen uutistuotantopalveluiden tekniikasta, tuotannosta ja kehityksest\u00e4 vastaavan p\u00e4\u00e4llik\u00f6n<a class=\"article-personlink\" href=\"https:\/\/www.satakunnankansa.fi\/haku\/?query=%20Sanna%20Tornivaaran\" rel=\"nofollow noopener\" target=\"_blank\"> Sanna Tornivaaran<\/a> mukaan tekniset haasteet koskevat valtakunnallisten kanavien tuotanto\u00adymp\u00e4rist\u00f6\u00e4.<\/p>\n<p class=\"article-body margin-bottom-24 px-nof-16\">H\u00e4n kertoi Ylelle puoli yhdeks\u00e4n aikaan aamulla, ett\u00e4 ongelmien syyt\u00e4 selvitet\u00e4\u00e4n edelleen ja v\u00e4ist\u00f6toimenpiteet ovat k\u00e4ynniss\u00e4.<\/p>\n<p class=\"article-body margin-bottom-24 px-nof-16\">\u201dUutiset saadaan tehty\u00e4 v\u00e4ist\u00f6tiloista\u201d, Tornivaara sanoi Ylelle.<\/p>\n","protected":false},"excerpt":{"rendered":"Teknisten ongelmien takia esimerkiksi kello seitsem\u00e4n radiouutiset eiv\u00e4t kuuluneet normaalisti radiosta, Yle kertoo. 10.9. 9:25 Tekniset ongelmat ovat&hellip;\n","protected":false},"author":2,"featured_media":2527,"comment_status":"","ping_status":"","sticky":false,"template":"","format":"standard","meta":{"footnotes":""},"categories":[130],"tags":[137,33,31,30,80,32,109],"class_list":{"0":"post-31461","1":"post","2":"type-post","3":"status-publish","4":"format-standard","5":"has-post-thumbnail","7":"category-viihde","8":"tag-entertainment","9":"tag-fi","10":"tag-finland","11":"tag-finnish","12":"tag-satakunnan-kansa","13":"tag-suomi","14":"tag-viihde"},"share_on_mastodon":{"url":"","error":""},"_links":{"self":[{"href":"https:\/\/www.europesays.com\/fi\/wp-json\/wp\/v2\/posts\/31461","targetHints":{"allow":["GET"]}}],"collection":[{"href":"https:\/\/www.europesays.com\/fi\/wp-json\/wp\/v2\/posts"}],"about":[{"href":"https:\/\/www.europesays.com\/fi\/wp-json\/wp\/v2\/types\/post"}],"author":[{"embeddable":true,"href":"https:\/\/www.europesays.com\/fi\/wp-json\/wp\/v2\/users\/2"}],"replies":[{"embeddable":true,"href":"https:\/\/www.europesays.com\/fi\/wp-json\/wp\/v2\/comments?post=31461"}],"version-history":[{"count":0,"href":"https:\/\/www.europesays.com\/fi\/wp-json\/wp\/v2\/posts\/31461\/revisions"}],"wp:featuredmedia":[{"embeddable":true,"href":"https:\/\/www.europesays.com\/fi\/wp-json\/wp\/v2\/media\/2527"}],"wp:attachment":[{"href":"https:\/\/www.europesays.com\/fi\/wp-json\/wp\/v2\/media?parent=31461"}],"wp:term":[{"taxonomy":"category","embeddable":true,"href":"https:\/\/www.europesays.com\/fi\/wp-json\/wp\/v2\/categories?post=31461"},{"taxonomy":"post_tag","embeddable":true,"href":"https:\/\/www.europesays.com\/fi\/wp-json\/wp\/v2\/tags?post=31461"}],"curies":[{"name":"wp","href":"https:\/\/api.w.org\/{rel}","templated":true}]}}