{"id":31468,"date":"2025-09-11T02:39:10","date_gmt":"2025-09-11T02:39:10","guid":{"rendered":"https:\/\/www.europesays.com\/fi\/31468\/"},"modified":"2025-09-11T02:39:10","modified_gmt":"2025-09-11T02:39:10","slug":"veropetoksista-tuomitulla-jethro-rostedtilla-miljoonia-ulosotossa-varsinais-suomi","status":"publish","type":"post","link":"https:\/\/www.europesays.com\/fi\/31468\/","title":{"rendered":"Veropetoksista tuomitulla Jethro Rostedtilla miljoonia ulosotossa | Varsinais-Suomi"},"content":{"rendered":"<p class=\"aw-1gybjub aw-5vja16 cmIuaG zKETg yle__article__paragraph\">Mediapersoona Jethro Rostedt on paininut velkojen kanssa jo vuosia. Oikeus m\u00e4\u00e4r\u00e4si h\u00e4net keskiviikkona maksamaan Verohallinnolle lis\u00e4ksi noin 600\u00a0000 euroa maksamattomia veroja.<\/p>\n<p><img decoding=\"async\" alt=\"Jethro Rostedt Turun k\u00e4r\u00e4j\u00e4oikeudessa.\" src=\"https:\/\/www.europesays.com\/fi\/wp-content\/uploads\/2025\/09\/39-152005068c125b43c111.jpeg\" class=\"aw-1l9m598 hKVVvP\"\/><\/p>\n<p>Avaa kuvien katselu<\/p>\n<p>Rostedt tuomittiin keskiviikkona 10. syyskuuta k\u00e4r\u00e4j\u00e4oikeudessa veropetoksista. Kuva: Markku Pitk\u00e4nen \/ Yle<\/p>\n<p class=\"aw-1gybjub aw-1p7kakr cmIuaG fmSRng yle__article__paragraph\">Varsinais-Suomen k\u00e4r\u00e4j\u00e4oikeuden veropetoksista ehdolliseen vankeusrangaistukseen keskiviikkona tuomitsemalla <strong class=\"aw-ak79eh KyCXm yle__article__strong\">Jethro Rostedtilla<\/strong> on edelleen miljoonia euroja ulosotossa.<\/p>\n<p class=\"aw-1gybjub aw-1p7kakr cmIuaG fmSRng yle__article__paragraph\">Yle sai tiedot turkulaisen tosi-tv-t\u00e4hden ja yritt\u00e4j\u00e4n ulosotoista ulosottolaitokselta. Velkojia on yli 20, joista suurimpana yksitt\u00e4isen\u00e4 velkojana Verohallinto.<\/p>\n<p class=\"aw-1gybjub aw-1p7kakr cmIuaG fmSRng yle__article__paragraph\">Verohallinto karhuaa ulosotossa Rostedtilta useita eri veroja ja veroeri\u00e4.<\/p>\n<p class=\"aw-1gybjub aw-1p7kakr cmIuaG fmSRng yle__article__paragraph\">Kaikkiaan Rostedtilla on ulosotossa noin kuusi miljoonaa euroa. Mukana on my\u00f6s pankkeja, perint\u00e4toimistoja, Maanmittauslaitos, asunto-osakeyhti\u00f6it\u00e4, puutarhaliike sek\u00e4 esimerkiksi j\u00e4tehuoltolaitos.<\/p>\n<p class=\"aw-1gybjub aw-1p7kakr cmIuaG fmSRng yle__article__paragraph\">Verohallinto oli t\u00e4n\u00e4\u00e4n keskiviikkona my\u00f6s asianomistajana tunnustamisoikeudenk\u00e4ynniss\u00e4, jossa <a class=\"aw-iao6s4 iHOxEa yle__article__link\" href=\"https:\/\/yle.fi\/a\/74-20181820\" role=\"link\" rel=\"nofollow noopener\" target=\"_blank\">Rostedt tuomittiin kolmesta t\u00f6rke\u00e4st\u00e4 veropetoksesta ja yhdest\u00e4 veropetoksesta<\/a> vuoden ja kahdeksan kuukauden ehdolliseen vankeusrangaistukseen.<\/p>\n<p class=\"aw-1gybjub aw-1p7kakr cmIuaG fmSRng yle__article__paragraph\">Syytt\u00e4j\u00e4 <strong class=\"aw-ak79eh KyCXm yle__article__strong\">Petri Hiltunen<\/strong> totesi tuoreeltaan Ylelle, ett\u00e4 on tyytym\u00e4t\u00f6n k\u00e4r\u00e4j\u00e4oikeuden tuomioon.<\/p>\n<p>Jethro Rostedt kommentoi oikeudenk\u00e4ynti\u00e4 10. syyskuuta aamulla. Video: Markku Pitk\u00e4nen \/ YlePienin perinn\u00e4ss\u00e4 oleva summa alle 50 euroa<\/p>\n<p class=\"aw-1gybjub aw-1p7kakr cmIuaG fmSRng yle__article__paragraph\">Pienin yksitt\u00e4inen ulosottovelka koskee alle 50 euron arvonlis\u00e4veroa Verohallinnolle. Suurin yksitt\u00e4inen ulosottovelka koskaa taas Norion Bank AB:n velkaa, joka on reilu 1,4 miljoonaa euroa.<\/p>\n<p class=\"aw-1gybjub aw-1p7kakr cmIuaG fmSRng yle__article__paragraph\">Verohallinnolla on edelleen ulosottosaatavia yhteens\u00e4 noin 1,1 miljoonaa euroa.<\/p>\n<p class=\"aw-1gybjub aw-1p7kakr cmIuaG fmSRng yle__article__paragraph\">Mediapersoona on my\u00f6s maksanut ulosottovelkojaan pois. T\u00e4ll\u00e4 hetkell\u00e4 vireill\u00e4 olevista ulosotoista Rostedt on maksanut pois noin 390\u00a0000 euroa.<\/p>\n<p class=\"aw-1gybjub aw-1p7kakr cmIuaG fmSRng yle__article__paragraph\">Yle kertoi viime vuonna, ett\u00e4 <a class=\"aw-iao6s4 iHOxEa yle__article__link\" href=\"https:\/\/yle.fi\/a\/74-20081070\" role=\"link\" rel=\"nofollow noopener\" target=\"_blank\">aikaisemmin miehell\u00e4 on ollut perinn\u00e4ss\u00e4<\/a> jopa kahdeksan miljoonaa euroa. Summa oli viime vuonna pienentynyt noin viiteen miljoonaan ja noussut t\u00e4n\u00e4 vuonna 10. syyskuuta p\u00e4iv\u00e4tyn ulosottorekisterin mukaan noin kuuteen miljoonaan.<\/p>\n","protected":false},"excerpt":{"rendered":"Mediapersoona Jethro Rostedt on paininut velkojen kanssa jo vuosia. Oikeus m\u00e4\u00e4r\u00e4si h\u00e4net keskiviikkona maksamaan Verohallinnolle lis\u00e4ksi noin 600\u00a0000&hellip;\n","protected":false},"author":2,"featured_media":31469,"comment_status":"","ping_status":"","sticky":false,"template":"","format":"standard","meta":{"footnotes":"","_share_on_mastodon":"0"},"categories":[5],"tags":[22,23,26,27,33,31,30,17,9301,71,24,25,28,29,15,1915,18,21,1263,32,19,20,662,16,663,9162,2186],"class_list":["post-31468","post","type-post","status-publish","format-standard","has-post-thumbnail","category-otsikot","tag-breaking-news","tag-breakingnews","tag-featured-news","tag-featurednews","tag-fi","tag-finland","tag-finnish","tag-headlines","tag-jethro-rostedt","tag-kotimaa","tag-latest-news","tag-latestnews","tag-main-news","tag-mainnews","tag-news","tag-oikeus","tag-otsikot","tag-paauutiset","tag-rikosepailyt","tag-suomi","tag-top-stories","tag-topstories","tag-turku","tag-uutiset","tag-varsinais-suomi","tag-verorikokset","tag-verotus"],"share_on_mastodon":{"url":"","error":""},"_links":{"self":[{"href":"https:\/\/www.europesays.com\/fi\/wp-json\/wp\/v2\/posts\/31468","targetHints":{"allow":["GET"]}}],"collection":[{"href":"https:\/\/www.europesays.com\/fi\/wp-json\/wp\/v2\/posts"}],"about":[{"href":"https:\/\/www.europesays.com\/fi\/wp-json\/wp\/v2\/types\/post"}],"author":[{"embeddable":true,"href":"https:\/\/www.europesays.com\/fi\/wp-json\/wp\/v2\/users\/2"}],"replies":[{"embeddable":true,"href":"https:\/\/www.europesays.com\/fi\/wp-json\/wp\/v2\/comments?post=31468"}],"version-history":[{"count":0,"href":"https:\/\/www.europesays.com\/fi\/wp-json\/wp\/v2\/posts\/31468\/revisions"}],"wp:featuredmedia":[{"embeddable":true,"href":"https:\/\/www.europesays.com\/fi\/wp-json\/wp\/v2\/media\/31469"}],"wp:attachment":[{"href":"https:\/\/www.europesays.com\/fi\/wp-json\/wp\/v2\/media?parent=31468"}],"wp:term":[{"taxonomy":"category","embeddable":true,"href":"https:\/\/www.europesays.com\/fi\/wp-json\/wp\/v2\/categories?post=31468"},{"taxonomy":"post_tag","embeddable":true,"href":"https:\/\/www.europesays.com\/fi\/wp-json\/wp\/v2\/tags?post=31468"}],"curies":[{"name":"wp","href":"https:\/\/api.w.org\/{rel}","templated":true}]}}