{"id":31488,"date":"2025-09-11T03:19:09","date_gmt":"2025-09-11T03:19:09","guid":{"rendered":"https:\/\/www.europesays.com\/fi\/31488\/"},"modified":"2025-09-11T03:19:09","modified_gmt":"2025-09-11T03:19:09","slug":"miksi-mika-myllylasta-tehtiin-kaksi-kirjaa-saattaa-aiheuttaa-hammennysta","status":"publish","type":"post","link":"https:\/\/www.europesays.com\/fi\/31488\/","title":{"rendered":"Miksi Mika Myllyl\u00e4st\u00e4 tehtiin kaksi kirjaa? \u201dSaattaa aiheuttaa h\u00e4mmennyst\u00e4\u201d"},"content":{"rendered":"<p>Alle kuukausi sitten ilmestyi kirja Mika Myllyl\u00e4n el\u00e4m\u00e4. T\u00e4ll\u00e4 viikolla ilmestyy kirja Langennut Legenda \u2013 Mika Myllyl\u00e4.<\/p>\n<p><img decoding=\"async\" class=\"image image-show image-preview\" src=\"https:\/\/www.europesays.com\/fi\/wp-content\/uploads\/2025\/09\/fa28f57741f960d2bb382c649e08f23c1918d09f0e79c95ef8b5830ea67ef614.jpg\" alt=\"\"\/><img decoding=\"async\" class=\"image image-show\" src=\"https:\/\/www.europesays.com\/fi\/wp-content\/uploads\/2025\/09\/1757560748_293_fa28f57741f960d2bb382c649e08f23c1918d09f0e79c95ef8b5830ea67ef614.jpg\" alt=\"\"\/><\/p>\n<p>Mika Myllyl\u00e4 voitti urallaan olympiakultaa ja nelj\u00e4 maailmanmestaruutta. IL-ARKISTO<\/p>\n<p class=\"paragraph\">14. elokuuta ilmestyi Otavan julkaisema Mika Myllyl\u00e4n el\u00e4m\u00e4.<\/p>\n<p class=\"paragraph\">12. syyskuuta ilmestyy Tammen julkaisema Langennut legenda \u2013 Mika Myllyl\u00e4.<\/p>\n<p class=\"paragraph\">Edesmennyt kansallissankari, olympiavoittaja ja moninkertainen maailmanmestari <strong>Mika Myllyl\u00e4<\/strong> on takuulla kirjan arvoinen \u2013 mutta miten ihmeess\u00e4 h\u00e4nest\u00e4 ilmestyy kaksi kirjaa muutaman viikon v\u00e4lein?<\/p>\n<p class=\"paragraph\">Otavan kirja on <strong>Mika Wickstr\u00f6min<\/strong> k\u00e4sialaa, Tammen <strong>Marko Lempisen<\/strong>.<\/p>\n<p class=\"paragraph\">\u2013\u2009Saattaahan se aiheuttaa h\u00e4mmennyst\u00e4, miksi on kaksi kirjaa, Lempinen kuittaa.<\/p>\n<p class=\"paragraph\">\u2013\u2009Kuulin toisesta kirjasta loka- tai marraskuussa. Ei minulla ole ollut muuta mahdollisuutta kuin keskitty\u00e4 omaan projektiini ja tehd\u00e4 se niin hyvin kuin pystyn. En ole vaivannut toisella kirjalla p\u00e4\u00e4t\u00e4ni.<\/p>\n<p class=\"paragraph\"><strong>Oletko lukenyt Wickstr\u00f6min kirjan?<\/strong><\/p>\n<p class=\"paragraph\">\u2013\u2009En ole suoraan sanottuna ehtinyt. Tulen sen jossain vaiheessa lukemaan, totta kai. Vasta sitten pystyn arvioimaan ajatuksiani esimerkiksi siit\u00e4, mill\u00e4 tavoin kirjat mahdollisesti poikkeavat toisistaan.<\/p>\n<p>\u201dTartuin projektiin\u201d<\/p>\n<p class=\"paragraph\">Lempinen kirjoittaa esipuheessa haastatelleensa kirjaa varten \u201dliki 80 henkil\u00f6\u00e4\u201d. Suurimman kiitoksen h\u00e4n osoittaa Myllyl\u00e4n lapsille eli <strong>Benjamille<\/strong>, <strong>Olivialle<\/strong> ja <strong>Wiljamille<\/strong> sek\u00e4 ex-vaimolle <strong>Suvi Paavolalle<\/strong>.<\/p>\n<p class=\"paragraph\">Myllyl\u00e4n vanhemmat eiv\u00e4t ole \u00e4\u00e4ness\u00e4, ei my\u00f6sk\u00e4\u00e4n sisko.<\/p>\n<p class=\"paragraph\">\u2013\u2009Esitin vanhemmille haastattelupyynn\u00f6n siskon kautta, mutta he halusivat pid\u00e4tt\u00e4yty\u00e4 toisessa kirjassa. Ymm\u00e4rr\u00e4n sen hyvin.<\/p>\n<p class=\"paragraph\">Lempinen sai Myllyl\u00e4-kirjakimmokkeen jo vuonna 2012.<\/p>\n<p class=\"paragraph\">\u2013\u2009Tein ison henkil\u00f6jutun [Ilta-Sanomiin] vuosi Mikan kuoleman j\u00e4lkeen. Moni kirjoitusty\u00f6ss\u00e4 mukana oleva on sen j\u00e4lkeen kannustanut, ett\u00e4 kannattaisi tehd\u00e4 Mikasta kirja, h\u00e4n taustoittaa.<\/p>\n<p class=\"paragraph\">\u2013\u2009Hiljalleen aika tuli kyps\u00e4ksi, ja tartuin projektiin.<\/p>\n<p class=\"paragraph\">Lempinen aloitti haastattelu- ja kirjoitusty\u00f6n viime vuonna.<\/p>\n<p class=\"paragraph\">\u2013\u2009Ennen kuin l\u00e4hdin mukaan, halusin saada tiet\u00e4\u00e4, ovatko Suvi ja lapset t\u00e4ss\u00e4 mukana. Se oli minulle t\u00e4rkeint\u00e4.<\/p>\n<p>\u201dV\u00e4h\u00e4n mietitytti\u201d<\/p>\n<p>Mika Wickstr\u00f6min kirjoittama Mika Myllyl\u00e4n el\u00e4m\u00e4 ilmestyi noin kuukausi sitten. Veera Kasila<\/p>\n<p class=\"paragraph\">Paavola ei ole mukana Otavan kirjassa. Kirjailija Wickstr\u00f6m kertoi h\u00e4nen kielt\u00e4ytyneen.<\/p>\n<p class=\"paragraph\">\u2013 Todella mielell\u00e4ni olisin haastatellut, mutta h\u00e4n ei halunnut, <a href=\"https:\/\/www.iltalehti.fi\/talviurheilu\/45e157f6-ccfc-4f35-9696-c047b4a2588d\" rel=\"nofollow noopener\" target=\"_blank\">Wickstr\u00f6m summasi Iltalehdelle kirjansa ilmestymisen aikoihin<\/a>.<\/p>\n<p class=\"paragraph\">\u2013\u2009Kaikki muut haastateltavat l\u00e4htiv\u00e4t mukaan.<\/p>\n<p class=\"paragraph\">Lapsista kirjaan on haastateltu ainoastaan vanhinta, Benjami Myllyl\u00e4\u00e4.<\/p>\n<p class=\"paragraph\">\u2013 Is\u00e4 kuoli vuonna 2011, ja lapset ovat syntyneet 1996, 1999 ja 2001, Wikstr\u00f6m kommentoi.<\/p>\n<p class=\"paragraph\">\u2013\u2009Laskin vuosia, ett\u00e4 vanhin voi jo muistaa.<\/p>\n<p class=\"paragraph\">Wickstr\u00f6m kertoi kuulleensa Lempisen ty\u00f6n alla olevasta teoksesta jo projektinsa varhaisessa vaiheessa.<\/p>\n<p class=\"paragraph\">\u2013\u2009Se v\u00e4h\u00e4n mietitytti, mutta ajattelen, ett\u00e4 t\u00e4m\u00e4 on minun hankkeeni. N\u00e4it\u00e4 sattuu ja tapahtuu.<\/p>\n<p class=\"paragraph\">Wickstr\u00f6min kirjaprojektin laittoi liikkeelle <strong>Ismo V\u00e4\u00e4n\u00e4nen<\/strong>, Myllyl\u00e4n entinen manageri.<\/p>\n<p class=\"paragraph\">\u2013 Joka toinen vuosi suurin piirtein kysyin kirjasta <strong>Pirkolta<\/strong> ja <strong>Joukolta<\/strong> [Myllyl\u00e4n vanhemmat]. Vastaus oli aina kielteinen, V\u00e4\u00e4n\u00e4nen kertoi.<\/p>\n<p class=\"paragraph\">\u2013\u2009Vuosi sitten sain ensimm\u00e4isen kerran ajatukselle vihre\u00e4\u00e4 valoa.<\/p>\n<p>P\u00e4ihdesairaus<\/p>\n<p class=\"paragraph\">Lempinen toivoo lukijoidensa l\u00f6yt\u00e4v\u00e4n Langenneen legendan yhteiskunnallisen kulman.<\/p>\n<p class=\"paragraph\">\u2013\u2009Haluaisin, ett\u00e4 pystyisimme puhumaan perfektionismiin liittyvist\u00e4 asioista ja tietysti p\u00e4ihdesairauden armottomuudesta, h\u00e4n painottaa.<\/p>\n<p class=\"paragraph\">\u2013\u2009P\u00e4ihdesairaus ei katso ik\u00e4\u00e4 eik\u00e4 paikkaa eik\u00e4 yhteiskuntaluokkaa. Se on my\u00f6s kansallissankareille yht\u00e4 paha.<\/p>\n<p class=\"paragraph\">Lempinen n\u00e4kee Myllyl\u00e4n \u201dlangenneen perfektionismin kahleisiin\u201d.<\/p>\n<p class=\"paragraph\">\u2013\u2009Jos kannat p\u00e4ihderiski\u00e4, on vaaroja. P\u00e4\u00e4lle tuli Lahti [vuoden 2001 dopingskandaali], joka toi ilmeisen h\u00e4pe\u00e4n ja valtavan taakan, Lempinen ruotii.<\/p>\n<p class=\"paragraph\">\u2013\u2009Minun tulkintani mukaan Mika koki, ett\u00e4 h\u00e4nelt\u00e4 vietiin se, jonka varaan h\u00e4n oli liki koko el\u00e4m\u00e4ns\u00e4 ladannut eli hiihto. H\u00e4n koki, ett\u00e4 dopingk\u00e4ry ik\u00e4\u00e4n kuin mit\u00e4t\u00f6isi kaikki aiemmatkin saavutukset.<\/p>\n<p>Mika Myllyl\u00e4 kuoli vuonna 2011. Kuva on vuodelta 1994. IL-ARKISTO<\/p>\n<p><a href=\"https:\/\/www.iltalehti.fi\/telkku\/?utm_source=iltalehti.fi&amp;utm_medium=almainternal&amp;utm_campaign=urheilu_artikkelibanneri&amp;utm_content=banner_612_a\" rel=\"nofollow noopener\" target=\"_blank\"><img decoding=\"async\" src=\"https:\/\/www.europesays.com\/fi\/wp-content\/uploads\/2025\/08\/7ef604e47d46ca174b7df4149bd3557dbde56a86d520f8e1b2125548b0a2e03a.png\" alt=\"TV-ohjelmat t\u00e4n\u00e4\u00e4n, TV-opas\"\/><\/a><\/p>\n","protected":false},"excerpt":{"rendered":"Alle kuukausi sitten ilmestyi kirja Mika Myllyl\u00e4n el\u00e4m\u00e4. T\u00e4ll\u00e4 viikolla ilmestyy kirja Langennut Legenda \u2013 Mika Myllyl\u00e4. Mika&hellip;\n","protected":false},"author":2,"featured_media":31489,"comment_status":"","ping_status":"","sticky":false,"template":"","format":"standard","meta":{"footnotes":""},"categories":[134],"tags":[35,377,137,33,31,30,379,378,41,98,2668,32,109],"class_list":{"0":"post-31488","1":"post","2":"type-post","3":"status-publish","4":"format-standard","5":"has-post-thumbnail","7":"category-kirjat","8":"tag-24h","9":"tag-books","10":"tag-entertainment","11":"tag-fi","12":"tag-finland","13":"tag-finnish","14":"tag-kirjallisuus","15":"tag-kirjat","16":"tag-liikunta-ja-urheilu","17":"tag-perhe","18":"tag-pohjoismaiset-hiihtolajit","19":"tag-suomi","20":"tag-viihde"},"share_on_mastodon":{"url":"","error":""},"_links":{"self":[{"href":"https:\/\/www.europesays.com\/fi\/wp-json\/wp\/v2\/posts\/31488","targetHints":{"allow":["GET"]}}],"collection":[{"href":"https:\/\/www.europesays.com\/fi\/wp-json\/wp\/v2\/posts"}],"about":[{"href":"https:\/\/www.europesays.com\/fi\/wp-json\/wp\/v2\/types\/post"}],"author":[{"embeddable":true,"href":"https:\/\/www.europesays.com\/fi\/wp-json\/wp\/v2\/users\/2"}],"replies":[{"embeddable":true,"href":"https:\/\/www.europesays.com\/fi\/wp-json\/wp\/v2\/comments?post=31488"}],"version-history":[{"count":0,"href":"https:\/\/www.europesays.com\/fi\/wp-json\/wp\/v2\/posts\/31488\/revisions"}],"wp:featuredmedia":[{"embeddable":true,"href":"https:\/\/www.europesays.com\/fi\/wp-json\/wp\/v2\/media\/31489"}],"wp:attachment":[{"href":"https:\/\/www.europesays.com\/fi\/wp-json\/wp\/v2\/media?parent=31488"}],"wp:term":[{"taxonomy":"category","embeddable":true,"href":"https:\/\/www.europesays.com\/fi\/wp-json\/wp\/v2\/categories?post=31488"},{"taxonomy":"post_tag","embeddable":true,"href":"https:\/\/www.europesays.com\/fi\/wp-json\/wp\/v2\/tags?post=31488"}],"curies":[{"name":"wp","href":"https:\/\/api.w.org\/{rel}","templated":true}]}}