{"id":314904,"date":"2026-08-01T21:13:13","date_gmt":"2026-08-01T21:13:13","guid":{"rendered":"https:\/\/www.europesays.com\/fi\/314904\/"},"modified":"2026-08-01T21:13:13","modified_gmt":"2026-08-01T21:13:13","slug":"tassa-on-jyvaskylan-mm-rallin-sunnuntaiaamun-lahtolista-urheilu","status":"publish","type":"post","link":"https:\/\/www.europesays.com\/fi\/314904\/","title":{"rendered":"T\u00e4ss\u00e4 on Jyv\u00e4skyl\u00e4n MM-rallin sunnuntaiaamun l\u00e4ht\u00f6lista | Urheilu"},"content":{"rendered":"<p>Sunnuntaiaamun l\u00e4ht\u00f6lista<\/p>\n<p>1. Jon Armstrong, Ford, luokka Rally1, auton numero 95<\/p>\n<p> 2. M\u0101rti\u0146\u0161 Sesks, Ford, Rally1, 22<\/p>\n<p> 3. Joshua McErlean, Ford, Rally1, 55<\/p>\n<p> 4. Thierry Neuville, Hyundai, Rally1, 11<\/p>\n<p> 5. Takamoto Katsuta, Toyota, Rally1, 18<\/p>\n<p> 6. Adrien Fourmaux, Hyundai, Rally1, 16<\/p>\n<p> 7. Elfyn Evans, Toyota, Rally1, 33<\/p>\n<p> 8. Oliver Solberg, Toyota, Rally1, 99<\/p>\n<p> 9. Sami Pajari, Toyota, Rally1, 5<\/p>\n<p> 10. Jari-Matti Latvala, Toyota, Rally2, 40<\/p>\n<p> 11. Teemu Suninen, Toyota, Rally2, 26<\/p>\n<p> 12. Robert Virves, Skoda, Rally2, 25<\/p>\n<p> 13. Lauri Joona, Skoda, Rally2, 31<\/p>\n<p> 14. Jaspar Vaher, Toyota, Rally2, 41<\/p>\n<p> 15. Nikolay Gryazin, Lancia, Rally2, 23<\/p>\n<p> 16. Romet J\u00fcrgenson, Ford, Rally2, 39<\/p>\n<p> 17. Mille Johansson, Ford, Rally2, 35<\/p>\n<p> 18. Yohan Rossel, Lancia, Rally2, 24<\/p>\n<p> 19. Giovanni Trentin, Skoda, Rally2, 38<\/p>\n<p> 20. Pablo Sarrazin, Lancia, Rally2, 37<\/p>\n<p> 21. L\u00e9o Rossel, Lancia, Rally2, 21<\/p>\n<p> 22. Takumi Matsushita, Toyota, Rally2, 46<\/p>\n<p> 23. Matt\u00e9o Chatillon, Skoda, Rally2, 36<\/p>\n<p> 24. Taylor Gill, Toyota, Rally2, 34<\/p>\n<p> 25. Conner Martell, Lancia, Rally2, 50<\/p>\n<p> 26. Roope Korhonen, Toyota, Rally2, 20<\/p>\n<p> 27. Yuki Yamamoto, Toyota, Rally2, 30<\/p>\n<p> 28. Gus Greensmith, Toyota, Rally2, 29<\/p>\n<p> 29. Patrick Enok, Skoda, Rally2, 43<\/p>\n<p> 30. Fau Zaldivar, Skoda, Rally2, 27<\/p>\n<p> 31. Martin Prokop, Skoda, Rally2, 48<\/p>\n<p> 32. Shotaro Goto, Toyota, Rally2, 47<\/p>\n<p> 33. Adrien Mosca, Toyota, Rally2, 51<\/p>\n<p> 34. Eliott Delecour, Skoda, Rally2, 49<\/p>\n<p> 35. Ugur Soylu, Skoda, Rally2, 52<\/p>\n<p> 36. Johannes Keferb\u00f6ck, Toyota, Rally2, 53<\/p>\n<p> 37. Gil Membrado, Ford, Rally3, 66<\/p>\n<p> 38. Leevi Lassila, Ford, Rally3, 67<\/p>\n<p> 39. Matteo Fontana, Ford, Rally3, 54<\/p>\n<p> 40. Tymek Abramowski, Ford, Rally3, 56<\/p>\n<p> 41. Calle Carlberg, Ford, Rally3, 64<\/p>\n<p> 42. Jarkko Nikara, Renault, Rally3, 58<\/p>\n<p> 43. Kerem Kazaz, Ford, Rally3, 69<\/p>\n<p> 44. Ali T\u00fcrkkan, Ford, Rally3, 65<\/p>\n<p> 45. Rio Ogata, Renault, Rally3, 59<\/p>\n<p> 46. Ville Pynn\u00f6nen, Renault, Rally3, 61<\/p>\n<p> 47. Nataniel Bruun, Ford, Rally3, 57<\/p>\n<p> 48. Riku Tahko, Ford, Rally3, 62<\/p>\n<p> 49. Olli Lahti, Skoda, Rally2, 70<\/p>\n<p> 50. Tuomas Viren, Ford, Rally3, 71<\/p>\n<p> 51. Ismo Leikola, Ford, Rally3, 63<\/p>\n","protected":false},"excerpt":{"rendered":"Sunnuntaiaamun l\u00e4ht\u00f6lista 1. Jon Armstrong, Ford, luokka Rally1, auton numero 95 2. M\u0101rti\u0146\u0161 Sesks, Ford, Rally1, 22 3.&hellip;\n","protected":false},"author":2,"featured_media":314905,"comment_status":"","ping_status":"","sticky":false,"template":"","format":"standard","meta":{"footnotes":"","_share_on_mastodon":"0"},"categories":[5],"tags":[648,22,23,6556,26,27,33,31,30,17,3631,425,6625,2763,24,25,28,29,15,18,21,32,128,19,20,16],"class_list":["post-314904","post","type-post","status-publish","format-standard","has-post-thumbnail","category-otsikot","tag-autot","tag-breaking-news","tag-breakingnews","tag-elfyn-evans","tag-featured-news","tag-featurednews","tag-fi","tag-finland","tag-finnish","tag-headlines","tag-jari-matti-latvala","tag-jyvaskyla","tag-jyvaskylan-mm-ralli","tag-kulkuneuvojen-valmistus","tag-latest-news","tag-latestnews","tag-main-news","tag-mainnews","tag-news","tag-otsikot","tag-paauutiset","tag-suomi","tag-tieliikenne","tag-top-stories","tag-topstories","tag-uutiset"],"share_on_mastodon":{"url":"https:\/\/pubeurope.com\/@fi\/117022320694762901","error":""},"_links":{"self":[{"href":"https:\/\/www.europesays.com\/fi\/wp-json\/wp\/v2\/posts\/314904","targetHints":{"allow":["GET"]}}],"collection":[{"href":"https:\/\/www.europesays.com\/fi\/wp-json\/wp\/v2\/posts"}],"about":[{"href":"https:\/\/www.europesays.com\/fi\/wp-json\/wp\/v2\/types\/post"}],"author":[{"embeddable":true,"href":"https:\/\/www.europesays.com\/fi\/wp-json\/wp\/v2\/users\/2"}],"replies":[{"embeddable":true,"href":"https:\/\/www.europesays.com\/fi\/wp-json\/wp\/v2\/comments?post=314904"}],"version-history":[{"count":0,"href":"https:\/\/www.europesays.com\/fi\/wp-json\/wp\/v2\/posts\/314904\/revisions"}],"wp:featuredmedia":[{"embeddable":true,"href":"https:\/\/www.europesays.com\/fi\/wp-json\/wp\/v2\/media\/314905"}],"wp:attachment":[{"href":"https:\/\/www.europesays.com\/fi\/wp-json\/wp\/v2\/media?parent=314904"}],"wp:term":[{"taxonomy":"category","embeddable":true,"href":"https:\/\/www.europesays.com\/fi\/wp-json\/wp\/v2\/categories?post=314904"},{"taxonomy":"post_tag","embeddable":true,"href":"https:\/\/www.europesays.com\/fi\/wp-json\/wp\/v2\/tags?post=314904"}],"curies":[{"name":"wp","href":"https:\/\/api.w.org\/{rel}","templated":true}]}}