{"id":314964,"date":"2026-08-01T23:22:07","date_gmt":"2026-08-01T23:22:07","guid":{"rendered":"https:\/\/www.europesays.com\/fi\/314964\/"},"modified":"2026-08-01T23:22:07","modified_gmt":"2026-08-01T23:22:07","slug":"hs-sivullinen-pelasti-kuljettajan-ulos-palavasta-autosta-erittain-hienoa-toimintaa-uutissuomalainen","status":"publish","type":"post","link":"https:\/\/www.europesays.com\/fi\/314964\/","title":{"rendered":"HS: Sivullinen pelasti kuljettajan ulos palavasta autosta\u2009\u2013\u2009&#8221;Eritt\u00e4in hienoa toimintaa&#8221; | Uutissuomalainen"},"content":{"rendered":"<p>Sivullinen pelasti onnettomuuteen joutuneen autonkuljettajan hengen Sipoossa. Asiasta kertoo<a href=\"https:\/\/www.hs.fi\/pkseutu\/art-2000012178428.html\" rel=\"nofollow noopener\" target=\"_blank\"> Helsingin Sanomat<\/a>.<\/p>\n<p>It\u00e4-Uudenmaan pelastuslaitoksen mukaan henkil\u00f6auto ajoi ulos tielt\u00e4 ja t\u00f6rm\u00e4si kovassa vauhdissa p\u00e4in puuta. Auto syttyi t\u00f6rm\u00e4yksen j\u00e4lkeen palamaan.<\/p>\n<p>Sivullinen pelasti kuljettajan ulos palavasta autosta. P\u00e4ivyst\u00e4v\u00e4 palomestari <strong>Mika-Kristian Tepsa<\/strong> kertoi lehdelle sivullisen toimineen tilanteessa &#8221;eritt\u00e4in hienosti&#8221;.<\/p>\n<p>Molemmat hengittiv\u00e4t savua ja heid\u00e4t kuljetettiin sairaalaan jatkohoitoon. Kuljettaja selvisi ensitietojen mukaan lievill\u00e4 vammoilla.\u2009Auto tuhoutui palossa t\u00e4ysin.<\/p>\n<p>Onnettomuus tapahtui hieman ennen kello seitsem\u00e4\u00e4 lauantai-iltana Keskustatiell\u00e4.<\/p>\n","protected":false},"excerpt":{"rendered":"Sivullinen pelasti onnettomuuteen joutuneen autonkuljettajan hengen Sipoossa. Asiasta kertoo Helsingin Sanomat. It\u00e4-Uudenmaan pelastuslaitoksen mukaan henkil\u00f6auto ajoi ulos tielt\u00e4&hellip;\n","protected":false},"author":2,"featured_media":314965,"comment_status":"","ping_status":"","sticky":false,"template":"","format":"standard","meta":{"footnotes":"","_share_on_mastodon":"0"},"categories":[12],"tags":[22,23,26,27,33,31,30,17,46,104,24,25,121,28,29,15,120,18,21,2293,32,679,128,19,20,16],"class_list":["post-314964","post","type-post","status-publish","format-standard","has-post-thumbnail","category-suomi","tag-breaking-news","tag-breakingnews","tag-featured-news","tag-featurednews","tag-fi","tag-finland","tag-finnish","tag-headlines","tag-helsingin-sanomat","tag-helsinki","tag-latest-news","tag-latestnews","tag-liikenne-ja-kuljetus","tag-main-news","tag-mainnews","tag-news","tag-onnettomuustapaus","tag-otsikot","tag-paauutiset","tag-sipoo","tag-suomi","tag-terveydenhuollon-toimintalaitokset","tag-tieliikenne","tag-top-stories","tag-topstories","tag-uutiset"],"share_on_mastodon":{"url":"https:\/\/pubeurope.com\/@fi\/117022827928376812","error":""},"_links":{"self":[{"href":"https:\/\/www.europesays.com\/fi\/wp-json\/wp\/v2\/posts\/314964","targetHints":{"allow":["GET"]}}],"collection":[{"href":"https:\/\/www.europesays.com\/fi\/wp-json\/wp\/v2\/posts"}],"about":[{"href":"https:\/\/www.europesays.com\/fi\/wp-json\/wp\/v2\/types\/post"}],"author":[{"embeddable":true,"href":"https:\/\/www.europesays.com\/fi\/wp-json\/wp\/v2\/users\/2"}],"replies":[{"embeddable":true,"href":"https:\/\/www.europesays.com\/fi\/wp-json\/wp\/v2\/comments?post=314964"}],"version-history":[{"count":0,"href":"https:\/\/www.europesays.com\/fi\/wp-json\/wp\/v2\/posts\/314964\/revisions"}],"wp:featuredmedia":[{"embeddable":true,"href":"https:\/\/www.europesays.com\/fi\/wp-json\/wp\/v2\/media\/314965"}],"wp:attachment":[{"href":"https:\/\/www.europesays.com\/fi\/wp-json\/wp\/v2\/media?parent=314964"}],"wp:term":[{"taxonomy":"category","embeddable":true,"href":"https:\/\/www.europesays.com\/fi\/wp-json\/wp\/v2\/categories?post=314964"},{"taxonomy":"post_tag","embeddable":true,"href":"https:\/\/www.europesays.com\/fi\/wp-json\/wp\/v2\/tags?post=314964"}],"curies":[{"name":"wp","href":"https:\/\/api.w.org\/{rel}","templated":true}]}}