{"id":31525,"date":"2025-09-11T04:11:12","date_gmt":"2025-09-11T04:11:12","guid":{"rendered":"https:\/\/www.europesays.com\/fi\/31525\/"},"modified":"2025-09-11T04:11:12","modified_gmt":"2025-09-11T04:11:12","slug":"menovinkki-ystavysten-kohtaamisista-syntynyt-kirja-avaa-eeva-kilven-elamaa-ja-kirjallista-perintoa-paikalliset","status":"publish","type":"post","link":"https:\/\/www.europesays.com\/fi\/31525\/","title":{"rendered":"Menovinkki | Yst\u00e4vysten kohtaamisista syntynyt kirja avaa Eeva Kilven el\u00e4m\u00e4\u00e4 ja kirjallista perint\u00f6\u00e4 | Paikalliset"},"content":{"rendered":"<p>WSOY:n kotimaisen kirjallisuuden kustantaja <strong>Anna-Riikka Carlson<\/strong> vierailee p\u00e4\u00e4kirjastossa maanantaina 22.9. klo 18 kertomassa vuonna 2024 ilmestyneest\u00e4 teoksestaan Rakas Eeva Kilpi \u2013 N\u00e4m\u00e4 juhlat jatkuvat viel\u00e4.<\/p>\n<p>Kirjassa tarkastellaan rakastetun kirjailijan el\u00e4m\u00e4\u00e4, pohditaan el\u00e4m\u00e4n rajallisuutta, ihastellaan kirjallisuuden voimaa sek\u00e4 juhlitaan rajat ylitt\u00e4v\u00e4\u00e4 yst\u00e4vyytt\u00e4.<\/p>\n<p><strong class=\"diks-storyline__impact\">Anna-Riikka<\/strong> Carlson vieraili vuosien ajan s\u00e4\u00e4nn\u00f6llisesti kirjailija <strong>Eeva Kilven<\/strong> luona t\u00e4m\u00e4n kotona Tapiolassa ja my\u00f6hemmin l\u00e4hell\u00e4 sijaitsevassa hoivakodissa. Kohtaamisten my\u00f6t\u00e4 syntyi kahden eri sukupolven naisen tiivis yst\u00e4vyys, jonka yll\u00e4pit\u00e4v\u00e4n\u00e4 voimana on rakkaus kirjallisuuteen ja el\u00e4m\u00e4\u00e4n. N\u00e4m\u00e4 juhlat jatkuvat viel\u00e4 kertoo n\u00e4ist\u00e4 kohtaamisista, yst\u00e4vysten ajatustenvaihdosta ja Eeva Kilven monivaiheisesta, pitk\u00e4st\u00e4 el\u00e4m\u00e4st\u00e4.<\/p>\n<p>Kirjassa palataan Eevalle rakkaisiin paikkoihin, ihmisiin ja el\u00e4m\u00e4ntapahtumiin, mutta samalla elet\u00e4\u00e4n nykyajassa, maailmassa, joka olisi k\u00f6yhempi ilman Eeva Kilven poikkeuksellista tuotantoa.<\/p>\n<p><strong class=\"diks-storyline__impact\">Vuonna<\/strong> 1928 Hiitolassa syntyneen Kilven teoksissa ihmissuhteet, luonto ja evakkokarjalaisuuden my\u00f6t\u00e4 syntynyt kaipaus ja koti-ik\u00e4v\u00e4 ovat toistuvia teemoja, jotka ovat edelleen ajankohtaisia ja puhuttelevat yh\u00e4 uusia sukupolvia.<\/p>\n<p>Eeva Kilven merkitys innoittajana ja esikuvana lukuisille ihmisille on ilmeinen, ja h\u00e4n saa edelleen paljon postia lukijoilta, jotka haluavat kiitt\u00e4\u00e4 h\u00e4nen kirjoittamistaan teoksista.<\/p>\n<p><strong class=\"diks-storyline__impact\">Vaikka<\/strong> kirjoittaminen ei en\u00e4\u00e4 suju, rakastetut teokset el\u00e4v\u00e4t ja luovat Eeva Kilven pysyv\u00e4n kirjallisen testamentin. Tuon perinn\u00f6n vaalimisen Anna-Riikka Carlson kokee el\u00e4m\u00e4nteht\u00e4v\u00e4kseen.<\/p>\n<p>\u2013\u2009Eeva Kilpi on kirjoittanut muistiinpanoja kahdeksan vuosikymmenen ajan, ja n\u00e4iden l\u00e4pik\u00e4yminen tuntuu sanoin kuvaamattoman rakkaalta ja merkitykselliselt\u00e4 teht\u00e4v\u00e4lt\u00e4. Uskon, ett\u00e4 n\u00e4ist\u00e4 syntyv\u00e4t kirjat tulevat koskettamaan suurta lukijajoukkoa, joka l\u00f6yt\u00e4\u00e4 Eevan henkil\u00f6kohtaisista muistiinmerkinn\u00f6ist\u00e4 jotakin syv\u00e4sti yhteist\u00e4 ja ajatonta, Carlson toteaa ja hymyilee.<\/p>\n<p><strong>Anna-Riikka Carlson Nurmij\u00e4rven p\u00e4\u00e4kirjastossa ma 22.9. klo 18. Vapaa p\u00e4\u00e4sy.<\/strong><\/p>\n","protected":false},"excerpt":{"rendered":"WSOY:n kotimaisen kirjallisuuden kustantaja Anna-Riikka Carlson vierailee p\u00e4\u00e4kirjastossa maanantaina 22.9. klo 18 kertomassa vuonna 2024 ilmestyneest\u00e4 teoksestaan Rakas&hellip;\n","protected":false},"author":2,"featured_media":31526,"comment_status":"","ping_status":"","sticky":false,"template":"","format":"standard","meta":{"footnotes":""},"categories":[134],"tags":[377,137,33,31,30,405,564,2001,2434,379,378,401,98,32,109],"class_list":{"0":"post-31525","1":"post","2":"type-post","3":"status-publish","4":"format-standard","5":"has-post-thumbnail","7":"category-kirjat","8":"tag-books","9":"tag-entertainment","10":"tag-fi","11":"tag-finland","12":"tag-finnish","13":"tag-helsingin-seutukunta","14":"tag-juhlat","15":"tag-kirjailijat","16":"tag-kirjailijat-ml-kolumnistit","17":"tag-kirjallisuus","18":"tag-kirjat","19":"tag-nurmijarvi","20":"tag-perhe","21":"tag-suomi","22":"tag-viihde"},"share_on_mastodon":{"url":"","error":""},"_links":{"self":[{"href":"https:\/\/www.europesays.com\/fi\/wp-json\/wp\/v2\/posts\/31525","targetHints":{"allow":["GET"]}}],"collection":[{"href":"https:\/\/www.europesays.com\/fi\/wp-json\/wp\/v2\/posts"}],"about":[{"href":"https:\/\/www.europesays.com\/fi\/wp-json\/wp\/v2\/types\/post"}],"author":[{"embeddable":true,"href":"https:\/\/www.europesays.com\/fi\/wp-json\/wp\/v2\/users\/2"}],"replies":[{"embeddable":true,"href":"https:\/\/www.europesays.com\/fi\/wp-json\/wp\/v2\/comments?post=31525"}],"version-history":[{"count":0,"href":"https:\/\/www.europesays.com\/fi\/wp-json\/wp\/v2\/posts\/31525\/revisions"}],"wp:featuredmedia":[{"embeddable":true,"href":"https:\/\/www.europesays.com\/fi\/wp-json\/wp\/v2\/media\/31526"}],"wp:attachment":[{"href":"https:\/\/www.europesays.com\/fi\/wp-json\/wp\/v2\/media?parent=31525"}],"wp:term":[{"taxonomy":"category","embeddable":true,"href":"https:\/\/www.europesays.com\/fi\/wp-json\/wp\/v2\/categories?post=31525"},{"taxonomy":"post_tag","embeddable":true,"href":"https:\/\/www.europesays.com\/fi\/wp-json\/wp\/v2\/tags?post=31525"}],"curies":[{"name":"wp","href":"https:\/\/api.w.org\/{rel}","templated":true}]}}