{"id":31527,"date":"2025-09-11T04:13:08","date_gmt":"2025-09-11T04:13:08","guid":{"rendered":"https:\/\/www.europesays.com\/fi\/31527\/"},"modified":"2025-09-11T04:13:08","modified_gmt":"2025-09-11T04:13:08","slug":"arppa-palasi-omakustanneartistiksi-ja-julkaisi-rappilevyn","status":"publish","type":"post","link":"https:\/\/www.europesays.com\/fi\/31527\/","title":{"rendered":"Arppa palasi omakustanneartistiksi ja julkaisi r\u00e4ppilevyn"},"content":{"rendered":"<p>Musiikki|Peppuni kanssa -omakustannelevyn riimit syntyiv\u00e4t pitk\u00e4lti auton ratissa. Levy \u00e4\u00e4nitettiin rumpali Okko Saastamoisen m\u00f6kill\u00e4.<\/p>\n<p class=\"article-body margin-bottom-24 px-nof-16\">\u201dRipustan pyykkej\u00e4.\u201d<\/p>\n<p class=\"article-body margin-bottom-24 px-nof-16\"><a class=\"article-personlink\" href=\"https:\/\/www.hs.fi\/haku\/?query=Aaro%20%E2%80%9DArppa%E2%80%9D%20Airola\" rel=\"nofollow noopener\" target=\"_blank\">Aaro \u201dArppa\u201d Airola<\/a> vastaa puhelimeen kotipihallaan Loviisassa.<\/p>\n<p class=\"article-body margin-bottom-24 px-nof-16\">Siell\u00e4 syntyj\u00e4\u00e4n kokkolalainen, v\u00e4lill\u00e4 Kalliossa ja Pirkkolassa asustellut, Airola on asunut kolme vuotta sitten ostamassaan puutalossa siskonsa, n\u00e4yttelij\u00e4 <a class=\"article-personlink\" href=\"https:\/\/www.hs.fi\/haku\/?query=Anna%20Airolan\" rel=\"nofollow noopener\" target=\"_blank\">Anna Airolan<\/a> naapurissa.<\/p>\n","protected":false},"excerpt":{"rendered":"Musiikki|Peppuni kanssa -omakustannelevyn riimit syntyiv\u00e4t pitk\u00e4lti auton ratissa. Levy \u00e4\u00e4nitettiin rumpali Okko Saastamoisen m\u00f6kill\u00e4. \u201dRipustan pyykkej\u00e4.\u201d Aaro \u201dArppa\u201d&hellip;\n","protected":false},"author":2,"featured_media":31528,"comment_status":"","ping_status":"","sticky":false,"template":"","format":"standard","meta":{"footnotes":""},"categories":[132],"tags":[137,33,31,30,46,195,47,32,109],"class_list":{"0":"post-31527","1":"post","2":"type-post","3":"status-publish","4":"format-standard","5":"has-post-thumbnail","7":"category-musiikki","8":"tag-entertainment","9":"tag-fi","10":"tag-finland","11":"tag-finnish","12":"tag-helsingin-sanomat","13":"tag-music","14":"tag-musiikki","15":"tag-suomi","16":"tag-viihde"},"share_on_mastodon":{"url":"","error":""},"_links":{"self":[{"href":"https:\/\/www.europesays.com\/fi\/wp-json\/wp\/v2\/posts\/31527","targetHints":{"allow":["GET"]}}],"collection":[{"href":"https:\/\/www.europesays.com\/fi\/wp-json\/wp\/v2\/posts"}],"about":[{"href":"https:\/\/www.europesays.com\/fi\/wp-json\/wp\/v2\/types\/post"}],"author":[{"embeddable":true,"href":"https:\/\/www.europesays.com\/fi\/wp-json\/wp\/v2\/users\/2"}],"replies":[{"embeddable":true,"href":"https:\/\/www.europesays.com\/fi\/wp-json\/wp\/v2\/comments?post=31527"}],"version-history":[{"count":0,"href":"https:\/\/www.europesays.com\/fi\/wp-json\/wp\/v2\/posts\/31527\/revisions"}],"wp:featuredmedia":[{"embeddable":true,"href":"https:\/\/www.europesays.com\/fi\/wp-json\/wp\/v2\/media\/31528"}],"wp:attachment":[{"href":"https:\/\/www.europesays.com\/fi\/wp-json\/wp\/v2\/media?parent=31527"}],"wp:term":[{"taxonomy":"category","embeddable":true,"href":"https:\/\/www.europesays.com\/fi\/wp-json\/wp\/v2\/categories?post=31527"},{"taxonomy":"post_tag","embeddable":true,"href":"https:\/\/www.europesays.com\/fi\/wp-json\/wp\/v2\/tags?post=31527"}],"curies":[{"name":"wp","href":"https:\/\/api.w.org\/{rel}","templated":true}]}}