{"id":31529,"date":"2025-09-11T04:15:06","date_gmt":"2025-09-11T04:15:06","guid":{"rendered":"https:\/\/www.europesays.com\/fi\/31529\/"},"modified":"2025-09-11T04:15:06","modified_gmt":"2025-09-11T04:15:06","slug":"nuoruusian-adhd-oireet-vaikuttavat-aikuisian-tuloihin-epasuorasti-koulutuksen-ja-mielenterveyden-kautta","status":"publish","type":"post","link":"https:\/\/www.europesays.com\/fi\/31529\/","title":{"rendered":"Nuoruusi\u00e4n ADHD-oireet vaikuttavat aikuisi\u00e4n tuloihin ep\u00e4suorasti koulutuksen ja mielenterveyden kautta"},"content":{"rendered":"<p>Tutkimus osoitti, ett\u00e4 oireilla ei ole suoraa yhteytt\u00e4 aikuisi\u00e4n tulotasoon. Sen sijaan vaikutus n\u00e4kyy ep\u00e4suorasti koulutuksen ja muun psykiatrisen sairastavuuden kautta. \u00a0<\/p>\n<p>Vaikutus oli suurin henkil\u00f6ill\u00e4, joilla esiintyi sek\u00e4 ADHD:n ett\u00e4 uhmakkuush\u00e4iri\u00f6n oireita: heid\u00e4n tulonsa olivat keskim\u00e4\u00e4rin 25 prosenttia pienemm\u00e4t koulutuksen kautta ja 18 prosenttia pienemm\u00e4t muiden psykiatristen h\u00e4iri\u00f6iden kautta.<\/p>\n<p>Aineistona k\u00e4ytettiin Pohjois-Suomen vuoden 1986 syntym\u00e4kohorttia, johon kuuluu l\u00e4hes 9 500 tutkittavaa. Kun osallistujat olivat 16-vuotiaita, heid\u00e4n vanhempansa arvioivat lasten ADHD:n ja uhmakkuush\u00e4iri\u00f6n oireita kyselylomakkeella. Lis\u00e4ksi hy\u00f6dynnettiin kansallisia rekistereit\u00e4, joista saatiin tietoa koulutuksesta, vuosituloista, psykiatrisista h\u00e4iri\u00f6ist\u00e4 ja taustatekij\u00f6ist\u00e4.<\/p>\n<p>Uhmakkuush\u00e4iri\u00f6 on ADHD:n yleinen liit\u00e4nn\u00e4ish\u00e4iri\u00f6, jota esiintyy noin 30 prosentilla ADHD-diagnoosin saaneista. Tutkimuksen laajuus mahdollisti my\u00f6s uhmakkuush\u00e4iri\u00f6n oireiden itsen\u00e4isten vaikutusten tarkastelun \u2013 aiheesta on aiemmin ollut vain v\u00e4h\u00e4n ja osin ristiriitaista tutkimustietoa.<\/p>\n<p>ADHD ei yksin\u00e4\u00e4n m\u00e4\u00e4rit\u00e4 tulotasoa<\/p>\n<p>Tutkimuksesta vastanneen l\u00e4\u00e4ketieteen kandidaatti <strong>Sampo Sep\u00e4n<\/strong> mukaan tulokset ovat rohkaisevia:<\/p>\n<p>\u201dNuoruusi\u00e4n ADHD:n ja uhmakkuush\u00e4iri\u00f6n oireet eiv\u00e4t itsess\u00e4\u00e4n olleet yhteydess\u00e4 matalampaan tulotasoon aikuisuudessa\u201d, Sepp\u00e4 kertoo.<\/p>\n<p>H\u00e4nen aiemmissa tutkimuksissaan on kuitenkin havaittu, ett\u00e4 ADHD- ja uhmakkuusoireet heikent\u00e4v\u00e4t koulumenestyst\u00e4 nuoruudessa, laskevat koulutustasoa aikuisuudessa sek\u00e4 lis\u00e4\u00e4v\u00e4t ty\u00f6tt\u00f6myyden ja sairauspoissaolojen riski\u00e4.<\/p>\n<p>\u201dNyt saadut tulokset t\u00e4ydent\u00e4v\u00e4t kuvaa siit\u00e4, miksi ADHD:st\u00e4 k\u00e4rsiv\u00e4t nuoret menestyv\u00e4t keskim\u00e4\u00e4rin heikommin ty\u00f6el\u00e4m\u00e4ss\u00e4. Tulokset voivat v\u00e4hent\u00e4\u00e4 ADHD:hen liittyv\u00e4\u00e4 stigmaa ja lis\u00e4t\u00e4 uskoa siihen, ett\u00e4 oikeanlaisen tuen avulla nuoret voivat menesty\u00e4 ty\u00f6el\u00e4m\u00e4ss\u00e4 siin\u00e4 miss\u00e4 muutkin\u201d, Sepp\u00e4 sanoo.<\/p>\n<p>Tutkimus tuo esiin my\u00f6s ennaltaehk\u00e4isevien palvelujen t\u00e4rkeyden.<\/p>\n<p>\u201dToivon, ett\u00e4 t\u00e4m\u00e4 tutkimus lis\u00e4\u00e4 arvostusta koulutus- ja mielenterveyspalveluihin teht\u00e4ville investoinneille, jotta neurokehityksellisiin h\u00e4iri\u00f6ihin liittyvi\u00e4 seurauksia voidaan kaventaa v\u00e4est\u00f6tasolla\u201d, Sepp\u00e4 toteaa.<\/p>\n<p>Tutkimusjulkaisu:<\/p>\n<p>Sepp\u00e4 S, Huikari S, Korhonen M, Nordstr\u00f6m T, Hurtig T, Halt AH. <a href=\"https:\/\/doi.org\/10.1007\/s00787-025-02842-2\" rel=\"nofollow noopener\" target=\"_blank\">Indirect associations between adolescent ADHD and\/or oppositional defiant disorder symptoms and adult incomes: the mediating roles of education and co-occurring psychiatric disorders<\/a>. Eur Child Adolesc Psychiatry. 2025 Sep 2. doi: 10.1007\/s00787-025-02842-2. Epub ahead of print. PMID: 40892097.<\/p>\n","protected":false},"excerpt":{"rendered":"Tutkimus osoitti, ett\u00e4 oireilla ei ole suoraa yhteytt\u00e4 aikuisi\u00e4n tulotasoon. Sen sijaan vaikutus n\u00e4kyy ep\u00e4suorasti koulutuksen ja muun&hellip;\n","protected":false},"author":2,"featured_media":31530,"comment_status":"","ping_status":"","sticky":false,"template":"","format":"standard","meta":{"footnotes":""},"categories":[165],"tags":[33,31,30,166,32,167],"class_list":{"0":"post-31529","1":"post","2":"type-post","3":"status-publish","4":"format-standard","5":"has-post-thumbnail","7":"category-terveys","8":"tag-fi","9":"tag-finland","10":"tag-finnish","11":"tag-health","12":"tag-suomi","13":"tag-terveys"},"share_on_mastodon":{"url":"","error":""},"_links":{"self":[{"href":"https:\/\/www.europesays.com\/fi\/wp-json\/wp\/v2\/posts\/31529","targetHints":{"allow":["GET"]}}],"collection":[{"href":"https:\/\/www.europesays.com\/fi\/wp-json\/wp\/v2\/posts"}],"about":[{"href":"https:\/\/www.europesays.com\/fi\/wp-json\/wp\/v2\/types\/post"}],"author":[{"embeddable":true,"href":"https:\/\/www.europesays.com\/fi\/wp-json\/wp\/v2\/users\/2"}],"replies":[{"embeddable":true,"href":"https:\/\/www.europesays.com\/fi\/wp-json\/wp\/v2\/comments?post=31529"}],"version-history":[{"count":0,"href":"https:\/\/www.europesays.com\/fi\/wp-json\/wp\/v2\/posts\/31529\/revisions"}],"wp:featuredmedia":[{"embeddable":true,"href":"https:\/\/www.europesays.com\/fi\/wp-json\/wp\/v2\/media\/31530"}],"wp:attachment":[{"href":"https:\/\/www.europesays.com\/fi\/wp-json\/wp\/v2\/media?parent=31529"}],"wp:term":[{"taxonomy":"category","embeddable":true,"href":"https:\/\/www.europesays.com\/fi\/wp-json\/wp\/v2\/categories?post=31529"},{"taxonomy":"post_tag","embeddable":true,"href":"https:\/\/www.europesays.com\/fi\/wp-json\/wp\/v2\/tags?post=31529"}],"curies":[{"name":"wp","href":"https:\/\/api.w.org\/{rel}","templated":true}]}}