{"id":31542,"date":"2025-09-11T04:35:08","date_gmt":"2025-09-11T04:35:08","guid":{"rendered":"https:\/\/www.europesays.com\/fi\/31542\/"},"modified":"2025-09-11T04:35:08","modified_gmt":"2025-09-11T04:35:08","slug":"sebastian-rejmanista-tuli-yllattaen-isa-ei-ollut-hirvean-suunniteltu-asia","status":"publish","type":"post","link":"https:\/\/www.europesays.com\/fi\/31542\/","title":{"rendered":"Sebastian Rejmanista tuli yll\u00e4tt\u00e4en is\u00e4 \u2013 &#8221;Ei ollut hirve\u00e4n suunniteltu asia&#8221;"},"content":{"rendered":"<p>\n            (150525) &#8212; Helsinki, May 15, 2025 \u2013 Sebastian Rejman and Lotta Hintsa poses for the camera during MLL &#8211; fashion show in Helsinki, Finland, 15. May 2025. (Matti Matikainen\/Aller Media)<br \/>\n            Matti Matikainen\n        <\/p>\n<p class=\"subtitle \">Sebastianin unelma toteutui.<\/p>\n<p class=\"article-content article-content-width !bg-background\">N\u00e4yttelij\u00e4  kertoo el\u00e4m\u00e4ns\u00e4 toteutuneista unelmista  Toinen totuus &#8211;<a href=\"https:\/\/podimo.com\/fi\/shows\/toinen-totuus-pernilla\" target=\"_blank\" rel=\"nofollow noopener\">podcastin <\/a>uudessa jaksossa.<\/p>\n<p class=\"font-weight-bold m-font-weight-bold article-content article-content-width !bg-background\">Video: Ringa Ropo kertoo v\u00e4leist\u00e4\u00e4n tytt\u00e4reens\u00e4.<\/p>\n<p class=\"article-content article-content-width !bg-background\">Sebastian kertoo yhden unelmista olleen isyys.<\/p>\n<p class=\"article-content article-content-width !bg-background\"> \u2013 Mulla on t\u00e4ll\u00e4 hetkell\u00e4 kaks lasta. En m\u00e4 ehk\u00e4 tiennyt&#8230; Ehk\u00e4 mun konkreettinen unelma ei ollut, ett\u00e4 minusta tulee is\u00e4. Tai jotenkin, ett\u00e4 se ei ollut hirve\u00e4n suunniteltu asia, h\u00e4n paljastaa podcastissa.<\/p>\n<p class=\"article-content article-content-width !bg-background\"> \u2013 Nyt kun itse asiassa mietin, niin kyll\u00e4 nekin kuuluu el\u00e4m\u00e4\u00e4n ja t\u00e4lle polulle.<\/p>\n<p class=\"article-content article-content-width !bg-background\">Podcastin nauhoitusten j\u00e4lkeen <a href=\"https:\/\/www.voguescandinavia.com\/articles\/lotta-hintsa-sebastian-rejman-wedding-pregnancy\" target=\"_blank\" rel=\"nofollow noopener\">Vogue Scandinavia<\/a> paljasti, ett\u00e4 Sebastian ja h\u00e4nen nykyinen kumppaninsa, vuorikiipeilij\u00e4 , odottavat perheenlis\u00e4yst\u00e4 ja ovat menneet salaa naimisiin.<\/p>\n<p class=\"article-content article-content-width !bg-background\">Sebastian yritt\u00e4\u00e4 olla is\u00e4n\u00e4 l\u00e4sn\u00e4 ja kasvattaa lapsistaan mahdollisimman fiksuja yksil\u00f6it\u00e4, jotka p\u00e4rj\u00e4\u00e4v\u00e4t maailmassa.<\/p>\n<p class=\"article-content article-content-width !bg-background\"> \u2013\u00a0 On se hienoa. Rankkaa se (isyys) on. Ehk\u00e4 ne (lapset) muistuttaa sill\u00e4 tavalla peilein\u00e4 siit\u00e4, ett\u00e4 mik\u00e4 on loppupeleiss\u00e4 t\u00e4rke\u00e4\u00e4 ja mik\u00e4 ei. Ja jotenkin se viattomuus heid\u00e4n silmiss\u00e4\u00e4n, mit\u00e4 yrit\u00e4n varjella loppuun asti.<\/p>\n<p>        <a itemprop=\"url\" href=\"https:\/\/www.seiska.fi\/kotimaa\/lotta-hintsa-itsesaalin-syovereissa-pusukuva\/1882319\" rel=\"nofollow noopener\" target=\"_blank\"><\/p>\n<p>\nLotta Hintsa\n<\/p>\n<p class=\"section-date\">\n        <strong class=\"article-section\" data-section=\"kotimaa\"><br \/>\n            kotimaa<br \/>\n        <\/strong><br \/>\n        28.7. 19:50\n    <\/p>\n<p>    Lotta Hintsa itses\u00e4\u00e4lin sy\u00f6vereiss\u00e4 \u2013 pusukuva<\/p>\n<p itemprop=\"description\" class=\"subtitle \">\n    Vuorikiipeilij\u00e4n mieliala laski kahden viikon sairastelun my\u00f6t\u00e4.\n<\/p>\n<p>        <\/a><\/p>\n<p>Kaksi lasta<\/p>\n<p class=\"article-content article-content-width !bg-background\">Sebastianilla on kaksi lasta ex-kihlattunsa  kanssa. Heille syntyi poika vuonna 2016 ja tytt\u00f6 vuonna 2019.<\/p>\n<p class=\"article-content article-content-width !bg-background\">Pariskunta erosi kolme vuotta sitten.<\/p>\n<p>        <a itemprop=\"url\" href=\"https:\/\/www.seiska.fi\/kotimaa\/sebastian-rejman-vilautteli-jalleen-sormustaan\/1901784\" rel=\"nofollow noopener\" target=\"_blank\"><\/p>\n<p>\nSebastian Rejman\n<\/p>\n<p class=\"section-date\">\n        <strong class=\"article-section\" data-section=\"kotimaa\"><br \/>\n            kotimaa<br \/>\n        <\/strong><br \/>\n        16.8. 17:30\n    <\/p>\n<p>    Sebastian Rejman vilautteli j\u00e4lleen sormustaan<\/p>\n<p itemprop=\"description\" class=\"subtitle \">\n    Julkkispari on her\u00e4tt\u00e4nyt ep\u00e4ilyj\u00e4 kihlauksesta jo aiemmin kes\u00e4ll\u00e4.\n<\/p>\n<p>        <\/a><\/p>\n<p>                <img decoding=\"async\" src=\"https:\/\/www.europesays.com\/fi\/wp-content\/uploads\/2025\/09\/1849522.webp\" width=\"576\" height=\"720\" alt=\"Lotta ja Sebastian ovat pit\u00e4neet yht\u00e4 jo pari vuotta.\" loading=\"lazy\" \/>            <\/p>\n<p>\n            Lotta ja Sebastian ovat pit\u00e4neet yht\u00e4 jo pari vuotta.<br \/>\n            Matti Matikainen\n        <\/p>\n<p>Erilainen vuosi<\/p>\n<p class=\"article-content article-content-width !bg-background\">Sebastian kertoi Seiskalle toukokuussa poikkeuksellisesta vuodestaan.<\/p>\n<p class=\"article-content article-content-width !bg-background\"> \u2013\u00a0Itse asiassa minulla on meneill\u00e4\u00e4n v\u00e4h\u00e4n iisimpi vuosi, koska Syke on kuvaustauolla, Sebastian kertoi suosikkisarjaan viitaten. <\/p>\n<p class=\"article-content article-content-width !bg-background\">Lotta valloittaa maailmalla vuoria ja joskus Sebastian joutuu olemaan yksin kotona.<\/p>\n<p class=\"article-content article-content-width !bg-background\"> \u2013 Eih\u00e4n se maailman siisteint\u00e4 ole, mutta n\u00e4m\u00e4 ovat omia valintoja. Vapaaehtoistahan t\u00e4m\u00e4 on, joten turha t\u00e4ss\u00e4 on mussuttaa, Sebu tuumasi Seiskalle toukokuussa.<\/p>\n<p>        <a itemprop=\"url\" href=\"https:\/\/www.seiska.fi\/kotimaa\/salakihlat-lotta-hintsan-ja-sebastian-rejmanin-kuvat-herattivat-epailykset\/1870310\" rel=\"nofollow noopener\" target=\"_blank\"><\/p>\n<p>\nEp\u00e4ilykset her\u00e4siv\u00e4t\n<\/p>\n<p class=\"section-date\">\n        <strong class=\"article-section\" data-section=\"kotimaa\"><br \/>\n            kotimaa<br \/>\n        <\/strong><br \/>\n        16.7. 16:00\n    <\/p>\n<p>    Salakihlat? Lotta Hintsan ja Sebastian Rejmanin kuvat her\u00e4ttiv\u00e4t ep\u00e4ilykset<\/p>\n<p itemprop=\"description\" class=\"subtitle \">\n    Pariskunnan viimeaikaiset reissujulkaisut saivat spekulaatiot suhteen tilasta roihahtamaan.\n<\/p>\n<p>        <\/a><\/p>\n<p class=\"italic m-italic article-content article-content-width !bg-background\">Toinen totuus -podcast Podimossa torstaisin.<\/p>\n","protected":false},"excerpt":{"rendered":"(150525) &#8212; Helsinki, May 15, 2025 \u2013 Sebastian Rejman and Lotta Hintsa poses for the camera during MLL&hellip;\n","protected":false},"author":2,"featured_media":31543,"comment_status":"","ping_status":"","sticky":false,"template":"","format":"standard","meta":{"footnotes":""},"categories":[136],"tags":[407,137,33,31,30,9313,2781,408,99,9214,98,3394,9215,32,3392,109],"class_list":{"0":"post-31542","1":"post","2":"type-post","3":"status-publish","4":"format-standard","5":"has-post-thumbnail","7":"category-julkkikset","8":"tag-celebrities","9":"tag-entertainment","10":"tag-fi","11":"tag-finland","12":"tag-finnish","13":"tag-iina-kuustonen","14":"tag-isyys","15":"tag-julkkikset","16":"tag-lapset","17":"tag-lotta-hintsa","18":"tag-perhe","19":"tag-pernilla-bockerman","20":"tag-sebastian-rejman","21":"tag-suomi","22":"tag-toinen-totuus","23":"tag-viihde"},"share_on_mastodon":{"url":"","error":""},"_links":{"self":[{"href":"https:\/\/www.europesays.com\/fi\/wp-json\/wp\/v2\/posts\/31542","targetHints":{"allow":["GET"]}}],"collection":[{"href":"https:\/\/www.europesays.com\/fi\/wp-json\/wp\/v2\/posts"}],"about":[{"href":"https:\/\/www.europesays.com\/fi\/wp-json\/wp\/v2\/types\/post"}],"author":[{"embeddable":true,"href":"https:\/\/www.europesays.com\/fi\/wp-json\/wp\/v2\/users\/2"}],"replies":[{"embeddable":true,"href":"https:\/\/www.europesays.com\/fi\/wp-json\/wp\/v2\/comments?post=31542"}],"version-history":[{"count":0,"href":"https:\/\/www.europesays.com\/fi\/wp-json\/wp\/v2\/posts\/31542\/revisions"}],"wp:featuredmedia":[{"embeddable":true,"href":"https:\/\/www.europesays.com\/fi\/wp-json\/wp\/v2\/media\/31543"}],"wp:attachment":[{"href":"https:\/\/www.europesays.com\/fi\/wp-json\/wp\/v2\/media?parent=31542"}],"wp:term":[{"taxonomy":"category","embeddable":true,"href":"https:\/\/www.europesays.com\/fi\/wp-json\/wp\/v2\/categories?post=31542"},{"taxonomy":"post_tag","embeddable":true,"href":"https:\/\/www.europesays.com\/fi\/wp-json\/wp\/v2\/tags?post=31542"}],"curies":[{"name":"wp","href":"https:\/\/api.w.org\/{rel}","templated":true}]}}