{"id":315428,"date":"2026-08-02T14:50:11","date_gmt":"2026-08-02T14:50:11","guid":{"rendered":"https:\/\/www.europesays.com\/fi\/315428\/"},"modified":"2026-08-02T14:50:11","modified_gmt":"2026-08-02T14:50:11","slug":"kelly-kalonji-32-orpolasta-kongossa-ja-sinkkukesa-suomessa","status":"publish","type":"post","link":"https:\/\/www.europesays.com\/fi\/315428\/","title":{"rendered":"Kelly Kalonji: 32 orpolasta Kongossa ja sinkkukes\u00e4 Suomessa"},"content":{"rendered":"<p>            Jani Korpela\n        <\/p>\n<p class=\"subtitle \">Kelly py\u00f6ritt\u00e4\u00e4 yli 30 lapsen orpokotia kotimaassaan Kongossa.<\/p>\n<p class=\"article-content article-content-width !bg-background\">Vuoden 2013 Miss Helsinkin\u00e4 tunnetuksi tullut realitykaunotar , 39, nauttii paraikaa ty\u00f6nt\u00e4yteisest\u00e4 sinkkukes\u00e4st\u00e4 Suomessa.\u00a0<\/p>\n<p class=\"font-weight-bold m-font-weight-bold article-content article-content-width !bg-background\">Katso my\u00f6s! Kelly Kalonjin vessanp\u00f6ntt\u00f6haaste Pacthousessa (2025):<\/p>\n<p class=\"article-content article-content-width !bg-background\">Kelly on vuosien mittaan tullut tunnetuksi erilaisten realityohjelmien vakiokasvona. Viimeksi h\u00e4net n\u00e4htiin vuoden 2025 loppupuolella kuvatussa Pacthouse-liveviihdekonseptissa, jossa h\u00e4n suoritti toinen toistaan \u00e4lytt\u00f6m\u00e4mpi\u00e4 teht\u00e4vi\u00e4 rahapalkintoja vastaan.<\/p>\n<p class=\"article-content article-content-width !bg-background\">Kes\u00e4ll\u00e4 fokus on pysynyt puolestaan sairaanhoitajaopinnoissa ja niihin kuuluvissa hoitoalan t\u00f6iss\u00e4, joista Kelly innostui noin nelj\u00e4 vuotta sitten muutettuaan Lontooseen.<\/p>\n<p>        <a itemprop=\"url\" href=\"https:\/\/www.seiska.fi\/kotimaa\/kelly-kalonji-katosi-julkisuudesta-yllattava-syy\/1383752\" rel=\"nofollow noopener\" target=\"_blank\"><\/p>\n<p class=\"section-date\">\n        <strong class=\"article-section\" data-section=\"kotimaa\"><br \/>\n            kotimaa<br \/>\n        <\/strong><br \/>\n        17.6.2024 19:00\n    <\/p>\n<p>Kelly Kalonji katosi julkisuudesta &#8211; yll\u00e4tt\u00e4v\u00e4 syy\n    <\/p>\n<p itemprop=\"description\" class=\"subtitle \">\n    Tosi-tv -t\u00e4hti on viett\u00e4nyt hiljaiseloa yll\u00e4tt\u00e4viss\u00e4 hommissa.\n<\/p>\n<p>        <\/a><\/p>\n<p class=\"article-content article-content-width !bg-background\"> \u2013 Huomasin silloin ett\u00e4 tykk\u00e4\u00e4n olla ihmisten kanssa tekemisiss\u00e4 ja auttaa muita. Sairaanhoitajanty\u00f6 on my\u00f6s sellainen ala, jota pystyn tekem\u00e4\u00e4n n\u00e4iden some- ja tv-hommien ohella.<\/p>\n<p>                <img decoding=\"async\" src=\"https:\/\/www.europesays.com\/fi\/wp-content\/uploads\/2026\/08\/2222865.webp\" width=\"576\" height=\"274\" alt=\"T\u00f6iden ja opintojen lis\u00e4ksi Kelly on nauttinut yst\u00e4viens\u00e4 seurasta ja kauniista terassikeleist\u00e4. Keskiviikkona (29.7.) Kelly n\u00e4ytt\u00e4ytyi kauniissa kes\u00e4mekossaan Suomen Kultareservin uuden liikkeen avajaisissa Helsingin Fredrikinkadulla. Kelly viett\u00e4\u00e4 edelleen toisinaan aikaa Lontoossa, mutta asuu t\u00e4ll\u00e4 hetkell\u00e4 vakituisesti Suomessa.\" loading=\"lazy\" \/>            <\/p>\n<p>\n            T\u00f6iden ja opintojen lis\u00e4ksi Kelly on nauttinut yst\u00e4viens\u00e4 seurasta ja kauniista terassikeleist\u00e4. Keskiviikkona (29.7.) Kelly n\u00e4ytt\u00e4ytyi kauniissa kes\u00e4mekossaan Suomen Kultareservin uuden liikkeen avajaisissa Helsingin Fredrikinkadulla. Kelly viett\u00e4\u00e4 edelleen toisinaan aikaa Lontoossa, mutta asuu t\u00e4ll\u00e4 hetkell\u00e4 vakituisesti Suomessa.<br \/>\n            Jani Korpela\n        <\/p>\n<p>32 lasta Kongossa!<\/p>\n<p class=\"article-content article-content-width !bg-background\">Toinen innostava tekij\u00e4 hoitoalankoulutukseen on Kellyn harvemmin julkisuudessa mainitsema ty\u00f6 h\u00e4nen synnyinmaassaan Kongossa: Kelly on py\u00f6ritt\u00e4nyt siell\u00e4 orpokotia jo vuodesta 2014.<\/p>\n<p>        <a itemprop=\"url\" href=\"https:\/\/www.seiska.fi\/kotimaa\/oho-kelly-kalonji-lahti-metsastamaan-f1-tahtea\/1582858\" rel=\"nofollow noopener\" target=\"_blank\"><\/p>\n<p class=\"section-date\">\n        <strong class=\"article-section\" data-section=\"kotimaa\"><br \/>\n            kotimaa<br \/>\n        <\/strong><br \/>\n        19.1.2025 08:00\n    <\/p>\n<p>Oho! Kelly Kalonji l\u00e4hti mets\u00e4st\u00e4m\u00e4\u00e4n F1-t\u00e4hte\u00e4\n    <\/p>\n<p itemprop=\"description\" class=\"subtitle \">\n    Julkkiskaunotar kiertelee projektin lopputulosta.\n<\/p>\n<p>        <\/a><\/p>\n<p class=\"article-content article-content-width !bg-background\"> \u2013 Kongossa ja muutenkin Afrikassa on iso tarve orpokodeille. Lapset tarvitsevat hoitoa ja sairaalavakuutuksia. Monet lapset joutuvat siell\u00e4 hyl\u00e4tyiksi, Kelly kertoo.<\/p>\n<p class=\"article-content article-content-width !bg-background\"> \u2013 Lastenkodissa on paljon vastuuta, mutta ne tarvitsevat minua. <\/p>\n<p>                <img decoding=\"async\" src=\"https:\/\/www.europesays.com\/fi\/wp-content\/uploads\/2026\/08\/2222873.webp\" width=\"576\" height=\"720\" alt=\"Kelly tekee joka joulu orpokodilleen ker\u00e4yksen, jossa toivoo saavansa riisi\u00e4, kirjoja ja kaikkea muuta mit\u00e4 lapset tarvitsevat.\" loading=\"lazy\" \/>            <\/p>\n<p>\n            Kelly tekee joka joulu orpokodilleen ker\u00e4yksen, jossa toivoo saavansa riisi\u00e4, kirjoja ja kaikkea muuta mit\u00e4 lapset tarvitsevat.<br \/>\n            Jani Korpela\n        <\/p>\n<p class=\"article-content article-content-width !bg-background\">Paraikaa Suomessa asuva Kelly vierailee Kongossa usein.<\/p>\n<p class=\"article-content article-content-width !bg-background\">\u2013 Siell\u00e4 on perheeni t\u00e4teineen ja enoineen, jotka py\u00f6ritt\u00e4v\u00e4t lastenkotia minun ollessa poissa.<\/p>\n<p>        <a itemprop=\"url\" href=\"https:\/\/www.seiska.fi\/kotimaa\/juha-miedon-ja-kelly-kalonjin-valille-syntyi-yllattava-yhteys-tasta-on-kyse\/1471489\" rel=\"nofollow noopener\" target=\"_blank\"><\/p>\n<p class=\"section-date\">\n        <strong class=\"article-section\" data-section=\"kotimaa\"><br \/>\n            kotimaa<br \/>\n        <\/strong><br \/>\n        28.9.2024 12:00\n    <\/p>\n<p>Juha Miedon ja Kelly Kalonjin v\u00e4lille syntyi yll\u00e4tt\u00e4v\u00e4 yhteys \u2013 t\u00e4st\u00e4 on kyse\n    <\/p>\n<p itemprop=\"description\" class=\"subtitle \">\n    Farmi Suomessa tutustuneen kaksikon kemiat eiv\u00e4t j\u00e4\u00e4neet huomaamatta.\n<\/p>\n<p>        <\/a><\/p>\n<p class=\"article-content article-content-width !bg-background\">Orpokodissa lapsia on t\u00e4ll\u00e4 hetkell\u00e4 32. Ne ovat Kellylle kaikki kuin omia.<\/p>\n<p class=\"article-content article-content-width !bg-background\">\u2013 Ne on mun lapsia!<\/p>\n<p class=\"article-content article-content-width !bg-background\"> \u2013 Minulta udellaan aina ett\u00e4 milloin menen naimisiin ja milloin saan lapsia, vaikka minullahan on jo! Minulla on yli 30 lasta orpokodissa ja sen lis\u00e4ksi viel\u00e4 sisarusteni lapset el\u00e4m\u00e4ss\u00e4ni, Kelly summaa.<\/p>\n<p class=\"article-content article-content-width !bg-background\">Sitten kun oikea kumppani l\u00f6ytyy, Kelly toivoo saavansa my\u00f6s biologisia lapsia.<\/p>\n<p>&#8221;Olen joutunut pettym\u00e4\u00e4n&#8221;<\/p>\n<p class=\"article-content article-content-width !bg-background\">Kellyn suhdekuviot nousivat otsikkoihin viimeksi loppuvuonna 2021, kun h\u00e4n erosi liikemies .<\/p>\n<p class=\"article-content article-content-width !bg-background\">Paraikaa sinkkuel\u00e4m\u00e4\u00e4 viett\u00e4v\u00e4 Kelly kertoo ettei varsinaisesti etsi uutta kumppania, mutta on avoinna oikealle ihmiselle, kun sellainen sattuu tulemaan vastaan.<\/p>\n<p>                <img decoding=\"async\" src=\"https:\/\/www.europesays.com\/fi\/wp-content\/uploads\/2026\/08\/2222934.webp\" width=\"576\" height=\"639\" alt=\"Kelly kruunattiin Miss Helsingiksi vuonna 2013. Kelly kertoo muistelevansa aikaa l\u00e4mm\u00f6ll\u00e4.\" loading=\"lazy\" \/>            <\/p>\n<p>\n            Kelly kruunattiin Miss Helsingiksi vuonna 2013. Kelly kertoo muistelevansa aikaa l\u00e4mm\u00f6ll\u00e4.<br \/>\n            Milla Leinonen\n        <\/p>\n<p class=\"article-content article-content-width !bg-background\">Tuleehan noita treffipyynt\u00f6j\u00e4, mutta nyt olen ollut fokusoitunut itseeni ja uraani.<\/p>\n<p class=\"article-content article-content-width !bg-background\">Unelmakumppanin piirteit\u00e4 h\u00e4n on kuitenkin py\u00f6ritellyt mieless\u00e4\u00e4n.<\/p>\n<p class=\"article-content article-content-width !bg-background\"> \u2013 Vaadin todella hyv\u00e4t arvot, olen joutunut pettym\u00e4\u00e4n niin monesti.<\/p>\n<p class=\"article-content article-content-width !bg-background\">Kellyn syd\u00e4men sulattaa kunnollinen, lempe\u00e4 ja kiltti herrasmies, joka on intohimoinen ja ahkera ty\u00f6ss\u00e4\u00e4n. Toistuvasta viikonloppujuhlimisesta tulee ehdottomia miinuspisteit\u00e4.<\/p>\n<p class=\"article-content article-content-width !bg-background\"> \u2013 Miss\u00e4 minun Romeoni on?! Kelly j\u00e4\u00e4 pohtimaan naurahtaen.<\/p>\n","protected":false},"excerpt":{"rendered":"Jani Korpela Kelly py\u00f6ritt\u00e4\u00e4 yli 30 lapsen orpokotia kotimaassaan Kongossa. Vuoden 2013 Miss Helsinkin\u00e4 tunnetuksi tullut realitykaunotar ,&hellip;\n","protected":false},"author":2,"featured_media":315429,"comment_status":"","ping_status":"","sticky":false,"template":"","format":"standard","meta":{"footnotes":"","_share_on_mastodon":"0"},"categories":[136],"tags":[407,137,33,31,30,408,20079,3703,212,40358,19612,9790,32,109],"class_list":["post-315428","post","type-post","status-publish","format-standard","has-post-thumbnail","category-julkkikset","tag-celebrities","tag-entertainment","tag-fi","tag-finland","tag-finnish","tag-julkkikset","tag-kelly-kalonji","tag-kongo","tag-lifestyle","tag-orpokoti","tag-sairaanhoitajaopinnot","tag-sinkkuelama","tag-suomi","tag-viihde"],"share_on_mastodon":{"url":"https:\/\/pubeurope.com\/@fi\/117026477336256957","error":""},"_links":{"self":[{"href":"https:\/\/www.europesays.com\/fi\/wp-json\/wp\/v2\/posts\/315428","targetHints":{"allow":["GET"]}}],"collection":[{"href":"https:\/\/www.europesays.com\/fi\/wp-json\/wp\/v2\/posts"}],"about":[{"href":"https:\/\/www.europesays.com\/fi\/wp-json\/wp\/v2\/types\/post"}],"author":[{"embeddable":true,"href":"https:\/\/www.europesays.com\/fi\/wp-json\/wp\/v2\/users\/2"}],"replies":[{"embeddable":true,"href":"https:\/\/www.europesays.com\/fi\/wp-json\/wp\/v2\/comments?post=315428"}],"version-history":[{"count":0,"href":"https:\/\/www.europesays.com\/fi\/wp-json\/wp\/v2\/posts\/315428\/revisions"}],"wp:featuredmedia":[{"embeddable":true,"href":"https:\/\/www.europesays.com\/fi\/wp-json\/wp\/v2\/media\/315429"}],"wp:attachment":[{"href":"https:\/\/www.europesays.com\/fi\/wp-json\/wp\/v2\/media?parent=315428"}],"wp:term":[{"taxonomy":"category","embeddable":true,"href":"https:\/\/www.europesays.com\/fi\/wp-json\/wp\/v2\/categories?post=315428"},{"taxonomy":"post_tag","embeddable":true,"href":"https:\/\/www.europesays.com\/fi\/wp-json\/wp\/v2\/tags?post=315428"}],"curies":[{"name":"wp","href":"https:\/\/api.w.org\/{rel}","templated":true}]}}