{"id":315432,"date":"2026-08-02T14:58:12","date_gmt":"2026-08-02T14:58:12","guid":{"rendered":"https:\/\/www.europesays.com\/fi\/315432\/"},"modified":"2026-08-02T14:58:12","modified_gmt":"2026-08-02T14:58:12","slug":"jvgn-jare-brand-ja-maria-vaimo-hurmasivat-tyylillaan-korkeasaaressa-kuvat","status":"publish","type":"post","link":"https:\/\/www.europesays.com\/fi\/315432\/","title":{"rendered":"JVG:n Jare Brand ja Maria-vaimo hurmasivat tyylill\u00e4\u00e4n Korkeasaaressa \u2013 kuvat"},"content":{"rendered":"<p>            KRISTIAN WALLIN\n        <\/p>\n<p class=\"subtitle \">El\u00e4intarhan ihmeist\u00e4 nauttinut pariskunta h\u00e4tk\u00e4hdytti tyylikkyydell\u00e4\u00e4n.<\/p>\n<p class=\"article-content article-content-width !bg-background\">JVG rap-duosta tuttu , 38, ja h\u00e4nen vaimonsa  viettiv\u00e4t yhteist\u00e4 perheaikaa kes\u00e4tunnelmissa.<\/p>\n<p class=\"font-weight-bold m-font-weight-bold article-content article-content-width !bg-background\">Video: Jare rep\u00e4isi karaokessa<\/p>\n<p class=\"article-content article-content-width !bg-background\">Jare ja somessa &#8221;Markkuna&#8221; tunnettu Maria kierteliv\u00e4t lastenrattaiden kanssa Korkeasaaren el\u00e4intarhassa keskiviikkona Helsingiss\u00e4 29. hein\u00e4kuuta.<\/p>\n<p class=\"article-content article-content-width !bg-background\">N\u00e4ytt\u00e4vi\u00e4 vanhempia ei ole hankala tunnistaa Seiskan salakuvista, sill\u00e4 heid\u00e4n rennot kes\u00e4tyylins\u00e4 eiv\u00e4t taatusti j\u00e4\u00e4 huomaamatta.<\/p>\n<p>Tatuoinnit esill\u00e4<\/p>\n<p class=\"article-content article-content-width !bg-background\">Jare oli sonnustautunut aurinkolaseihin ja v\u00e4lj\u00e4\u00e4n t-paitaan, sek\u00e4 v\u00e4rikk\u00e4\u00e4sti koristeltuun lakkiin, joka erottuu pist\u00e4v\u00e4sti Jaren asukokonaisuudesta.<\/p>\n<p class=\"article-content article-content-width !bg-background\">Vaaleat shortsit j\u00e4ttiv\u00e4t n\u00e4kyv\u00e4sti esille Jaren oikean jalan tatuoinnit. Pohkeessa koreilevat isolla kirjaimet JVG, ja sen alla puolestaan lukee isolla &#8221;K.O.I.R.A.&#8221;, joka viittaa r\u00e4pp\u00e4ri .<\/p>\n<p>        <a itemprop=\"url\" href=\"https:\/\/www.seiska.fi\/kotimaa\/erikoinen-haapaljastus-jare-brandin-maria-rakas-yllattaa\/1898698\" rel=\"nofollow noopener\" target=\"_blank\"><\/p>\n<p>\nJare Brandin Maria-rakas\n<\/p>\n<p class=\"section-date\">\n        <strong class=\"article-section\" data-section=\"kotimaa\"><br \/>\n            kotimaa<br \/>\n        <\/strong><br \/>\n        13.8.2025 15:01\n    <\/p>\n<p>Erikoinen h\u00e4\u00e4paljastus! Jare Brandin Maria-rakas yll\u00e4tt\u00e4\u00e4\n    <\/p>\n<p itemprop=\"description\" class=\"subtitle \">\n    Yksityiskohta selvisi yll\u00e4tt\u00e4v\u00e4ss\u00e4 asiayhteydess\u00e4.\n<\/p>\n<p>        <\/a><\/p>\n<p>                <img decoding=\"async\" src=\"https:\/\/www.europesays.com\/fi\/wp-content\/uploads\/2026\/08\/2222495.webp\" width=\"576\" height=\"639\" alt=\"Pariskunta tutkaili kartasta Korkeasaaren mutkikkaita polkuja iltakuuden aikaan tiistaina.\" loading=\"lazy\" \/>            <\/p>\n<p>\n            Pariskunta tutkaili kartasta Korkeasaaren mutkikkaita polkuja iltakuuden aikaan tiistaina.<br \/>\n            Henryk Bj\u00f6rkstr\u00f6m\n        <\/p>\n<p>Upea vintagel\u00f6yt\u00f6<\/p>\n<p class=\"article-content article-content-width !bg-background\">Maria puolestaan oli valinnut p\u00e4\u00e4h\u00e4ns\u00e4 helles\u00e4\u00e4h\u00e4n sopivan sinisen huivin, jonka oli kietonut niin, ett\u00e4 h\u00e4nen hiuksensa j\u00e4iv\u00e4t vapaasti ja vaivattomasti hulmuamaan selk\u00e4puolelle.\u00a0<\/p>\n<p class=\"article-content article-content-width !bg-background\">Yll\u00e4\u00e4n Marialla oli Adidaksen 1980-luvun lopun vaateharvinaisuus; collegepaita, jonka selk\u00e4mykseen on painettu printti &#8221;Helsinki 1952&#8221; ja olympiarenkaat. Keski\u00f6ss\u00e4 koreilee  patsas.<\/p>\n<p class=\"article-content article-content-width !bg-background\">Paidan etupuolelle j\u00e4\u00e4 &#8221;Stockholm 1956&#8221; ja olympiarenkaiden v\u00e4rein hohtava raitakuviointi. Vastaavanlaista ei kadulla tule ihan heti vastaan, ja hyv\u00e4kuntoisena s\u00e4ilyneest\u00e4 paidasta joutuu pulittamaan verkkokaupoissa jopa parisataa euroa.<\/p>\n<p class=\"tiktok-embed-container article-content article-content-width !bg-background\">Markku on selv\u00e4sti tyk\u00e4stynyt mallistoon, sill\u00e4 h\u00e4n on viime vuoden kev\u00e4\u00e4ll\u00e4 esitellyt vastaavanlaista vetoketjullista takkia\u00a0<a href=\"https:\/\/www.tiktok.com\/@markkubrand\/video\/7486060867474279702\" target=\"_blank\" rel=\"nofollow noopener\">Tiktok-tilill\u00e4\u00e4n<\/a>.<\/p>\n<p class=\"article-content article-content-width !bg-background\">Maria on my\u00f6s kertonut hiljattain Tiktokissa, ett\u00e4 h\u00e4nell\u00e4 on meneill\u00e4n &#8221;huivi-era&#8221;, eli h\u00e4n suosii t\u00e4ll\u00e4 hetkell\u00e4 pukeutumisessaan erityisesti huiveja. <\/p>\n<p>        <a itemprop=\"url\" href=\"https:\/\/www.seiska.fi\/vain-seiskassa\/jvgn-jare-brand-repaisi-karaokessa-kuva\/2143752\" rel=\"nofollow noopener\" target=\"_blank\"><\/p>\n<p>\nJVG:n Jare Brand\n<\/p>\n<p class=\"section-date\">\n        <strong class=\"article-section\" data-section=\"vain seiskassa\"><br \/>\n            vain seiskassa<br \/>\n        <\/strong><br \/>\n        6.5. 07:00\n    <\/p>\n<p>JVG:n Jare Brand rep\u00e4isi karaokessa \u2013 kuva!\n    <\/p>\n<p itemprop=\"description\" class=\"subtitle \">\n    JVG-b\u00e4ndist\u00e4 tuttu Jare Brand yll\u00e4tti helsinkil\u00e4isess\u00e4 karaokebaarissa vappuaattona.\n<\/p>\n<p>        <\/a><\/p>\n<p>                <img decoding=\"async\" src=\"https:\/\/www.europesays.com\/fi\/wp-content\/uploads\/2026\/08\/2222497.webp\" width=\"576\" height=\"639\" alt=\"Stailistina tunnettu Maria ei todellakaan ollut kiskonyt ylleen pillifarkkuja, vaan vintage-paita sai kaverikseen vimmatusti hulmuavat v\u00e4lj\u00e4t p\u00f6ksyt. Jare-is\u00e4 ty\u00f6nteli rattaita.\" loading=\"lazy\" \/>            <\/p>\n<p>\n            Stailistina tunnettu Maria ei todellakaan ollut kiskonyt ylleen pillifarkkuja, vaan vintage-paita sai kaverikseen vimmatusti hulmuavat v\u00e4lj\u00e4t p\u00f6ksyt. Jare-is\u00e4 ty\u00f6nteli rattaita.<br \/>\n            Henryk Bj\u00f6rkstr\u00f6m\n        <\/p>\n<p>Tinkim\u00e4t\u00f6nt\u00e4 tyylikkyytt\u00e4<\/p>\n<p class=\"article-content article-content-width !bg-background\">Pariskunnan kumpikin osapuoli tunnetaan tinkim\u00e4tt\u00f6m\u00e4st\u00e4 tyylikkyydest\u00e4\u00e4n.<\/p>\n<p class=\"article-content article-content-width !bg-background\">Jare on monet kerrat h\u00e4ik\u00e4issyt muotin\u00e4ytteill\u00e4\u00e4n punaisella matolla pr-tapahtumissa ja gaaloissa.<\/p>\n<p class=\"article-content article-content-width !bg-background\">Stailistina ja tiktokkaajana tunnettu Maria puolestaan jakaa trendikk\u00e4it\u00e4 asukokonaisuuksiaan Tiktokissa yli 22 200 seuraajalleen.<\/p>\n<p>        <a itemprop=\"url\" href=\"https:\/\/www.seiska.fi\/kotimaa\/paljonpuhuva-video-jvgn-jare-brand-narahti-lahden-lauantai-illassa-tassa-syy\/2184696\" rel=\"nofollow noopener\" target=\"_blank\"><\/p>\n<p>\nPaljonpuhuva video!\n<\/p>\n<p class=\"section-date\">\n        <strong class=\"article-section\" data-section=\"kotimaa\"><br \/>\n            kotimaa<br \/>\n        <\/strong><br \/>\n        18.6. 17:00\n    <\/p>\n<p>Paljonpuhuva video! JVG:n Jare Brand narahti Lahden lauantai-illassa \u2013 t\u00e4ss\u00e4 syy\n    <\/p>\n<p itemprop=\"description\" class=\"subtitle \">\n    Seiskan reportteri bongasi suosikkir\u00e4pp\u00e4rin paljonpuhuvissa tunnelmissa.\n<\/p>\n<p>        <\/a><\/p>\n<p><script async src=\"\/\/www.tiktok.com\/embed.js\"><\/script><\/p>\n","protected":false},"excerpt":{"rendered":"KRISTIAN WALLIN El\u00e4intarhan ihmeist\u00e4 nauttinut pariskunta h\u00e4tk\u00e4hdytti tyylikkyydell\u00e4\u00e4n. JVG rap-duosta tuttu , 38, ja h\u00e4nen vaimonsa viettiv\u00e4t yhteist\u00e4&hellip;\n","protected":false},"author":2,"featured_media":315433,"comment_status":"","ping_status":"","sticky":false,"template":"","format":"standard","meta":{"footnotes":"","_share_on_mastodon":"0"},"categories":[130],"tags":[2639,137,33,31,30,3047,1766,17322,40359,106,33094,6249,32,2677,107,109,7763],"class_list":["post-315432","post","type-post","status-publish","format-standard","has-post-thumbnail","category-viihde","tag-asu","tag-entertainment","tag-fi","tag-finland","tag-finnish","tag-jare-brand","tag-jvg","tag-korkeasaari","tag-maria-brand","tag-muoti","tag-paavo-nurmi","tag-salakuva","tag-suomi","tag-tyyli","tag-vaatteet","tag-viihde","tag-vintage"],"share_on_mastodon":{"url":"https:\/\/pubeurope.com\/@fi\/117026509041036200","error":""},"_links":{"self":[{"href":"https:\/\/www.europesays.com\/fi\/wp-json\/wp\/v2\/posts\/315432","targetHints":{"allow":["GET"]}}],"collection":[{"href":"https:\/\/www.europesays.com\/fi\/wp-json\/wp\/v2\/posts"}],"about":[{"href":"https:\/\/www.europesays.com\/fi\/wp-json\/wp\/v2\/types\/post"}],"author":[{"embeddable":true,"href":"https:\/\/www.europesays.com\/fi\/wp-json\/wp\/v2\/users\/2"}],"replies":[{"embeddable":true,"href":"https:\/\/www.europesays.com\/fi\/wp-json\/wp\/v2\/comments?post=315432"}],"version-history":[{"count":0,"href":"https:\/\/www.europesays.com\/fi\/wp-json\/wp\/v2\/posts\/315432\/revisions"}],"wp:featuredmedia":[{"embeddable":true,"href":"https:\/\/www.europesays.com\/fi\/wp-json\/wp\/v2\/media\/315433"}],"wp:attachment":[{"href":"https:\/\/www.europesays.com\/fi\/wp-json\/wp\/v2\/media?parent=315432"}],"wp:term":[{"taxonomy":"category","embeddable":true,"href":"https:\/\/www.europesays.com\/fi\/wp-json\/wp\/v2\/categories?post=315432"},{"taxonomy":"post_tag","embeddable":true,"href":"https:\/\/www.europesays.com\/fi\/wp-json\/wp\/v2\/tags?post=315432"}],"curies":[{"name":"wp","href":"https:\/\/api.w.org\/{rel}","templated":true}]}}