{"id":315488,"date":"2026-08-02T16:47:11","date_gmt":"2026-08-02T16:47:11","guid":{"rendered":"https:\/\/www.europesays.com\/fi\/315488\/"},"modified":"2026-08-02T16:47:11","modified_gmt":"2026-08-02T16:47:11","slug":"ihminen-joutui-veden-varaan-iisalmessa-savo","status":"publish","type":"post","link":"https:\/\/www.europesays.com\/fi\/315488\/","title":{"rendered":"Ihminen joutui veden varaan Iisalmessa | Savo"},"content":{"rendered":"<p>Sup-lautailija joutui veden varaan sunnuntaina Iisalmessa, kun h\u00e4nen lautansa kaatui. Pelastuslaitos sai h\u00e4lytyksen teht\u00e4v\u00e4lle noin kello 16.40.<\/p>\n<p>Onnettomuus tapahtui noin puoli kilometri\u00e4 Iisalmen satamasta. P\u00e4ivyst\u00e4v\u00e4 palomestari <strong>Tuomas Kuikka<\/strong> kertoo, ett\u00e4 sivullinen oli kuullut lautailijan avunhuudot ja otti yhteytt\u00e4 pelastuslaitokseen.<\/p>\n<p>Paikalle saapuneet pelastajat hakivat henkil\u00f6n turvaan moottoriveneell\u00e4. Satamassa h\u00e4n k\u00e4vi tarkastettavana ambulanssissa, jonka henkil\u00f6kunta totesi lautailijan selvinneen vammoitta. H\u00e4n ehti olla 20-asteisessa vedess\u00e4 noin parikymment\u00e4 minuuttia.<\/p>\n<p>\u2013\u2009H\u00e4n oli hieman ehtinyt kylmetty\u00e4, mutta kaikki oli muuten hyvin, Kuikka sanoo.<\/p>\n<p>\t\t<a class=\"diks-gallery__link\" href=\"https:\/\/i.media.fi\/incoming\/ovjy5m\/11596118.jpg\/alternates\/FREE_1440\/11596118.jpg\" data-thumbnail=\"\" data-sub-html=\"Kun vene oli saatu veteen, p\u00e4\u00e4siv\u00e4t pelastajat ripe\u00e4sti lautailijan luo, palomestari kertoo. Tommi Turunen\" aria-label=\"Katso isompi kuva\" rel=\"nofollow noopener\" target=\"_blank\"><br \/>\n\t\t\t\t<img class=\"diks-figure__image\" src=\"https:\/\/www.europesays.com\/fi\/wp-content\/uploads\/2026\/08\/11596118.jpg\" loading=\"lazy\" decoding=\"sync\" alt=\"\"\/><\/p>\n<p>\t\t\t<\/a><br \/>\n\t\t\t\t\tKun vene oli saatu veteen, p\u00e4\u00e4siv\u00e4t pelastajat ripe\u00e4sti lautailijan luo, palomestari kertoo. Tommi Turunen<\/p>\n<p>Vesipelastusteht\u00e4v\u00e4lle h\u00e4lytettiin kaikkiaan kuusi yksikk\u00f6\u00e4 Iisalmesta, Kiuruvedelt\u00e4 ja Kuopiosta. Syyt\u00e4 laudan kaatumiseen ei toistaiseksi tiedet\u00e4.<\/p>\n","protected":false},"excerpt":{"rendered":"Sup-lautailija joutui veden varaan sunnuntaina Iisalmessa, kun h\u00e4nen lautansa kaatui. Pelastuslaitos sai h\u00e4lytyksen teht\u00e4v\u00e4lle noin kello 16.40. Onnettomuus&hellip;\n","protected":false},"author":2,"featured_media":315489,"comment_status":"","ping_status":"","sticky":false,"template":"","format":"standard","meta":{"footnotes":"","_share_on_mastodon":"0"},"categories":[12],"tags":[22,23,26,27,33,31,30,17,4892,24,25,28,29,15,837,120,18,21,32,19,20,16,2568],"class_list":["post-315488","post","type-post","status-publish","format-standard","has-post-thumbnail","category-suomi","tag-breaking-news","tag-breakingnews","tag-featured-news","tag-featurednews","tag-fi","tag-finland","tag-finnish","tag-headlines","tag-iisalmi","tag-latest-news","tag-latestnews","tag-main-news","tag-mainnews","tag-news","tag-onnettomuudet","tag-onnettomuustapaus","tag-otsikot","tag-paauutiset","tag-suomi","tag-top-stories","tag-topstories","tag-uutiset","tag-vesiliikenne"],"share_on_mastodon":{"url":"https:\/\/pubeurope.com\/@fi\/117026937503454661","error":""},"_links":{"self":[{"href":"https:\/\/www.europesays.com\/fi\/wp-json\/wp\/v2\/posts\/315488","targetHints":{"allow":["GET"]}}],"collection":[{"href":"https:\/\/www.europesays.com\/fi\/wp-json\/wp\/v2\/posts"}],"about":[{"href":"https:\/\/www.europesays.com\/fi\/wp-json\/wp\/v2\/types\/post"}],"author":[{"embeddable":true,"href":"https:\/\/www.europesays.com\/fi\/wp-json\/wp\/v2\/users\/2"}],"replies":[{"embeddable":true,"href":"https:\/\/www.europesays.com\/fi\/wp-json\/wp\/v2\/comments?post=315488"}],"version-history":[{"count":0,"href":"https:\/\/www.europesays.com\/fi\/wp-json\/wp\/v2\/posts\/315488\/revisions"}],"wp:featuredmedia":[{"embeddable":true,"href":"https:\/\/www.europesays.com\/fi\/wp-json\/wp\/v2\/media\/315489"}],"wp:attachment":[{"href":"https:\/\/www.europesays.com\/fi\/wp-json\/wp\/v2\/media?parent=315488"}],"wp:term":[{"taxonomy":"category","embeddable":true,"href":"https:\/\/www.europesays.com\/fi\/wp-json\/wp\/v2\/categories?post=315488"},{"taxonomy":"post_tag","embeddable":true,"href":"https:\/\/www.europesays.com\/fi\/wp-json\/wp\/v2\/tags?post=315488"}],"curies":[{"name":"wp","href":"https:\/\/api.w.org\/{rel}","templated":true}]}}