{"id":31550,"date":"2025-09-11T04:42:09","date_gmt":"2025-09-11T04:42:09","guid":{"rendered":"https:\/\/www.europesays.com\/fi\/31550\/"},"modified":"2025-09-11T04:42:09","modified_gmt":"2025-09-11T04:42:09","slug":"susijengin-em-haaveille-tyrmays-saksasta-mikael-jantusen-ex-joukkuekaveri-ja-lauri-markkasen-pimentaja-tylyina-urheilu","status":"publish","type":"post","link":"https:\/\/www.europesays.com\/fi\/31550\/","title":{"rendered":"Susijengin EM-haaveille tyrm\u00e4ys Saksasta \u2013 Mikael Jantusen ex-joukkuekaveri ja Lauri Markkasen piment\u00e4j\u00e4 tylyin\u00e4 | Urheilu"},"content":{"rendered":"<p class=\"aw-1gybjub aw-5vja16 cmIuaG zKETg yle__article__paragraph\">Saksan joukkueessa tiedet\u00e4\u00e4n Mikael Jantusen kyvyt. H\u00e4nelle ja Lauri Markkaselle tavoitellaan kuitenkin taas yht\u00e4 kylm\u00e4\u00e4 kyyti\u00e4 EM-v\u00e4lier\u00e4ss\u00e4 kuin oli Tampereen alkulohkossa.<\/p>\n<p><img decoding=\"async\" alt=\"Maodo Lo koripallon EM-puoliv\u00e4lier\u00e4ss\u00e4 Sloveniaa vastaan.\" src=\"https:\/\/www.europesays.com\/fi\/wp-content\/uploads\/2025\/09\/39-152051468c1ef843d857.jpeg\" class=\"aw-1l9m598 hKVVvP\"\/><\/p>\n<p>Avaa kuvien katselu<\/p>\n<p>Maodo Lo koripallon EM-puoliv\u00e4lier\u00e4ss\u00e4 Sloveniaa vastaan. Nyt h\u00e4n saa toista kertaa vastakkain ex-joukkuekaverinsa Mikael Jantusen, mutta linjasi tiukasti Suomen mahdollisuuksista. Kuva: Tomi H\u00e4nninen<\/p>\n<p class=\"aw-1gybjub aw-1p7kakr cmIuaG fmSRng yle__article__paragraph\"><strong class=\"aw-ak79eh KyCXm yle__article__strong\">RIIKA.<\/strong><\/p>\n<p class=\"aw-1gybjub aw-1p7kakr cmIuaG fmSRng yle__article__paragraph\">Suomen miesten koripallomaajoukkue selvitti tiens\u00e4 historiallisesti EM-kisoissa mitalipeleihin, kun Susijengi kaatoi Georgian puoliv\u00e4lier\u00e4ss\u00e4.<\/p>\n<p class=\"aw-1gybjub aw-1p7kakr cmIuaG fmSRng yle__article__paragraph\">Seuraavaksi vastaan asettuu perjantain v\u00e4lier\u00e4ss\u00e4 hallitseva maailmanmestari Saksa.<\/p>\n<p class=\"aw-1gybjub aw-1p7kakr cmIuaG fmSRng yle__article__paragraph\">Suomi k\u00e4rsi Tampereen alkulohkossa jo rajun 30 pisteen tappion Saksalle.<\/p>\n<p class=\"aw-1gybjub aw-1p7kakr cmIuaG fmSRng yle__article__paragraph\">Tuolloin <strong class=\"aw-ak79eh KyCXm yle__article__strong\">Lauri<\/strong> <strong class=\"aw-ak79eh KyCXm yle__article__strong\">Markkasen<\/strong> pihteihins\u00e4 ottanut <strong class=\"aw-ak79eh KyCXm yle__article__strong\">Isaac<\/strong> <strong class=\"aw-ak79eh KyCXm yle__article__strong\">Bonga<\/strong> laukoi kovaa teksti\u00e4 saksalaismedialle. Bonga kertoi toivovansa, ett\u00e4 Markkanen n\u00e4kisi painajaisia h\u00e4nest\u00e4.<\/p>\n<p class=\"aw-1gybjub aw-1p7kakr cmIuaG fmSRng yle__article__paragraph\">Markkanen j\u00e4i Saksaa vastaan Tampereella vain 11 pisteeseen osuen pelitilanneheitot vaatimattomasti 4\/15.<\/p>\n<p class=\"aw-1gybjub aw-1p7kakr cmIuaG fmSRng yle__article__paragraph\">Kun Yle tavoitti Bongan Riian areenassa keskiviikkoiltana, vastaus oli ytimekk\u00e4\u00e4n selke\u00e4 painajaistoiveista.<\/p>\n<p class=\"aw-1gybjub aw-1p7kakr cmIuaG fmSRng yle__article__paragraph\">\u2013 Tavoite on sama, Bonga sanoi.<\/p>\n<p class=\"aw-1gybjub aw-1p7kakr cmIuaG fmSRng yle__article__paragraph\">Toisaalta Bonga odottaa erilaista Suomea vastaan kuin alkulohkossa.<\/p>\n<p class=\"aw-1gybjub aw-1p7kakr cmIuaG fmSRng yle__article__paragraph\">\u2013 Suomella on nyt niin sanottu momentum. Suomi tulee olemaan aika n\u00e4lk\u00e4inen, Bonga povasi.<\/p>\n<p><img decoding=\"async\" alt=\"Luka Doncic koripallon EM-v\u00e4lier\u00e4ss\u00e4 Saksaa vastaan.\" src=\"https:\/\/www.europesays.com\/fi\/wp-content\/uploads\/2025\/09\/39-152051568c1ef8724f50.jpeg\" loading=\"lazy\" class=\"aw-1l9m598 hKVVvP\"\/><\/p>\n<p>Avaa kuvien katselu<\/p>\n<p>Luka Doncic paukutti Isaac Bongaa ja Saksaa vastaan 39 pistett\u00e4, mutta Saksa kaatoi puoliv\u00e4lier\u00e4ss\u00e4 Slovenian 99\u201391. Kuva: Tomi H\u00e4nninen<img decoding=\"async\" alt=\"Isaac Bonga puolustaa Lauri Markkasta.\" src=\"https:\/\/www.europesays.com\/fi\/wp-content\/uploads\/2025\/09\/39-151707468b8d6571427e.jpeg\" loading=\"lazy\" class=\"aw-1l9m598 hKVVvP\"\/><\/p>\n<p>Avaa kuvien katselu<\/p>\n<p>Lauri Markkanen pysyi paremmin pihdeiss\u00e4 Tampereella viime viikolla. Kuva: Tomi H\u00e4nninen<\/p>\n<p class=\"aw-1gybjub aw-1p7kakr cmIuaG fmSRng yle__article__paragraph\"><strong class=\"aw-ak79eh KyCXm yle__article__strong\">Mikael Jantusen<\/strong> viime kauden joukkuekaveri <strong class=\"aw-ak79eh KyCXm yle__article__strong\">Maodo<\/strong> <strong class=\"aw-ak79eh KyCXm yle__article__strong\">Lo<\/strong> laukoi kuitenkin tyrm\u00e4\u00e4v\u00e4\u00e4 teksti\u00e4, kun Yle kysyi, odottaako h\u00e4n tiukempaa matsia kuin Tampereella.<\/p>\n<p class=\"aw-1gybjub aw-1p7kakr cmIuaG fmSRng yle__article__paragraph\">\u2013 Toivottavasti ei, Lo linjasi tylysti.<\/p>\n<p class=\"aw-1gybjub aw-1p7kakr cmIuaG fmSRng yle__article__paragraph\">Saksalaistakamiehen silm\u00e4t syttyiv\u00e4t kuitenkin kunnolla, kun h\u00e4nelt\u00e4 kysyi Mikael Jantusesta. H\u00e4nen entinen joukkuekaverinsa on loistanut n\u00e4iss\u00e4 EM-kisoissa. Georgiaa vastaan Jantunen oli jopa Suomen paras pistemies ennen Markkasta.<\/p>\n<p class=\"aw-1gybjub aw-1p7kakr cmIuaG fmSRng yle__article__paragraph\">\u2013 Mikael Jantunen, my man! H\u00e4n on upea tyyppi. Minulla oli hauskaa h\u00e4nen kanssaan viime kaudella. Tulee hyv\u00e4 peli, Paris Basketballissa yhdess\u00e4 Jantusen kanssa pelannut Lo syttyi hehkuttamaan.<\/p>\n<p><img decoding=\"async\" alt=\"Mikael Jantunen koripallokent\u00e4ll\u00e4 kyyn\u00e4rp\u00e4\u00e4 teipattuna. \" src=\"https:\/\/www.europesays.com\/fi\/wp-content\/uploads\/2025\/09\/39-152043868c1931293339.jpeg\" loading=\"lazy\" class=\"aw-1l9m598 hKVVvP\"\/><\/p>\n<p>Avaa kuvien katselu<\/p>\n<p>Mikael Jantusen kyvyt tiedet\u00e4\u00e4n varsin hyvin Saksan joukkueessa, miss\u00e4 pelaa kaksi h\u00e4nen vanhaa joukkukaveriaan. Kuva: Tomi H\u00e4nninen \/ ChiliPictures<\/p>\n<p class=\"aw-1gybjub aw-1p7kakr cmIuaG fmSRng yle__article__paragraph\">Rauhallisimmin Saksan tilanteeseen suhtautuu sentteri <strong class=\"aw-ak79eh KyCXm yle__article__strong\">Leon<\/strong> <strong class=\"aw-ak79eh KyCXm yle__article__strong\">Kratzer<\/strong>. H\u00e4n uskoo EM-kisojen v\u00e4lier\u00e4st\u00e4 tulevan kova ja suitsuttaa suomalaisyleis\u00f6n kovan kannustuksen vaikutusta. Jantusellekin l\u00e4htev\u00e4t kovat kehut.<\/p>\n<p class=\"aw-1gybjub aw-1p7kakr cmIuaG fmSRng yle__article__paragraph\">\u2013 Mikael on uskomaton ihminen. H\u00e4nest\u00e4 tekee viel\u00e4 erityisen se, ett\u00e4 Mikael pelaa my\u00f6s hienoa koripalloa.<\/p>\n<p class=\"aw-1gybjub aw-1p7kakr cmIuaG fmSRng yle__article__paragraph\">Kratzer pelasi Jantusen kanssa Paris Basketballissa, kun he voittivat muun muassa Euroopan kakkossarjan Eurocupin ja Ranskan mestaruuden kahdella edelliskaudella.<\/p>\n<p class=\"aw-1gybjub aw-1p7kakr cmIuaG fmSRng yle__article__paragraph\">\u2013 Voitimme Mikaelin takia pokaaleja. Mikael tekee paljon n\u00e4kym\u00e4t\u00f6nt\u00e4 ty\u00f6t\u00e4, Bayern M\u00fcncheniin tulevalle kaudelle siirtyv\u00e4 Kratzer sanoi.<\/p>\n<p class=\"aw-1gybjub aw-1p7kakr cmIuaG fmSRng yle__article__paragraph\">Suomi ja Saksa kohtaavat koripallon EM-v\u00e4lier\u00e4ss\u00e4 perjantaina kello 17.00 alkaen.<\/p>\n","protected":false},"excerpt":{"rendered":"Saksan joukkueessa tiedet\u00e4\u00e4n Mikael Jantusen kyvyt. H\u00e4nelle ja Lauri Markkaselle tavoitellaan kuitenkin taas yht\u00e4 kylm\u00e4\u00e4 kyyti\u00e4 EM-v\u00e4lier\u00e4ss\u00e4 kuin&hellip;\n","protected":false},"author":2,"featured_media":31551,"comment_status":"","ping_status":"","sticky":false,"template":"","format":"standard","meta":{"footnotes":""},"categories":[158],"tags":[33,31,30,1702,6016,1905,9315,159,32,1901,160],"class_list":{"0":"post-31550","1":"post","2":"type-post","3":"status-publish","4":"format-standard","5":"has-post-thumbnail","7":"category-urheilu","8":"tag-fi","9":"tag-finland","10":"tag-finnish","11":"tag-koripallo","12":"tag-koripallon-em-2025","13":"tag-lauri-markkanen","14":"tag-mikael-jantunen","15":"tag-sports","16":"tag-suomi","17":"tag-susijengi","18":"tag-urheilu"},"share_on_mastodon":{"url":"","error":""},"_links":{"self":[{"href":"https:\/\/www.europesays.com\/fi\/wp-json\/wp\/v2\/posts\/31550","targetHints":{"allow":["GET"]}}],"collection":[{"href":"https:\/\/www.europesays.com\/fi\/wp-json\/wp\/v2\/posts"}],"about":[{"href":"https:\/\/www.europesays.com\/fi\/wp-json\/wp\/v2\/types\/post"}],"author":[{"embeddable":true,"href":"https:\/\/www.europesays.com\/fi\/wp-json\/wp\/v2\/users\/2"}],"replies":[{"embeddable":true,"href":"https:\/\/www.europesays.com\/fi\/wp-json\/wp\/v2\/comments?post=31550"}],"version-history":[{"count":0,"href":"https:\/\/www.europesays.com\/fi\/wp-json\/wp\/v2\/posts\/31550\/revisions"}],"wp:featuredmedia":[{"embeddable":true,"href":"https:\/\/www.europesays.com\/fi\/wp-json\/wp\/v2\/media\/31551"}],"wp:attachment":[{"href":"https:\/\/www.europesays.com\/fi\/wp-json\/wp\/v2\/media?parent=31550"}],"wp:term":[{"taxonomy":"category","embeddable":true,"href":"https:\/\/www.europesays.com\/fi\/wp-json\/wp\/v2\/categories?post=31550"},{"taxonomy":"post_tag","embeddable":true,"href":"https:\/\/www.europesays.com\/fi\/wp-json\/wp\/v2\/tags?post=31550"}],"curies":[{"name":"wp","href":"https:\/\/api.w.org\/{rel}","templated":true}]}}