{"id":31562,"date":"2025-09-11T05:01:08","date_gmt":"2025-09-11T05:01:08","guid":{"rendered":"https:\/\/www.europesays.com\/fi\/31562\/"},"modified":"2025-09-11T05:01:08","modified_gmt":"2025-09-11T05:01:08","slug":"susanna-sievisen-avoin-terveystilitys-vaara-laakitys-laukaisi-manian","status":"publish","type":"post","link":"https:\/\/www.europesays.com\/fi\/31562\/","title":{"rendered":"Susanna Sievisen avoin terveystilitys: V\u00e4\u00e4r\u00e4 l\u00e4\u00e4kitys laukaisi manian"},"content":{"rendered":"<p>            Petri Voutilainen\n        <\/p>\n<p class=\"subtitle \">Kesti l\u00e4hes kuusi vuotta ennen kuin Susannalle l\u00f6ydettiin oikea l\u00e4\u00e4kitys.<\/p>\n<p class=\"article-content article-content-width !bg-background\">L\u00e4hes kymmenen<br \/>\nvuotta hiljaiseloa el\u00e4nyt ex-missi  ei ujostele kameran edess\u00e4.\u00a0<\/p>\n<p class=\"article-content article-content-width !bg-background\">Satoja kuvauksia<br \/>\nmalliuransa aikana tehnyt Susanna vaihtaa tottuneesti ilmett\u00e4, ettei<br \/>\nyhdest\u00e4k\u00e4\u00e4n kuvasta tulisi samanlainen.<\/p>\n<p class=\"article-content article-content-width !bg-background\">Kuvaukset<br \/>\ntapahtuvat Susannan \u00e4idin omistaman asunnon uima-altaalla Espanjan Aurinkorannikolla sek\u00e4<br \/>\nl\u00e4heisell\u00e4 rannalla.\u00a0<\/p>\n<p class=\"article-content article-content-width !bg-background\">Susanna on auringon l\u00e4mm\u00f6ss\u00e4 kirjoittamassa<br \/>\nel\u00e4m\u00e4kertakirjaansa Altaan partaalla, jossa h\u00e4n k\u00e4sittelee yhteist\u00e4 el\u00e4m\u00e4\u00e4ns\u00e4<br \/>\nex-miehens\u00e4 ja lastensa is\u00e4n, huippu-uimari  kanssa. He erosivat vuonna 2006.<\/p>\n<p>        <a itemprop=\"url\" href=\"https:\/\/www.seiska.fi\/kotimaa\/jani-sievinen-yllatysero-olisin-halunnut-jatkaa\/1903222\" rel=\"nofollow noopener\" target=\"_blank\"><\/p>\n<p>\nJani Sievinen\n<\/p>\n<p class=\"section-date\">\n        <strong class=\"article-section\" data-section=\"kotimaa\"><br \/>\n            kotimaa<br \/>\n        <\/strong><br \/>\n        18.8. 19:52\n    <\/p>\n<p>    Jani Sievinen &#8211; yll\u00e4tysero: &#8221;Olisin halunnut jatkaa&#8221;<\/p>\n<p itemprop=\"description\" class=\"subtitle \">\n    Ex-uimari kertoi asiasta Instagram-p\u00e4ivityksess\u00e4\u00e4n.\n<\/p>\n<p>        <\/a><\/p>\n<p>                <img decoding=\"async\" src=\"https:\/\/www.europesays.com\/fi\/wp-content\/uploads\/2025\/09\/1926821.webp\" width=\"576\" height=\"720\" alt=\"Susanna lomailee joka vuosi Espanjan Aurinkorannikolla. \u2013 \u00c4idill\u00e4ni on t\u00e4\u00e4ll\u00e4 asunto, jossa voin viett\u00e4\u00e4 aikaa, Susanna kertoo.\" loading=\"lazy\" \/>            <\/p>\n<p>\n            Susanna lomailee joka vuosi Espanjan Aurinkorannikolla. \u2013 \u00c4idill\u00e4ni on t\u00e4\u00e4ll\u00e4 asunto, jossa voin viett\u00e4\u00e4 aikaa, Susanna kertoo.<br \/>\n            Petri Voutilainen\n        <\/p>\n<p class=\"article-content article-content-width !bg-background\">\n\u2013 Nyt on oikea<br \/>\naika palata menneisyyteen. Voin sanoa, ett\u00e4 kirjaa on kysytty minulta siit\u00e4<br \/>\nl\u00e4htien, kun suhteemme p\u00e4\u00e4ttyi. Kirjan nimen keksin pari vuotta eromme<br \/>\nj\u00e4lkeen.\u00a0<\/p>\n<p class=\"article-content article-content-width !bg-background\">\n\u2013 Silloin aika kirjalle ei ollut oikea, koska sairastuin maniaan.<\/p>\n<p>        <a itemprop=\"url\" href=\"https:\/\/www.seiska.fi\/kotimaa\/takavuosien-kohukaunottaren-shokkiyllatys\/1682620\" rel=\"nofollow noopener\" target=\"_blank\"><\/p>\n<p>\nJani Sievisen ex-vaimo\n<\/p>\n<p class=\"section-date\">\n        <strong class=\"article-section\" data-section=\"kotimaa\"><br \/>\n            kotimaa<br \/>\n        <\/strong><br \/>\n        25.4. 06:30\n    <\/p>\n<p>    Takavuosien kohukaunottaren shokkiyll\u00e4tys!<\/p>\n<p itemprop=\"description\" class=\"subtitle \">\n    Susanna oli uimari Jani Sievisen kanssa maan seuratuimpia pareja.\n<\/p>\n<p>        <\/a><\/p>\n<p>Syit\u00e4 sairauteen<\/p>\n<p class=\"article-content article-content-width !bg-background\">Susanna uskoo<br \/>\nsairastuneensa maniaan v\u00e4\u00e4r\u00e4n l\u00e4\u00e4kityksen takia. <\/p>\n<p class=\"article-content article-content-width !bg-background\">\u2013 Sairastuin<br \/>\nmolempien lasteni synnytysten j\u00e4lkeen raskauden j\u00e4lkeiseen masennukseen, jota ei<br \/>\nsiihen aikaan juurikaan ymm\u00e4rretty tai osattu hoitaa.\u00a0<\/p>\n<p class=\"article-content article-content-width !bg-background\">\n\u2013 Sain l\u00e4\u00e4kityksen, joka<br \/>\nlaukaisi minussa manian. N\u00e4in psykiatri on sanonut minulle ja pyyt\u00e4nyt<br \/>\nanteeksi, etteiv\u00e4t he osanneet hoitaa minua oikein, Susanna toteaa.<\/p>\n<p>        <a itemprop=\"url\" href=\"https:\/\/www.seiska.fi\/kotimaa\/yhteisia-oita-ja-ahkeraa-biletysta-stefan-thermanin-ja-susanna-sievisen-suhde-heratti-huomiota-helsingin-yoelamassa\/953622\" rel=\"nofollow noopener\" target=\"_blank\"><\/p>\n<p class=\"section-date\">\n        <strong class=\"article-section\" data-section=\"kotimaa\"><br \/>\n            kotimaa<br \/>\n        <\/strong><br \/>\n        11.9.2021 06:58\n    <\/p>\n<p>    Yhteisi\u00e4 \u00f6it\u00e4 ja ahkeraa biletyst\u00e4! Stefan Thermanin ja Susanna Sievisen suhde her\u00e4tti huomiota Helsingin y\u00f6el\u00e4m\u00e4ss\u00e4 <\/p>\n<p>        <\/a><\/p>\n<p class=\"article-content article-content-width !bg-background\">Kesti l\u00e4hes<br \/>\nkuusi vuotta ennen kuin Susannalle l\u00f6ydettiin oikea l\u00e4\u00e4kitys.<\/p>\n<p class=\"article-content article-content-width !bg-background\">\u2013 Sain 2011<br \/>\nl\u00e4\u00e4kityksen, jota sy\u00f6n viel\u00e4 t\u00e4n\u00e4kin p\u00e4iv\u00e4n\u00e4. Se on elinik\u00e4inen l\u00e4\u00e4kitys,<br \/>\njoka pit\u00e4\u00e4 manian ja masennuksen kurissa.<\/p>\n<p class=\"article-content article-content-width !bg-background\">\n\u2013 L\u00e4\u00e4kitys on sama, jota<br \/>\non kehunut julkisesti sosiaalisessa mediassa. Sama l\u00e4\u00e4ke on tarkoitettu my\u00f6s epilepsiaan, Susanna toteaa.<\/p>\n<p class=\"font-weight-black m-font-weight-black article-content article-content-width !bg-background\">Katso Susannan tuoreet uimapukukuvat uusimmasta Seiskasta!<\/p>\n","protected":false},"excerpt":{"rendered":"Petri Voutilainen Kesti l\u00e4hes kuusi vuotta ennen kuin Susannalle l\u00f6ydettiin oikea l\u00e4\u00e4kitys. L\u00e4hes kymmenen vuotta hiljaiseloa el\u00e4nyt ex-missi&hellip;\n","protected":false},"author":2,"featured_media":31563,"comment_status":"","ping_status":"","sticky":false,"template":"","format":"standard","meta":{"footnotes":""},"categories":[136],"tags":[407,2298,137,33,31,30,3084,408,9317,9316,32,5826,167,109],"class_list":{"0":"post-31562","1":"post","2":"type-post","3":"status-publish","4":"format-standard","5":"has-post-thumbnail","7":"category-julkkikset","8":"tag-celebrities","9":"tag-elamakerta","10":"tag-entertainment","11":"tag-fi","12":"tag-finland","13":"tag-finnish","14":"tag-jani-sievinen","15":"tag-julkkikset","16":"tag-laakitys","17":"tag-mania","18":"tag-suomi","19":"tag-susanna-sievinen","20":"tag-terveys","21":"tag-viihde"},"share_on_mastodon":{"url":"","error":""},"_links":{"self":[{"href":"https:\/\/www.europesays.com\/fi\/wp-json\/wp\/v2\/posts\/31562","targetHints":{"allow":["GET"]}}],"collection":[{"href":"https:\/\/www.europesays.com\/fi\/wp-json\/wp\/v2\/posts"}],"about":[{"href":"https:\/\/www.europesays.com\/fi\/wp-json\/wp\/v2\/types\/post"}],"author":[{"embeddable":true,"href":"https:\/\/www.europesays.com\/fi\/wp-json\/wp\/v2\/users\/2"}],"replies":[{"embeddable":true,"href":"https:\/\/www.europesays.com\/fi\/wp-json\/wp\/v2\/comments?post=31562"}],"version-history":[{"count":0,"href":"https:\/\/www.europesays.com\/fi\/wp-json\/wp\/v2\/posts\/31562\/revisions"}],"wp:featuredmedia":[{"embeddable":true,"href":"https:\/\/www.europesays.com\/fi\/wp-json\/wp\/v2\/media\/31563"}],"wp:attachment":[{"href":"https:\/\/www.europesays.com\/fi\/wp-json\/wp\/v2\/media?parent=31562"}],"wp:term":[{"taxonomy":"category","embeddable":true,"href":"https:\/\/www.europesays.com\/fi\/wp-json\/wp\/v2\/categories?post=31562"},{"taxonomy":"post_tag","embeddable":true,"href":"https:\/\/www.europesays.com\/fi\/wp-json\/wp\/v2\/tags?post=31562"}],"curies":[{"name":"wp","href":"https:\/\/api.w.org\/{rel}","templated":true}]}}