{"id":31564,"date":"2025-09-11T05:04:08","date_gmt":"2025-09-11T05:04:08","guid":{"rendered":"https:\/\/www.europesays.com\/fi\/31564\/"},"modified":"2025-09-11T05:04:08","modified_gmt":"2025-09-11T05:04:08","slug":"ensitreffit-alttarilla-morsian-jarkyttyi-alttarilla-nain-kavi-haiden-jalkeen","status":"publish","type":"post","link":"https:\/\/www.europesays.com\/fi\/31564\/","title":{"rendered":"Ensitreffit alttarilla: morsian j\u00e4rkyttyi alttarilla &#8211; n\u00e4in k\u00e4vi h\u00e4iden j\u00e4lkeen"},"content":{"rendered":"<p>Varo juonipaljastuksia! Matti ja Elisa sanoivat tahdon tv-kameroiden edess\u00e4.<\/p>\n<p class=\"article-body margin-bottom-24 px-nof-16\">Ensitreffit alttarilla -ohjelmassa tamperelainen <a class=\"article-personlink\" href=\"https:\/\/www.is.fi\/haku\/?query=Elisa\" rel=\"nofollow noopener\" target=\"_blank\">Elisa<\/a>, 40, j\u00e4rkyttyi heti alttarille p\u00e4\u00e4sty\u00e4\u00e4n.<\/p>\n<p class=\"article-body margin-bottom-24 px-nof-16\">H\u00e4n kohtasi uuden miehens\u00e4 ensimm\u00e4ist\u00e4 kertaa ja yll\u00e4ttyi n\u00e4kem\u00e4st\u00e4\u00e4n.<\/p>\n<p class=\"article-body margin-bottom-24 px-nof-16\">\u2013 Olin ehk\u00e4 v\u00e4h\u00e4n j\u00e4rkyttynyt <a class=\"article-personlink\" href=\"https:\/\/www.is.fi\/haku\/?query=Matin\" rel=\"nofollow noopener\" target=\"_blank\">Matin<\/a> sinisest\u00e4 tukasta. En ole ollut miehill\u00e4 mik\u00e4\u00e4n v\u00e4rikk\u00e4iden hiuksien yst\u00e4v\u00e4, enk\u00e4 keesien yst\u00e4v\u00e4, Elisa paljasti ohjelmassa.<\/p>\n<p class=\"article-body margin-bottom-24 px-nof-16\">My\u00f6hemmin Elisa sanoi kameralle, ettei koe kumppaniaan kohtaan suurta vetovoimaa.<\/p>\n<p class=\"article-body margin-bottom-24 px-nof-16\">Varo juonipaljastuksia!<\/p>\n<p class=\"article-body margin-bottom-24 px-nof-16\">Elisan mietteet ovat muuttuneet h\u00e4\u00e4p\u00e4iv\u00e4n j\u00e4lkeisen\u00e4 aamuna. H\u00e4\u00e4matkajakso on jo n\u00e4ht\u00e4viss\u00e4 MTV.n Katsomo+ -palvelussa.<\/p>\n<p class=\"article-body margin-bottom-24 px-nof-16\">\u2013\u2009Ei tuntunut oudolta her\u00e4\u00e4minen Matin kanssa, h\u00e4n kertoo.<\/p>\n<p class=\"article-body margin-bottom-24 px-nof-16\">Elisa ep\u00e4ilee, ett\u00e4 he ovat Matin kanssa molemmat tarkkailijoita ja l\u00e4heisyys kyll\u00e4 l\u00f6ytyy, kunhan sille annetaan aikaa.<\/p>\n<p class=\"article-body margin-bottom-24 px-nof-16\">Matti sai Elisalta huomenlahjaksi morsiamen k\u00e4ytt\u00f6ohjekirjan.<\/p>\n<p class=\"article-body margin-bottom-24 px-nof-16\">\u2013\u2009Hyv\u00e4 antaa sellainen, kun tutustutaan niin nopeasti, Elisa perustelee lahjaansa.<\/p>\n<p class=\"article-body margin-bottom-24 px-nof-16\">Mattia lahja huvittaa.<\/p>\n<p class=\"article-body margin-bottom-24 px-nof-16\">\u2013\u2009T\u00e4m\u00e4 antaa viestin, ett\u00e4 h\u00e4n on hauska tyyppi, Matti hymyilee.<\/p>\n<p class=\"article-body margin-bottom-24 px-nof-16\">Pari ei kuitenkaan p\u00e4\u00e4se h\u00e4\u00e4matkalle.<\/p>\n<p class=\"article-body margin-bottom-24 px-nof-16\">\u2013\u2009Matin t\u00f6iden vuoksi Elisa ja Matti p\u00e4\u00e4sev\u00e4t aloittamaan suhdetta yhteenmuutosta. Heid\u00e4n h\u00e4\u00e4matkansa koittaa vasta my\u00f6hemmin, kun Matin ty\u00f6t on ensin hoidettu, pariterapeutti <a class=\"article-personlink\" href=\"https:\/\/www.is.fi\/haku\/?query=Hanna%20Myllymaa\" rel=\"nofollow noopener\" target=\"_blank\">Hanna Myllymaa<\/a> sanoo jaksossa.<\/p>\n<p class=\"article-body margin-bottom-24 px-nof-16\">Elisan l\u00e4htee mielell\u00e4\u00e4n Matin luokse. H\u00e4n jopa suunnittelee tavallista n\u00e4ytt\u00e4v\u00e4mp\u00e4\u00e4 sis\u00e4\u00e4ntuloa.<\/p>\n<p class=\"article-body margin-bottom-24 px-nof-16\">\u2013\u2009En tied\u00e4, mik\u00e4 minussa on vikana, mutta haluisin niin karauttaa Matin pihaan pakettiautolla. Katsoa sen ilmett\u00e4, kun avaisin takaluukun ja se olisi t\u00e4ynn\u00e4 pahvilaatikoita. Mit\u00e4h\u00e4n se sanoisi? Elisa pohtii.<\/p>\n<p class=\"article-body margin-bottom-24 px-nof-16\">Elisa uskoo, ett\u00e4 he tulevat hyvin toimeen Matin kanssa.<\/p>\n<p class=\"article-body margin-bottom-24 px-nof-16\">\u2013\u2009Ihailen Matissa h\u00e4nen huumorintajuaan ja sit\u00e4, ett\u00e4 ei tarvitse yritt\u00e4\u00e4 olla muuta kuin on.<\/p>\n<p class=\"article-body margin-bottom-24 px-nof-16\">Tamperelainen Elisa on nainen, jolle el\u00e4m\u00e4 on yksi iso leikkikentt\u00e4 t\u00e4ynn\u00e4 uusia ideoita ja mahdollisuuksia. Arkkitehtiopintojaan viimeistelev\u00e4 Elisa on muuttanut el\u00e4m\u00e4ns\u00e4 aikana 23 kertaa, ja erilaisia ammattejakin on plakkarissa jo monta, aina vaatetusalan artesaanista laivakokkiin.<\/p>\n<p class=\"article-body margin-bottom-24 px-nof-16\">Espoolainen Matti on musiikkialan moniottelija, jonka el\u00e4m\u00e4n keski\u00f6ss\u00e4 on luovuus ja sis\u00e4ll\u00e4 soivat laulut. Tultuaan parikymppisen\u00e4 is\u00e4ksi musiikin lis\u00e4ksi juuri isyys on m\u00e4\u00e4ritt\u00e4nyt h\u00e4nen identiteetti\u00e4\u00e4n isosti. Nyt edess\u00e4 onkin uusi risteyskohta \u2013 kun lapset ovat jo lent\u00e4m\u00e4ss\u00e4 pois pes\u00e4st\u00e4, on hyv\u00e4 hetki pys\u00e4hty\u00e4 itsens\u00e4 \u00e4\u00e4reen ja pohtia, olisiko juuri nyt otollinen aika tavata el\u00e4m\u00e4ns\u00e4 rakkaus.<\/p>\n<p class=\"article-body nof-ui-body-medium margin-bottom-24 px-nof-16\">Ensitreffit alttarilla katsottavissa MTV Katsomo+\u00a011.9. ja MTV Katsomosta\u00a025.9.<\/p>\n","protected":false},"excerpt":{"rendered":"Varo juonipaljastuksia! Matti ja Elisa sanoivat tahdon tv-kameroiden edess\u00e4. Ensitreffit alttarilla -ohjelmassa tamperelainen Elisa, 40, j\u00e4rkyttyi heti alttarille&hellip;\n","protected":false},"author":2,"featured_media":31565,"comment_status":"","ping_status":"","sticky":false,"template":"","format":"standard","meta":{"footnotes":""},"categories":[133],"tags":[137,33,31,30,34,32,206,156,109],"class_list":{"0":"post-31564","1":"post","2":"type-post","3":"status-publish","4":"format-standard","5":"has-post-thumbnail","7":"category-televisiot","8":"tag-entertainment","9":"tag-fi","10":"tag-finland","11":"tag-finnish","12":"tag-ilta-sanomat","13":"tag-suomi","14":"tag-televisiot","15":"tag-tv","16":"tag-viihde"},"share_on_mastodon":{"url":"","error":""},"_links":{"self":[{"href":"https:\/\/www.europesays.com\/fi\/wp-json\/wp\/v2\/posts\/31564","targetHints":{"allow":["GET"]}}],"collection":[{"href":"https:\/\/www.europesays.com\/fi\/wp-json\/wp\/v2\/posts"}],"about":[{"href":"https:\/\/www.europesays.com\/fi\/wp-json\/wp\/v2\/types\/post"}],"author":[{"embeddable":true,"href":"https:\/\/www.europesays.com\/fi\/wp-json\/wp\/v2\/users\/2"}],"replies":[{"embeddable":true,"href":"https:\/\/www.europesays.com\/fi\/wp-json\/wp\/v2\/comments?post=31564"}],"version-history":[{"count":0,"href":"https:\/\/www.europesays.com\/fi\/wp-json\/wp\/v2\/posts\/31564\/revisions"}],"wp:featuredmedia":[{"embeddable":true,"href":"https:\/\/www.europesays.com\/fi\/wp-json\/wp\/v2\/media\/31565"}],"wp:attachment":[{"href":"https:\/\/www.europesays.com\/fi\/wp-json\/wp\/v2\/media?parent=31564"}],"wp:term":[{"taxonomy":"category","embeddable":true,"href":"https:\/\/www.europesays.com\/fi\/wp-json\/wp\/v2\/categories?post=31564"},{"taxonomy":"post_tag","embeddable":true,"href":"https:\/\/www.europesays.com\/fi\/wp-json\/wp\/v2\/tags?post=31564"}],"curies":[{"name":"wp","href":"https:\/\/api.w.org\/{rel}","templated":true}]}}