{"id":315646,"date":"2026-08-02T21:36:12","date_gmt":"2026-08-02T21:36:12","guid":{"rendered":"https:\/\/www.europesays.com\/fi\/315646\/"},"modified":"2026-08-02T21:36:12","modified_gmt":"2026-08-02T21:36:12","slug":"imatralla-palaa-vanha-koulu-alueella-leviaa-haitallista-savua-ilmaan-uutisia-lyhyesti","status":"publish","type":"post","link":"https:\/\/www.europesays.com\/fi\/315646\/","title":{"rendered":"Imatralla palaa vanha koulu \u2013 alueella levi\u00e4\u00e4 haitallista savua ilmaan | Uutisia lyhyesti"},"content":{"rendered":"<p class=\"aw__sc-1qwuw0s-0 aw__sc-1vg2sqm-0 epAWpq ecELkD yle__article__paragraph\">Alueelle on annettu vaaratiedote.<\/p>\n<p>Imatralla palaa Linnalan vanha koulurakennus.<\/p>\n<p>2.8. 23:34\u2022P\u00e4ivitetty 0:07<\/p>\n<p class=\"aw__sc-1qwuw0s-0 aw__sc-ngllmo-0 epAWpq fzYpjk yle__article__paragraph\">Imatran Mansikkalassa palaa vanha koulurakennus.<\/p>\n<p class=\"aw__sc-1qwuw0s-0 aw__sc-ngllmo-0 epAWpq fzYpjk yle__article__paragraph\">Ylen paikalla olleen toimittajan mukaan kyseess\u00e4 on Linnalan vanha koulu. Rakennus ei ole ollut kouluk\u00e4yt\u00f6ss\u00e4 muutamaan vuoteen.<\/p>\n<p class=\"aw__sc-1qwuw0s-0 aw__sc-ngllmo-0 epAWpq fzYpjk yle__article__paragraph\">Pelastuslaitoksen mukaan palosta levi\u00e4\u00e4 terveydelle haitallista savua ilmaan. Alueelle on annettu vaaratiedote.<\/p>\n<p class=\"aw__sc-1qwuw0s-0 aw__sc-ngllmo-0 epAWpq fzYpjk yle__article__paragraph\">Alueen ihmisi\u00e4 kehotetaan pysym\u00e4\u00e4n sis\u00e4tiloissa ja sulkemaan ilmanvaihto sek\u00e4 odottamaan tiedotetta vaaratilanteen p\u00e4\u00e4ttymisest\u00e4.<\/p>\n<p class=\"aw__sc-1qwuw0s-0 aw__sc-ngllmo-0 epAWpq fzYpjk yle__article__paragraph\">Alueella liikkumista kehotetaan v\u00e4ltt\u00e4m\u00e4\u00e4n.<\/p>\n<p><img decoding=\"async\" alt=\"Vanha koulurakennus palaa Imatralla.\" src=\"https:\/\/www.europesays.com\/fi\/wp-content\/uploads\/2026\/08\/1785703904.jpeg\" loading=\"lazy\" class=\"aw__sc-dklauk-0 LPzKX\"\/><\/p>\n<p>Avaa kuvien katselu<\/p>\n<p>Linnalan vanha koulurakennus oli ilmiliekeiss\u00e4 sunnuntai-iltana. Kuva: Vesa Winberg \/ Yle<\/p>\n<p class=\"aw__sc-1qwuw0s-0 aw__sc-ngllmo-0 epAWpq fzYpjk yle__article__paragraph\">Uutinen p\u00e4ivittyy.<\/p>\n","protected":false},"excerpt":{"rendered":"Alueelle on annettu vaaratiedote. Imatralla palaa Linnalan vanha koulurakennus. 2.8. 23:34\u2022P\u00e4ivitetty 0:07 Imatran Mansikkalassa palaa vanha koulurakennus. Ylen&hellip;\n","protected":false},"author":2,"featured_media":315647,"comment_status":"","ping_status":"","sticky":false,"template":"","format":"standard","meta":{"footnotes":"","_share_on_mastodon":"0"},"categories":[12],"tags":[22,23,1302,26,27,33,31,30,17,736,71,24,25,28,29,15,837,18,21,32,19,20,1265,16],"class_list":["post-315646","post","type-post","status-publish","format-standard","has-post-thumbnail","category-suomi","tag-breaking-news","tag-breakingnews","tag-etela-karjala","tag-featured-news","tag-featurednews","tag-fi","tag-finland","tag-finnish","tag-headlines","tag-imatra","tag-kotimaa","tag-latest-news","tag-latestnews","tag-main-news","tag-mainnews","tag-news","tag-onnettomuudet","tag-otsikot","tag-paauutiset","tag-suomi","tag-top-stories","tag-topstories","tag-tulipalot","tag-uutiset"],"share_on_mastodon":{"url":"https:\/\/pubeurope.com\/@fi\/117028073918564685","error":""},"_links":{"self":[{"href":"https:\/\/www.europesays.com\/fi\/wp-json\/wp\/v2\/posts\/315646","targetHints":{"allow":["GET"]}}],"collection":[{"href":"https:\/\/www.europesays.com\/fi\/wp-json\/wp\/v2\/posts"}],"about":[{"href":"https:\/\/www.europesays.com\/fi\/wp-json\/wp\/v2\/types\/post"}],"author":[{"embeddable":true,"href":"https:\/\/www.europesays.com\/fi\/wp-json\/wp\/v2\/users\/2"}],"replies":[{"embeddable":true,"href":"https:\/\/www.europesays.com\/fi\/wp-json\/wp\/v2\/comments?post=315646"}],"version-history":[{"count":0,"href":"https:\/\/www.europesays.com\/fi\/wp-json\/wp\/v2\/posts\/315646\/revisions"}],"wp:featuredmedia":[{"embeddable":true,"href":"https:\/\/www.europesays.com\/fi\/wp-json\/wp\/v2\/media\/315647"}],"wp:attachment":[{"href":"https:\/\/www.europesays.com\/fi\/wp-json\/wp\/v2\/media?parent=315646"}],"wp:term":[{"taxonomy":"category","embeddable":true,"href":"https:\/\/www.europesays.com\/fi\/wp-json\/wp\/v2\/categories?post=315646"},{"taxonomy":"post_tag","embeddable":true,"href":"https:\/\/www.europesays.com\/fi\/wp-json\/wp\/v2\/tags?post=315646"}],"curies":[{"name":"wp","href":"https:\/\/api.w.org\/{rel}","templated":true}]}}