{"id":315674,"date":"2026-08-02T22:29:11","date_gmt":"2026-08-02T22:29:11","guid":{"rendered":"https:\/\/www.europesays.com\/fi\/315674\/"},"modified":"2026-08-02T22:29:11","modified_gmt":"2026-08-02T22:29:11","slug":"sami-pajarin-voittoa-juhlittiin-jyvaskylan-paraatiaukiolla-pelkosen-perhe-kiitteli-mm-rallin-oheistarjontaa-keski-suomi","status":"publish","type":"post","link":"https:\/\/www.europesays.com\/fi\/315674\/","title":{"rendered":"Sami Pajarin voittoa juhlittiin Jyv\u00e4skyl\u00e4n Paraatiaukiolla \u2013\u2009Pelkosen perhe kiitteli MM-rallin oheistarjontaa | Keski-Suomi"},"content":{"rendered":"<p>Vaikka yleis\u00f6 nautti suomalaiskuskin menestyksest\u00e4, monille j\u00e4i p\u00e4\u00e4llimm\u00e4isen\u00e4 mieleen Sebastien Ogierin ulosajo.<\/p>\n<p>Rallikuskit ajoivat Himoksen palkintojenjaon j\u00e4lkeen Jyv\u00e4skyl\u00e4n Paraatiaukiolle tervehtim\u00e4\u00e4n kansaa. Toyotan tallin ja Suomen liput liehuivat, kun <strong>Sami Pajari <\/strong>ja kartturi <strong>Marko Salminen <\/strong>kaasuttivat yleis\u00f6n keskelle. Iso osa ihmisist\u00e4 keskittyi kuvaamaan tilannetta puhelimillaan, mik\u00e4 v\u00e4h\u00e4n latisti parasta m\u00f6k\u00e4\u00e4. Vihellyksi\u00e4 ja taputuksia kuitenkin annettiin.<\/p>\n<p>\u2013\u2009En ehk\u00e4 ole tajunnut viel\u00e4, mit\u00e4 me tehtiin. Me oikeasti voitettiin Suurajot, Pajari iloitsi ja kiitteli p\u00e4tkill\u00e4 kannustanutta yleis\u00f6\u00e4.<\/p>\n<p>Jyv\u00e4skyl\u00e4n kaupunginjohtaja <strong>Timo Koivisto<\/strong> ja kaupunginhallituksen puheenjohtaja<strong> Jukka H\u00e4m\u00e4l\u00e4inen <\/strong>ojensivat kilpailijoille muistamisia, jotka olivat Aalto-tuotteita.<\/p>\n<p>\t\t<a class=\"diks-gallery__link\" href=\"https:\/\/i.media.fi\/incoming\/ti4c38\/11596009.jpg\/alternates\/FREE_1440\/11596009.jpg\" data-thumbnail=\"\" data-sub-html=\"Sami Pajari moikkasi Paraatiaukiolle saapuneita faneja. Iina Kautto\" aria-label=\"Katso isompi kuva\" rel=\"nofollow noopener\" target=\"_blank\"><br \/>\n\t\t\t\t<img class=\"diks-figure__image\" src=\"https:\/\/www.europesays.com\/fi\/wp-content\/uploads\/2026\/08\/11596009.jpg\" loading=\"lazy\" decoding=\"sync\" alt=\"\"\/><\/p>\n<p>\t\t\t<\/a><br \/>\n\t\t\t\t\tSami Pajari moikkasi Paraatiaukiolle saapuneita faneja. Iina Kautto<\/p>\n","protected":false},"excerpt":{"rendered":"Vaikka yleis\u00f6 nautti suomalaiskuskin menestyksest\u00e4, monille j\u00e4i p\u00e4\u00e4llimm\u00e4isen\u00e4 mieleen Sebastien Ogierin ulosajo. Rallikuskit ajoivat Himoksen palkintojenjaon j\u00e4lkeen Jyv\u00e4skyl\u00e4n&hellip;\n","protected":false},"author":2,"featured_media":315675,"comment_status":"","ping_status":"","sticky":false,"template":"","format":"standard","meta":{"footnotes":"","_share_on_mastodon":"0"},"categories":[5],"tags":[22,23,26,27,33,31,30,17,425,6625,4673,99,24,25,41,28,29,3200,15,18,21,32,679,19,20,16],"class_list":["post-315674","post","type-post","status-publish","format-standard","has-post-thumbnail","category-otsikot","tag-breaking-news","tag-breakingnews","tag-featured-news","tag-featurednews","tag-fi","tag-finland","tag-finnish","tag-headlines","tag-jyvaskyla","tag-jyvaskylan-mm-ralli","tag-kalle-rovanpera","tag-lapset","tag-latest-news","tag-latestnews","tag-liikunta-ja-urheilu","tag-main-news","tag-mainnews","tag-metsa","tag-news","tag-otsikot","tag-paauutiset","tag-suomi","tag-terveydenhuollon-toimintalaitokset","tag-top-stories","tag-topstories","tag-uutiset"],"share_on_mastodon":{"url":"https:\/\/pubeurope.com\/@fi\/117028282072154322","error":""},"_links":{"self":[{"href":"https:\/\/www.europesays.com\/fi\/wp-json\/wp\/v2\/posts\/315674","targetHints":{"allow":["GET"]}}],"collection":[{"href":"https:\/\/www.europesays.com\/fi\/wp-json\/wp\/v2\/posts"}],"about":[{"href":"https:\/\/www.europesays.com\/fi\/wp-json\/wp\/v2\/types\/post"}],"author":[{"embeddable":true,"href":"https:\/\/www.europesays.com\/fi\/wp-json\/wp\/v2\/users\/2"}],"replies":[{"embeddable":true,"href":"https:\/\/www.europesays.com\/fi\/wp-json\/wp\/v2\/comments?post=315674"}],"version-history":[{"count":0,"href":"https:\/\/www.europesays.com\/fi\/wp-json\/wp\/v2\/posts\/315674\/revisions"}],"wp:featuredmedia":[{"embeddable":true,"href":"https:\/\/www.europesays.com\/fi\/wp-json\/wp\/v2\/media\/315675"}],"wp:attachment":[{"href":"https:\/\/www.europesays.com\/fi\/wp-json\/wp\/v2\/media?parent=315674"}],"wp:term":[{"taxonomy":"category","embeddable":true,"href":"https:\/\/www.europesays.com\/fi\/wp-json\/wp\/v2\/categories?post=315674"},{"taxonomy":"post_tag","embeddable":true,"href":"https:\/\/www.europesays.com\/fi\/wp-json\/wp\/v2\/tags?post=315674"}],"curies":[{"name":"wp","href":"https:\/\/api.w.org\/{rel}","templated":true}]}}