{"id":315692,"date":"2026-08-02T23:18:14","date_gmt":"2026-08-02T23:18:14","guid":{"rendered":"https:\/\/www.europesays.com\/fi\/315692\/"},"modified":"2026-08-02T23:18:14","modified_gmt":"2026-08-02T23:18:14","slug":"apple-iphone-air-2n-ominaisuuksista-vuoti-tietoja","status":"publish","type":"post","link":"https:\/\/www.europesays.com\/fi\/315692\/","title":{"rendered":"Apple iPhone Air 2:n ominaisuuksista vuoti tietoja"},"content":{"rendered":"<p>iPhone Air 2 saattaa saada tehokkaan A20 Pro -piirin<\/p>\n<p><a href=\"https:\/\/muropaketti.com\/avainsana\/apple\/\" rel=\"nofollow noopener\" target=\"_blank\">Apple<\/a> julkaisee toisen sukupolven iPhone Air -mallin mahdollisesti vuoden 2027 ensimm\u00e4isell\u00e4 nelj\u00e4nneksell\u00e4, kertoo analyytikko Jeff Pu uudessa sijoittajaraportissaan. Kyseess\u00e4 on toistaiseksi huhu, eik\u00e4 Apple ole vahvistanut laitteen olemassaoloa.<\/p>\n<p><a href=\"https:\/\/www.macrumors.com\/2026\/07\/31\/iphone-air-2-five-new-features-rumored\/\" target=\"_blank\" rel=\"noreferrer noopener nofollow\">Macrumorsin jakaman<\/a> tiedon mukaan iPhone Air 2 k\u00e4ytt\u00e4isi samaa A20 Pro -j\u00e4rjestelm\u00e4piiri\u00e4 kuin iPhone 18 Pro- ja Pro Max -mallit. Piiri valmistettaisiin TSMC 2 nanometrin prosessilla. Lis\u00e4ksi puhelimen kerrotaan saavan aiempaa pienemm\u00e4n Dynamic Island -alueen sek\u00e4 48 megapikselin ultralaajakulmakameran.<\/p>\n<p>My\u00f6s langattomiin yhteyksiin olisi luvassa uudistuksia. Uuden N2-verkkopiirin odotetaan parantavan muun muassa AirDropin ja Personal Hotspotin toimintaa. 5G-yhteyksist\u00e4 puolestaan vastaisi Applen oma C2-modeemi.<\/p>\n<p>Muiden ominaisuuksien kerrotaan s\u00e4ilyv\u00e4n pitk\u00e4lti ennallaan. Pu arvioi iPhone Air 2 sis\u00e4lt\u00e4v\u00e4n 6,5 tuuman n\u00e4yt\u00f6n, 12 gigatavua keskusmuistia sek\u00e4 18 megapikselin etukameran. Koska kyse on analyytikon ennusteesta, tiedot voivat viel\u00e4 muuttua ennen mahdollista julkaisua.<\/p>\n","protected":false},"excerpt":{"rendered":"iPhone Air 2 saattaa saada tehokkaan A20 Pro -piirin Apple julkaisee toisen sukupolven iPhone Air -mallin mahdollisesti vuoden&hellip;\n","protected":false},"author":2,"featured_media":315693,"comment_status":"","ping_status":"","sticky":false,"template":"","format":"standard","meta":{"footnotes":"","_share_on_mastodon":"0"},"categories":[76],"tags":[1029,79,77,33,31,30,32,78],"class_list":["post-315692","post","type-post","status-publish","format-standard","has-post-thumbnail","category-talous","tag-apple","tag-business","tag-economy","tag-fi","tag-finland","tag-finnish","tag-suomi","tag-talous"],"share_on_mastodon":{"url":"https:\/\/pubeurope.com\/@fi\/117028474501402013","error":""},"_links":{"self":[{"href":"https:\/\/www.europesays.com\/fi\/wp-json\/wp\/v2\/posts\/315692","targetHints":{"allow":["GET"]}}],"collection":[{"href":"https:\/\/www.europesays.com\/fi\/wp-json\/wp\/v2\/posts"}],"about":[{"href":"https:\/\/www.europesays.com\/fi\/wp-json\/wp\/v2\/types\/post"}],"author":[{"embeddable":true,"href":"https:\/\/www.europesays.com\/fi\/wp-json\/wp\/v2\/users\/2"}],"replies":[{"embeddable":true,"href":"https:\/\/www.europesays.com\/fi\/wp-json\/wp\/v2\/comments?post=315692"}],"version-history":[{"count":0,"href":"https:\/\/www.europesays.com\/fi\/wp-json\/wp\/v2\/posts\/315692\/revisions"}],"wp:featuredmedia":[{"embeddable":true,"href":"https:\/\/www.europesays.com\/fi\/wp-json\/wp\/v2\/media\/315693"}],"wp:attachment":[{"href":"https:\/\/www.europesays.com\/fi\/wp-json\/wp\/v2\/media?parent=315692"}],"wp:term":[{"taxonomy":"category","embeddable":true,"href":"https:\/\/www.europesays.com\/fi\/wp-json\/wp\/v2\/categories?post=315692"},{"taxonomy":"post_tag","embeddable":true,"href":"https:\/\/www.europesays.com\/fi\/wp-json\/wp\/v2\/tags?post=315692"}],"curies":[{"name":"wp","href":"https:\/\/api.w.org\/{rel}","templated":true}]}}